{"id":17063,"date":"2024-12-27T11:46:46","date_gmt":"2024-12-27T11:46:46","guid":{"rendered":"https:\/\/millitv.net\/?p=17063"},"modified":"2024-12-27T11:46:46","modified_gmt":"2024-12-27T11:46:46","slug":"hokum%C9%99nin-c%C9%99naz%C9%99si-az%C9%99rbaycana-n%C9%99-zaman-g%C9%99tiril%C9%99c%C9%99k-atasi-aciqladi","status":"publish","type":"post","link":"https:\/\/millitv.net\/?p=17063","title":{"rendered":"H\u00f6k\u00fcm\u0259nin c\u0259naz\u0259si Az\u0259rbaycana n\u0259 zaman g\u0259tiril\u0259c\u0259k? &#8211;\u00a0Atas\u0131 a\u00e7\u0131qlad\u0131"},"content":{"rendered":"\n<p><strong>&#8220;Q\u0131z\u0131m\u0131n n\u0259\u015fi h\u0259l\u0259 Az\u0259rbaycana g\u0259tirilm\u0259yib. Bu g\u00fcn ya ax\u015fam, ya da sabah s\u0259h\u0259r saatlar\u0131nda g\u0259tiril\u0259c\u0259k&#8221;.<\/strong><\/p>\n\n\n\n<p>Bu s\u00f6zl\u0259ri&nbsp;<a target=\"_blank\" href=\"https:\/\/teleqraf.com\/\" rel=\"noreferrer noopener\">Teleqraf.com<\/a>-a a\u00e7\u0131qlamas\u0131nda AZAL-\u0131n q\u0259zaya u\u011frayan t\u0259yyar\u0259sinin h\u0259lak olmu\u015f ekipaj \u00fczv\u00fc H\u00f6k\u00fcm\u0259 \u018fliyevan\u0131n atas\u0131 C\u0259lil \u018fliyev deyib.<\/p>\n\n\n\n<p>&#8220;Q\u0131z\u0131m Prezident \u0130lham \u018fliyevin g\u00f6st\u0259ri\u015fi il\u0259 ll F\u0259xri xiyabanda d\u0259fn edil\u0259c\u0259k. Bu haqda biz\u0259 Nazirl\u0259r Kabinetind\u0259n m\u0259lumat verildi&#8221;, &#8211; dey\u0259 bildirib.<\/p>\n","protected":false},"excerpt":{"rendered":"<p>&#8220;Q\u0131z\u0131m\u0131n n\u0259\u015fi h\u0259l\u0259 Az\u0259rbaycana g\u0259tirilm\u0259yib. Bu g\u00fcn ya ax\u015fam, ya da sabah s\u0259h\u0259r saatlar\u0131nda g\u0259tiril\u0259c\u0259k&#8221;. Bu s\u00f6zl\u0259ri&nbsp;Teleqraf.com-a a\u00e7\u0131qlamas\u0131nda AZAL-\u0131n q\u0259zaya u\u011frayan t\u0259yyar\u0259sinin h\u0259lak olmu\u015f ekipaj \u00fczv\u00fc H\u00f6k\u00fcm\u0259 \u018fliyevan\u0131n atas\u0131 C\u0259lil \u018fliyev deyib. &#8220;Q\u0131z\u0131m Prezident \u0130lham \u018fliyevin g\u00f6st\u0259ri\u015fi il\u0259 ll F\u0259xri xiyabanda d\u0259fn edil\u0259c\u0259k. Bu haqda biz\u0259 Nazirl\u0259r Kabinetind\u0259n m\u0259lumat verildi&#8221;, &#8211; dey\u0259 bildirib.<\/p>\n","protected":false},"author":1,"featured_media":17064,"comment_status":"open","ping_status":"closed","sticky":false,"template":"","format":"standard","meta":{"footnotes":""},"categories":[3],"tags":[],"class_list":["post-17063","post","type-post","status-publish","format-standard","has-post-thumbnail","hentry","category-olke"],"_links":{"self":[{"href":"https:\/\/millitv.net\/index.php?rest_route=\/wp\/v2\/posts\/17063","targetHints":{"allow":["GET"]}}],"collection":[{"href":"https:\/\/millitv.net\/index.php?rest_route=\/wp\/v2\/posts"}],"about":[{"href":"https:\/\/millitv.net\/index.php?rest_route=\/wp\/v2\/types\/post"}],"author":[{"embeddable":true,"href":"https:\/\/millitv.net\/index.php?rest_route=\/wp\/v2\/users\/1"}],"replies":[{"embeddable":true,"href":"https:\/\/millitv.net\/index.php?rest_route=%2Fwp%2Fv2%2Fcomments&post=17063"}],"version-history":[{"count":1,"href":"https:\/\/millitv.net\/index.php?rest_route=\/wp\/v2\/posts\/17063\/revisions"}],"predecessor-version":[{"id":17065,"href":"https:\/\/millitv.net\/index.php?rest_route=\/wp\/v2\/posts\/17063\/revisions\/17065"}],"wp:featuredmedia":[{"embeddable":true,"href":"https:\/\/millitv.net\/index.php?rest_route=\/wp\/v2\/media\/17064"}],"wp:attachment":[{"href":"https:\/\/millitv.net\/index.php?rest_route=%2Fwp%2Fv2%2Fmedia&parent=17063"}],"wp:term":[{"taxonomy":"category","embeddable":true,"href":"https:\/\/millitv.net\/index.php?rest_route=%2Fwp%2Fv2%2Fcategories&post=17063"},{"taxonomy":"post_tag","embeddable":true,"href":"https:\/\/millitv.net\/index.php?rest_route=%2Fwp%2Fv2%2Ftags&post=17063"}],"curies":[{"name":"wp","href":"https:\/\/api.w.org\/{rel}","templated":true}]}}