{"id":17059,"date":"2024-12-27T11:28:05","date_gmt":"2024-12-27T11:28:05","guid":{"rendered":"https:\/\/millitv.net\/?p=17059"},"modified":"2024-12-27T11:28:06","modified_gmt":"2024-12-27T11:28:06","slug":"q%C9%99zadan-sag-cixan-b%C9%99l%C9%99dci-pilotlar-2-secim-qarsisinda-idil%C9%99r-video","status":"publish","type":"post","link":"https:\/\/millitv.net\/?p=17059","title":{"rendered":"Q\u0259zadan sa\u011f \u00e7\u0131xan b\u0259l\u0259d\u00e7i: &#8220;Pilotlar 2 se\u00e7im qar\u015f\u0131s\u0131nda idil\u0259r&#8221;-V\u0130DEO"},"content":{"rendered":"\n<p><strong>Aktauda q\u0259zaya u\u011frayan AZAL-a m\u0259xsus s\u0259rni\u015fin t\u0259yyar\u0259sind\u0259 olan ekipaj \u00fczv\u00fc Z\u00fclf\u00fcqar \u018fsadov hadis\u0259nin ba\u015f verm\u0259 an\u0131ndan dan\u0131\u015f\u0131b. \u00a0<\/strong><\/p>\n\n\n\n<p>Millitv.net-in<strong>\u00a0<\/strong>\u201capa.az\u201da istinad\u0259n m\u0259lumat\u0131na g\u00f6r\u0259, haz\u0131rda x\u0259st\u0259xanada olan Z.\u018fs\u0259dov 1988-ci ild\u0259n b\u0259ri t\u0259yyar\u0259 b\u0259l\u0259d\u00e7isi olaraq \u00e7al\u0131\u015fd\u0131\u011f\u0131n\u0131 bildirib.\u00a0<br><br><strong>O qeyd edib ki, t\u0259yyar\u0259 eni\u015f ed\u0259n zaman havada qat\u0131 duman olub:\u00a0<\/strong><br><br>\u201cPilot g\u00f6rd\u00fc ki, eni\u015f etm\u0259k \u00fc\u00e7\u00fcn yer g\u00f6r\u00fcnm\u00fcr. Buna g\u00f6r\u0259 d\u0259 yenid\u0259n havaya qalxd\u0131. Havada d\u00f6vr etdikd\u0259n sonra yenid\u0259n eni\u015f\u0259 c\u0259hd etdi, amma al\u0131nmad\u0131. Bundan sonra o m\u0259cbur olub havaya qalxd\u0131 v\u0259 ba\u015fqa istiqam\u0259t\u0259 yol ald\u0131. Biz geriy\u0259 qay\u0131dan zaman \u00e7\u00f6l hiss\u0259d\u0259n q\u0259rib\u0259, z\u0259rb\u0259y\u0259b\u0259nz\u0259r s\u0259s g\u0259ldi. M\u0259n v\u0259 Aydan xan\u0131m tez salona \u00e7\u0131xd\u0131q, insanlar\u0131 sakitl\u0259\u015fdirm\u0259y\u0259 \u00e7al\u0131\u015fd\u0131q. M\u0259n qaba\u011fa getm\u0259k ist\u0259y\u0259nd\u0259 qolumdan z\u0259rb\u0259 d\u0259ydi. El\u0259 bil kims\u0259 balta il\u0259 qolumdan vurmu\u015fdu. Qolumda d\u0259rin k\u0259sik var idi. Daha sonra is\u0259 \u00fc\u00e7\u00fcnc\u00fc z\u0259rb\u0259 s\u0259si e\u015fidildi. Biz insanlara t\u0259limat verdik ki, suya eni\u015f ed\u0259c\u0259yik v\u0259 haz\u0131r olsunlar, jiletl\u0259rini geyinsinl\u0259r\u201d. \u00a0<br><br><strong>Z\u00fclf\u00fcqar \u018fs\u0259dovun s\u00f6zl\u0259rin\u0259 g\u00f6r\u0259, daha sonra onlara ekipaj komandiri z\u0259ng ed\u0259r\u0259k onlara suya yox, quruya eni\u015f etm\u0259l\u0259ri il\u0259 ba\u011fl\u0131 m\u0259lumat verilib:\u00a0<\/strong><br>\u00a0<\/p>\n\n\n\n<blockquote class=\"wp-block-quote is-layout-flow wp-block-quote-is-layout-flow\">\n<p>\u201cFikrimc\u0259 suya eni\u015f ets\u0259ydik, sa\u011f qalan olmayacaqd\u0131. \u00c7\u00fcnki bizim t\u0259yyar\u0259nin m\u00fch\u0259rrikin\u0259 t\u0259sir g\u00f6st\u0259rilmi\u015fdi v\u0259 o suya s\u0259rt eni\u015f ets\u0259ydi, bu da\u015fa d\u0259ym\u0259kd\u0259n d\u0259 daha m\u00f6hk\u0259m olacaqd\u0131. N\u0259tic\u0259d\u0259 t\u0259yyar\u0259 par\u00e7a-par\u00e7a olacaqd\u0131. Biz m\u0259lumat\u0131 e\u015fidib s\u0259rni\u015finl\u0259ri t\u0259limatland\u0131r\u0131q. B\u00fct\u00fcn s\u0259rni\u015finl\u0259r t\u0259limata uy\u011fun h\u0259r\u0259k\u0259t etdi.&nbsp;<\/p>\n<\/blockquote>\n\n\n\n<p><br>Pilotlar \u00e7ox \u00e7al\u0131\u015fd\u0131lar ki, t\u0259yyar\u0259ni havada saxlay\u0131b t\u0259yinat n\u00f6qt\u0259sin\u0259 q\u0259d\u0259r eni\u015fi ed\u0259 bilsinl\u0259r. Onlar bunun \u00fc\u00e7\u00fcn \u00e7ox c\u0259hd etdil\u0259r. \u0130lk olaraq da yer\u0259 \u00f6n t\u0259k\u0259rl\u0259ri vurdular. \u00c7\u00fcnki b\u00fct\u00f6v \u015f\u0259kild\u0259 yer\u0259 d\u0259ys\u0259 idi, oradan sa\u011f \u00e7\u0131xan insan olmayacaqd\u0131. Ya \u00f6n t\u0259k\u0259ri se\u00e7m\u0259li idil\u0259r, ya da arxa\u201d.\u00a0<br><br>\u018ftrafl\u0131 videomaterialda:\u00a0<\/p>\n\n\n\n<figure class=\"wp-block-embed is-type-video is-provider-youtube wp-block-embed-youtube wp-embed-aspect-4-3 wp-has-aspect-ratio\"><div class=\"wp-block-embed__wrapper\">\n<iframe loading=\"lazy\" title=\"AZAL-\u0131n b\u0259l\u0259d\u00e7isi: O q\u0259d\u0259r silk\u0259l\u0259nm\u0259 var idi ki, el\u0259 bildim \u00f6lm\u00fc\u015f\u00fck  - CANLI\" width=\"500\" height=\"375\" src=\"https:\/\/www.youtube.com\/embed\/qJC6BGmhhvA?feature=oembed\" frameborder=\"0\" allow=\"accelerometer; autoplay; clipboard-write; encrypted-media; gyroscope; picture-in-picture; web-share\" referrerpolicy=\"strict-origin-when-cross-origin\" allowfullscreen><\/iframe>\n<\/div><\/figure>\n","protected":false},"excerpt":{"rendered":"<p>Aktauda q\u0259zaya u\u011frayan AZAL-a m\u0259xsus s\u0259rni\u015fin t\u0259yyar\u0259sind\u0259 olan ekipaj \u00fczv\u00fc Z\u00fclf\u00fcqar \u018fsadov hadis\u0259nin ba\u015f verm\u0259 an\u0131ndan dan\u0131\u015f\u0131b. \u00a0 Millitv.net-in\u00a0\u201capa.az\u201da istinad\u0259n m\u0259lumat\u0131na g\u00f6r\u0259, haz\u0131rda x\u0259st\u0259xanada olan Z.\u018fs\u0259dov 1988-ci ild\u0259n b\u0259ri t\u0259yyar\u0259 b\u0259l\u0259d\u00e7isi olaraq \u00e7al\u0131\u015fd\u0131\u011f\u0131n\u0131 bildirib.\u00a0O qeyd edib ki, t\u0259yyar\u0259 eni\u015f ed\u0259n zaman havada qat\u0131 duman olub:\u00a0\u201cPilot g\u00f6rd\u00fc ki, eni\u015f etm\u0259k \u00fc\u00e7\u00fcn yer g\u00f6r\u00fcnm\u00fcr. Buna g\u00f6r\u0259 d\u0259 &hellip;<\/p>\n","protected":false},"author":1,"featured_media":17061,"comment_status":"open","ping_status":"closed","sticky":false,"template":"","format":"standard","meta":{"footnotes":""},"categories":[3],"tags":[],"class_list":["post-17059","post","type-post","status-publish","format-standard","has-post-thumbnail","hentry","category-olke"],"_links":{"self":[{"href":"https:\/\/millitv.net\/index.php?rest_route=\/wp\/v2\/posts\/17059","targetHints":{"allow":["GET"]}}],"collection":[{"href":"https:\/\/millitv.net\/index.php?rest_route=\/wp\/v2\/posts"}],"about":[{"href":"https:\/\/millitv.net\/index.php?rest_route=\/wp\/v2\/types\/post"}],"author":[{"embeddable":true,"href":"https:\/\/millitv.net\/index.php?rest_route=\/wp\/v2\/users\/1"}],"replies":[{"embeddable":true,"href":"https:\/\/millitv.net\/index.php?rest_route=%2Fwp%2Fv2%2Fcomments&post=17059"}],"version-history":[{"count":1,"href":"https:\/\/millitv.net\/index.php?rest_route=\/wp\/v2\/posts\/17059\/revisions"}],"predecessor-version":[{"id":17062,"href":"https:\/\/millitv.net\/index.php?rest_route=\/wp\/v2\/posts\/17059\/revisions\/17062"}],"wp:featuredmedia":[{"embeddable":true,"href":"https:\/\/millitv.net\/index.php?rest_route=\/wp\/v2\/media\/17061"}],"wp:attachment":[{"href":"https:\/\/millitv.net\/index.php?rest_route=%2Fwp%2Fv2%2Fmedia&parent=17059"}],"wp:term":[{"taxonomy":"category","embeddable":true,"href":"https:\/\/millitv.net\/index.php?rest_route=%2Fwp%2Fv2%2Fcategories&post=17059"},{"taxonomy":"post_tag","embeddable":true,"href":"https:\/\/millitv.net\/index.php?rest_route=%2Fwp%2Fv2%2Ftags&post=17059"}],"curies":[{"name":"wp","href":"https:\/\/api.w.org\/{rel}","templated":true}]}}