{"id":17051,"date":"2024-12-27T06:44:58","date_gmt":"2024-12-27T06:44:58","guid":{"rendered":"https:\/\/millitv.net\/?p=17051"},"modified":"2024-12-27T06:44:59","modified_gmt":"2024-12-27T06:44:59","slug":"isl%C9%99yib-pul-qazanib-yarimciq-qalan-evini-tikm%C9%99k-ist%C9%99yirdi-q%C9%99zada-oldu","status":"publish","type":"post","link":"https:\/\/millitv.net\/?p=17051","title":{"rendered":"\u0130\u015fl\u0259yib, pul qazan\u0131b yar\u0131m\u00e7\u0131q qalan evini tikm\u0259k ist\u0259yirdi,\u00a0q\u0259zada \u00f6ld\u00fc"},"content":{"rendered":"\n<p><strong>T\u0259yyar\u0259 q\u0259zas\u0131nda h\u0259lak olan 27 ya\u015fl\u0131 C\u0259lilabad rayon sakini Qo\u015fqar Sad\u0131qov d\u0259fn olunub.<\/strong><\/p>\n\n\n\n<p>Qazax\u0131stan\u0131n Aktau \u015f\u0259h\u0259ri yax\u0131nl\u0131\u011f\u0131nda AZAL-a m\u0259xsus s\u0259rni\u015fin t\u0259yyar\u0259sininin q\u0259zaya u\u011furamas\u0131 n\u0259tic\u0259sind\u0259 h\u0259lak olan C\u0259lilabad rayon Mirz\u0259li k\u0259nd sakini 1997-ci il t\u0259v\u0259ll\u00fcdl\u00fc Qo\u015fqar Furudin o\u011flu Sad\u0131qovun meyiti ail\u0259sin\u0259 t\u0259hvil verilib.<\/p>\n\n\n\n<p>M\u0259rhum vida m\u0259rasimind\u0259n sonra gec\u0259 saat 3 rad\u0259l\u0259rind\u0259 do\u011fuldu\u011fu k\u0259ndd\u0259 d\u0259fn olunub.<\/p>\n\n\n\n<p>Qeyd ed\u0259k ki, ail\u0259d\u0259 bir qarda\u015f, bir bac\u0131 olan Qo\u015fqar subay idi.<\/p>\n\n\n\n<p>O, \u00c7e\u00e7enistan\u0131n Qrozn\u0131 \u015f\u0259h\u0259rind\u0259 i\u015fl\u0259yirdi.<\/p>\n\n\n\n<figure class=\"wp-block-embed is-type-video is-provider-youtube wp-block-embed-youtube wp-embed-aspect-16-9 wp-has-aspect-ratio\"><div class=\"wp-block-embed__wrapper\">\n<iframe loading=\"lazy\" title=\"\u0130\u015fl\u0259yib, pul qazan\u0131b yar\u0131m\u00e7\u0131q qalan evini tikm\u0259k ist\u0259yirdi, q\u0259zada \u00f6ld\u00fc \u2013 APA TV\" width=\"500\" height=\"281\" src=\"https:\/\/www.youtube.com\/embed\/xu8y5r99VAk?feature=oembed\" frameborder=\"0\" allow=\"accelerometer; autoplay; clipboard-write; encrypted-media; gyroscope; picture-in-picture; web-share\" referrerpolicy=\"strict-origin-when-cross-origin\" allowfullscreen><\/iframe>\n<\/div><\/figure>\n","protected":false},"excerpt":{"rendered":"<p>T\u0259yyar\u0259 q\u0259zas\u0131nda h\u0259lak olan 27 ya\u015fl\u0131 C\u0259lilabad rayon sakini Qo\u015fqar Sad\u0131qov d\u0259fn olunub. Qazax\u0131stan\u0131n Aktau \u015f\u0259h\u0259ri yax\u0131nl\u0131\u011f\u0131nda AZAL-a m\u0259xsus s\u0259rni\u015fin t\u0259yyar\u0259sininin q\u0259zaya u\u011furamas\u0131 n\u0259tic\u0259sind\u0259 h\u0259lak olan C\u0259lilabad rayon Mirz\u0259li k\u0259nd sakini 1997-ci il t\u0259v\u0259ll\u00fcdl\u00fc Qo\u015fqar Furudin o\u011flu Sad\u0131qovun meyiti ail\u0259sin\u0259 t\u0259hvil verilib. M\u0259rhum vida m\u0259rasimind\u0259n sonra gec\u0259 saat 3 rad\u0259l\u0259rind\u0259 do\u011fuldu\u011fu k\u0259ndd\u0259 d\u0259fn olunub. Qeyd &hellip;<\/p>\n","protected":false},"author":1,"featured_media":17053,"comment_status":"open","ping_status":"closed","sticky":false,"template":"","format":"standard","meta":{"footnotes":""},"categories":[3],"tags":[],"class_list":["post-17051","post","type-post","status-publish","format-standard","has-post-thumbnail","hentry","category-olke"],"_links":{"self":[{"href":"https:\/\/millitv.net\/index.php?rest_route=\/wp\/v2\/posts\/17051","targetHints":{"allow":["GET"]}}],"collection":[{"href":"https:\/\/millitv.net\/index.php?rest_route=\/wp\/v2\/posts"}],"about":[{"href":"https:\/\/millitv.net\/index.php?rest_route=\/wp\/v2\/types\/post"}],"author":[{"embeddable":true,"href":"https:\/\/millitv.net\/index.php?rest_route=\/wp\/v2\/users\/1"}],"replies":[{"embeddable":true,"href":"https:\/\/millitv.net\/index.php?rest_route=%2Fwp%2Fv2%2Fcomments&post=17051"}],"version-history":[{"count":1,"href":"https:\/\/millitv.net\/index.php?rest_route=\/wp\/v2\/posts\/17051\/revisions"}],"predecessor-version":[{"id":17054,"href":"https:\/\/millitv.net\/index.php?rest_route=\/wp\/v2\/posts\/17051\/revisions\/17054"}],"wp:featuredmedia":[{"embeddable":true,"href":"https:\/\/millitv.net\/index.php?rest_route=\/wp\/v2\/media\/17053"}],"wp:attachment":[{"href":"https:\/\/millitv.net\/index.php?rest_route=%2Fwp%2Fv2%2Fmedia&parent=17051"}],"wp:term":[{"taxonomy":"category","embeddable":true,"href":"https:\/\/millitv.net\/index.php?rest_route=%2Fwp%2Fv2%2Fcategories&post=17051"},{"taxonomy":"post_tag","embeddable":true,"href":"https:\/\/millitv.net\/index.php?rest_route=%2Fwp%2Fv2%2Ftags&post=17051"}],"curies":[{"name":"wp","href":"https:\/\/api.w.org\/{rel}","templated":true}]}}