{"id":17024,"date":"2024-12-26T12:39:16","date_gmt":"2024-12-26T12:39:16","guid":{"rendered":"https:\/\/millitv.net\/?p=17024"},"modified":"2024-12-26T12:39:17","modified_gmt":"2024-12-26T12:39:17","slug":"hokum%C9%99nin-anasindan-ur%C9%99kdaglayan-sozl%C9%99r-hamini-qorumaq-ucun-canindan-kecdi","status":"publish","type":"post","link":"https:\/\/millitv.net\/?p=17024","title":{"rendered":"H\u00f6k\u00fcm\u0259nin anas\u0131ndan \u00fcr\u0259kda\u011flayan s\u00f6zl\u0259r:\u00a0&#8220;Ham\u0131n\u0131 qorumaq \u00fc\u00e7\u00fcn can\u0131ndan ke\u00e7di&#8221;"},"content":{"rendered":"\n<p><strong>&#8220;\u00d6vlad\u0131m ham\u0131n\u0131 qorumaq \u00fc\u00e7\u00fcn \u00f6z can\u0131ndan ke\u00e7di&#8221;.<\/strong><\/p>\n\n\n\n<p><a target=\"_blank\" href=\"https:\/\/teleqraf.com\/\" rel=\"noreferrer noopener\">Teleqraf.com<\/a>-un yerli b\u00fcrosunun verdiyi x\u0259b\u0259r\u0259 g\u00f6r\u0259, bu s\u00f6zl\u0259ri q\u0259zaya u\u011frayan t\u0259yyar\u0259d\u0259 h\u0259lak olan st\u00fcardessa H\u00f6k\u00fcm\u0259 \u018fliyevan\u0131n anas\u0131 K\u0259mal\u0259 \u018fliyeva deyib.<\/p>\n\n\n\n<p>O bildirib ki, q\u0131z\u0131n\u0131n \u00f6l\u00fcm x\u0259b\u0259ri bir m\u00fcdd\u0259t \u00f6nc\u0259 deyilib:<\/p>\n\n\n\n<p>&#8220;\u00d6vlad\u0131m ham\u0131n\u0131 qorumaq \u00fc\u00e7\u00fcn \u00f6z can\u0131ndan ke\u00e7di. Bir az olar biz\u0259 dedil\u0259r ki, H\u00f6k\u00fcm\u0259 d\u00fcnyas\u0131n\u0131 d\u0259yi\u015fib. Amma m\u0259n d\u00fcn\u0259nd\u0259n hiss etmi\u015fdim ki, q\u0131z\u0131m art\u0131q yoxdur. Q\u0131z\u0131m\u0131n c\u0259naz\u0259sinin g\u0259tirilm\u0259sini g\u00f6zl\u0259yirik. Qorxmurdu he\u00e7 n\u0259d\u0259n. D\u0259f\u0259l\u0259rl\u0259 deyirdim, t\u0259hl\u00fck\u0259li i\u015fdir, amma qorxmurdu. &#8220;Ana m\u0259n i\u015fimd\u0259n raz\u0131yam&#8221; deyirdi. 20-d\u0259n \u00e7ox \u00f6lk\u0259d\u0259 olub&#8221;.<\/p>\n\n\n\n<p>Haz\u0131rda H\u00f6k\u00fcm\u0259nin atas\u0131 C\u0259lil \u018fliyev Bak\u0131 \u015f\u0259h\u0259rind\u0259dir. X\u0259b\u0259ri e\u015fid\u0259n h\u0259r k\u0259s m\u0259rhumun ata evin\u0259 g\u0259lir. Ail\u0259y\u0259 ba\u015f sa\u011fl\u0131\u011f\u0131, az da olsa, t\u0259s\u0259lli verm\u0259y\u0259 \u00e7al\u0131\u015f\u0131r.<\/p>\n\n\n\n<p>Qeyd ed\u0259k ki, H\u00f6k\u00fcm\u0259 \u018fliyeva 1991-ci ild\u0259 anadan olub. \u018fsl\u0259n K\u0259lb\u0259c\u0259r rayonundan olsa da, Samux rayonunun Al\u0131u\u015fa\u011f\u0131 k\u0259ndind\u0259 m\u0259skunla\u015f\u0131blar. T\u0259xmin\u0259n iki il bundan \u00f6nc\u0259 ail\u0259 h\u0259yat\u0131 qurub v\u0259 Bak\u0131 \u015f\u0259h\u0259rind\u0259 ya\u015fama\u011fa ba\u015flay\u0131b, \u00f6vlad\u0131 yoxdur. 2016-c\u0131 ild\u0259n AZAL-da b\u0259l\u0259d\u00e7i kimi i\u015fl\u0259yib.<\/p>\n\n\n\n<p>H. \u018fliyevan\u0131n K\u0259lb\u0259c\u0259r rayonunda m\u0259cburi k\u00f6\u00e7k\u00fcn d\u00fc\u015f\u0259n \u015f\u0259xsl\u0259rin d\u0259fn edildiyi G\u00f6yg\u00f6l rayonunun Molla C\u0259lilli k\u0259ndind\u0259 torpa\u011fa tap\u015f\u0131r\u0131lmas\u0131 g\u00f6zl\u0259nilir.<\/p>\n","protected":false},"excerpt":{"rendered":"<p>&#8220;\u00d6vlad\u0131m ham\u0131n\u0131 qorumaq \u00fc\u00e7\u00fcn \u00f6z can\u0131ndan ke\u00e7di&#8221;. Teleqraf.com-un yerli b\u00fcrosunun verdiyi x\u0259b\u0259r\u0259 g\u00f6r\u0259, bu s\u00f6zl\u0259ri q\u0259zaya u\u011frayan t\u0259yyar\u0259d\u0259 h\u0259lak olan st\u00fcardessa H\u00f6k\u00fcm\u0259 \u018fliyevan\u0131n anas\u0131 K\u0259mal\u0259 \u018fliyeva deyib. O bildirib ki, q\u0131z\u0131n\u0131n \u00f6l\u00fcm x\u0259b\u0259ri bir m\u00fcdd\u0259t \u00f6nc\u0259 deyilib: &#8220;\u00d6vlad\u0131m ham\u0131n\u0131 qorumaq \u00fc\u00e7\u00fcn \u00f6z can\u0131ndan ke\u00e7di. Bir az olar biz\u0259 dedil\u0259r ki, H\u00f6k\u00fcm\u0259 d\u00fcnyas\u0131n\u0131 d\u0259yi\u015fib. Amma m\u0259n &hellip;<\/p>\n","protected":false},"author":1,"featured_media":17025,"comment_status":"open","ping_status":"closed","sticky":false,"template":"","format":"standard","meta":{"footnotes":""},"categories":[3],"tags":[],"class_list":["post-17024","post","type-post","status-publish","format-standard","has-post-thumbnail","hentry","category-olke"],"_links":{"self":[{"href":"https:\/\/millitv.net\/index.php?rest_route=\/wp\/v2\/posts\/17024","targetHints":{"allow":["GET"]}}],"collection":[{"href":"https:\/\/millitv.net\/index.php?rest_route=\/wp\/v2\/posts"}],"about":[{"href":"https:\/\/millitv.net\/index.php?rest_route=\/wp\/v2\/types\/post"}],"author":[{"embeddable":true,"href":"https:\/\/millitv.net\/index.php?rest_route=\/wp\/v2\/users\/1"}],"replies":[{"embeddable":true,"href":"https:\/\/millitv.net\/index.php?rest_route=%2Fwp%2Fv2%2Fcomments&post=17024"}],"version-history":[{"count":1,"href":"https:\/\/millitv.net\/index.php?rest_route=\/wp\/v2\/posts\/17024\/revisions"}],"predecessor-version":[{"id":17026,"href":"https:\/\/millitv.net\/index.php?rest_route=\/wp\/v2\/posts\/17024\/revisions\/17026"}],"wp:featuredmedia":[{"embeddable":true,"href":"https:\/\/millitv.net\/index.php?rest_route=\/wp\/v2\/media\/17025"}],"wp:attachment":[{"href":"https:\/\/millitv.net\/index.php?rest_route=%2Fwp%2Fv2%2Fmedia&parent=17024"}],"wp:term":[{"taxonomy":"category","embeddable":true,"href":"https:\/\/millitv.net\/index.php?rest_route=%2Fwp%2Fv2%2Fcategories&post=17024"},{"taxonomy":"post_tag","embeddable":true,"href":"https:\/\/millitv.net\/index.php?rest_route=%2Fwp%2Fv2%2Ftags&post=17024"}],"curies":[{"name":"wp","href":"https:\/\/api.w.org\/{rel}","templated":true}]}}