{"id":16992,"date":"2024-12-26T06:21:21","date_gmt":"2024-12-26T06:21:21","guid":{"rendered":"https:\/\/millitv.net\/?p=16992"},"modified":"2024-12-26T06:21:23","modified_gmt":"2024-12-26T06:21:23","slug":"azal-r%C9%99smisi-q%C9%99hr%C9%99man-pilotlorimiz-haqda-reysd%C9%99n-onc%C9%99-q%C9%99zadan-qacmaq-mumkun-idi","status":"publish","type":"post","link":"https:\/\/millitv.net\/?p=16992","title":{"rendered":"AZAL r\u0259smisi q\u0259hr\u0259man pilotlor\u0131m\u0131z haqda: Reysd\u0259n \u00f6nc\u0259&#8230; &#8211; Q\u0259zadan qa\u00e7maq m\u00fcmk\u00fcn idi?"},"content":{"rendered":"\n<p><strong>\u201c\u0130qor kapitan\u0131 u\u015faql\u0131qdan tan\u0131y\u0131ram. Atamla bir yerd\u0259 Yak-40 t\u0259yyar\u0259sind\u0259 i\u015fl\u0259yirdi\u201d.<\/strong><\/p>\n\n\n\n<p>bunu \u201cAz\u0259rbaycan Hava Yollar\u0131\u201d QSC-nin U\u00e7u\u015flar\u0131n T\u0259hl\u00fck\u0259sizliyi \u0130dar\u0259sinin r\u0259is m\u00fcavini F\u0259rhad N\u0259sirov deyib.<\/p>\n\n\n\n<p>\u201cKalyaninov Aleksandr bizim Milli Aviasiya Akademiyas\u0131n\u0131n m\u0259zunudur. Reysd\u0259n \u00f6nc\u0259 s\u0259h\u0259r brifinq ota\u011f\u0131nda h\u0259r iki pilotla g\u00f6r\u00fc\u015fm\u00fc\u015fd\u00fck. \u018fhval-ruhiyy\u0259l\u0259ri yax\u015f\u0131 idi, dan\u0131\u015f\u0131b-g\u00fcld\u00fck. \u018ffsuslar olsun ki, bel\u0259 bir faci\u0259 ba\u015f verib\u201d, &#8211; dey\u0259 F.N\u0259sirov bildirib.<\/p>\n\n\n\n<p>Daha \u0259trafl\u0131 \u0130TV-nin s\u00fcjetind\u0259:<\/p>\n\n\n\n<figure class=\"wp-block-embed is-type-rich is-provider-g-mme-tutucu wp-block-embed-g-mme-tutucu wp-embed-aspect-16-9 wp-has-aspect-ratio\"><div class=\"wp-block-embed__wrapper\">\n<iframe loading=\"lazy\" title=\"T\u0259yyar\u0259 q\u0259zas\u0131ndan qa\u00e7maq m\u00fcmk\u00fcn idi?\" width=\"500\" height=\"281\" src=\"https:\/\/www.youtube.com\/embed\/EIbUG_pPoLs?feature=oembed\" frameborder=\"0\" allow=\"accelerometer; autoplay; clipboard-write; encrypted-media; gyroscope; picture-in-picture; web-share\" referrerpolicy=\"strict-origin-when-cross-origin\" allowfullscreen><\/iframe>\n<\/div><\/figure>\n","protected":false},"excerpt":{"rendered":"<p>\u201c\u0130qor kapitan\u0131 u\u015faql\u0131qdan tan\u0131y\u0131ram. Atamla bir yerd\u0259 Yak-40 t\u0259yyar\u0259sind\u0259 i\u015fl\u0259yirdi\u201d. bunu \u201cAz\u0259rbaycan Hava Yollar\u0131\u201d QSC-nin U\u00e7u\u015flar\u0131n T\u0259hl\u00fck\u0259sizliyi \u0130dar\u0259sinin r\u0259is m\u00fcavini F\u0259rhad N\u0259sirov deyib. \u201cKalyaninov Aleksandr bizim Milli Aviasiya Akademiyas\u0131n\u0131n m\u0259zunudur. Reysd\u0259n \u00f6nc\u0259 s\u0259h\u0259r brifinq ota\u011f\u0131nda h\u0259r iki pilotla g\u00f6r\u00fc\u015fm\u00fc\u015fd\u00fck. \u018fhval-ruhiyy\u0259l\u0259ri yax\u015f\u0131 idi, dan\u0131\u015f\u0131b-g\u00fcld\u00fck. \u018ffsuslar olsun ki, bel\u0259 bir faci\u0259 ba\u015f verib\u201d, &#8211; dey\u0259 F.N\u0259sirov bildirib. &hellip;<\/p>\n","protected":false},"author":1,"featured_media":16994,"comment_status":"open","ping_status":"closed","sticky":false,"template":"","format":"standard","meta":{"footnotes":""},"categories":[3],"tags":[],"class_list":["post-16992","post","type-post","status-publish","format-standard","has-post-thumbnail","hentry","category-olke"],"_links":{"self":[{"href":"https:\/\/millitv.net\/index.php?rest_route=\/wp\/v2\/posts\/16992","targetHints":{"allow":["GET"]}}],"collection":[{"href":"https:\/\/millitv.net\/index.php?rest_route=\/wp\/v2\/posts"}],"about":[{"href":"https:\/\/millitv.net\/index.php?rest_route=\/wp\/v2\/types\/post"}],"author":[{"embeddable":true,"href":"https:\/\/millitv.net\/index.php?rest_route=\/wp\/v2\/users\/1"}],"replies":[{"embeddable":true,"href":"https:\/\/millitv.net\/index.php?rest_route=%2Fwp%2Fv2%2Fcomments&post=16992"}],"version-history":[{"count":1,"href":"https:\/\/millitv.net\/index.php?rest_route=\/wp\/v2\/posts\/16992\/revisions"}],"predecessor-version":[{"id":16995,"href":"https:\/\/millitv.net\/index.php?rest_route=\/wp\/v2\/posts\/16992\/revisions\/16995"}],"wp:featuredmedia":[{"embeddable":true,"href":"https:\/\/millitv.net\/index.php?rest_route=\/wp\/v2\/media\/16994"}],"wp:attachment":[{"href":"https:\/\/millitv.net\/index.php?rest_route=%2Fwp%2Fv2%2Fmedia&parent=16992"}],"wp:term":[{"taxonomy":"category","embeddable":true,"href":"https:\/\/millitv.net\/index.php?rest_route=%2Fwp%2Fv2%2Fcategories&post=16992"},{"taxonomy":"post_tag","embeddable":true,"href":"https:\/\/millitv.net\/index.php?rest_route=%2Fwp%2Fv2%2Ftags&post=16992"}],"curies":[{"name":"wp","href":"https:\/\/api.w.org\/{rel}","templated":true}]}}