{"id":16984,"date":"2024-12-25T19:47:18","date_gmt":"2024-12-25T19:47:18","guid":{"rendered":"https:\/\/millitv.net\/?p=16984"},"modified":"2024-12-25T19:47:19","modified_gmt":"2024-12-25T19:47:19","slug":"is-quracam-deyib-evd%C9%99n-cixdi-q%C9%99zada-sag-qalan-ayhanin-atasi","status":"publish","type":"post","link":"https:\/\/millitv.net\/?p=16984","title":{"rendered":"&#8220;\u0130\u015f quracam&#8221; deyib evd\u0259n \u00e7\u0131xd\u0131&#8230; &#8211;\u00a0Q\u0259zada sa\u011f qalan Ayhan\u0131n atas\u0131"},"content":{"rendered":"\n<p><strong>&#8220;Qazax\u0131standa bir t\u0259yyar\u0259nin q\u0259zaya d\u00fc\u015fd\u00fcy\u00fcn\u00fc dedil\u0259r. Fikirl\u0259\u015fdim ki, Da\u011f\u0131stan hara, Qazax\u0131stan hara?&#8221;.<\/strong><\/p>\n\n\n\n<p>Bu s\u00f6zl\u0259ri&nbsp;<a target=\"_blank\" href=\"https:\/\/teleqraf.com\/\" rel=\"noreferrer noopener\">Teleqraf.com<\/a>-un C\u0259nub b\u00fcrosuna a\u00e7\u0131qlamas\u0131nda bu g\u00fcn t\u0259yyar\u0259 q\u0259zas\u0131 n\u0259tic\u0259sind\u0259 sa\u011f qalan L\u0259nk\u0259ran rayonu, L\u00fcv\u0259s\u0259r k\u0259nd sakini Ayhan Bayramovun atas\u0131 Z\u0259f\u0259r Bayramov deyib.<\/p>\n\n\n\n<p>O bildirib ki, o\u011flu sra\u011fag\u00fcn bibisi il\u0259 Sumqay\u0131ta gedib, orada qal\u0131b:<\/p>\n\n\n\n<p>&#8220;Bu g\u00fcn is\u0259 s\u0259h\u0259r 04:00-da hava liman\u0131na gedib. \u018fmisi Da\u011f\u0131standa ya\u015fay\u0131r, h\u0259m ona ba\u015f \u00e7\u0259km\u0259y\u0259 gedirdi, h\u0259m d\u0259 \u00f6z\u00fcn\u0259 bir i\u015f quracaqd\u0131. Qarda\u015f\u0131ma z\u0259ng el\u0259dim, aeroportda o\u011flumu qar\u015f\u0131layacaqd\u0131. U\u015faq oraya \u00e7atan kimi z\u0259ng edib h\u0259r \u015feyin qaydas\u0131nda olaca\u011f\u0131n\u0131 biz\u0259 bildir\u0259c\u0259kdi. S\u0259h\u0259r saat 9 oldu, x\u0259b\u0259r \u00e7\u0131xmad\u0131, 10 oldu yen\u0259 eyni v\u0259ziyy\u0259t&#8230; G\u0259ldim k\u0259nd\u0259, k\u0259ndd\u0259 Qazax\u0131standa bir t\u0259yyar\u0259nin q\u0259zaya d\u00fc\u015fd\u00fcy\u00fcn\u00fc dedil\u0259r. Fikirl\u0259\u015fdim ki, Da\u011f\u0131stan hara, Qazax\u0131stan hara? Uzaqd\u0131r dey\u0259 \u0259h\u0259miyy\u0259t verm\u0259dim. Sonra narahat oldum, qarda\u015f\u0131ma z\u0259ng el\u0259dim, a\u011flay\u0131rd\u0131&#8230; Dedi ki, bir s\u00f6z dem\u0259, b\u0259db\u0259xt olduq, o\u011flunun oldu\u011fu t\u0259yyar\u0259 q\u0259zaya u\u011fray\u0131b. D\u0259rhal telefonu s\u00f6nd\u00fcrd\u00fcm. Yolda\u015f\u0131ma x\u0259b\u0259r verdim v\u0259 televizoru a\u00e7d\u0131m. X\u0259b\u0259rl\u0259ri izl\u0259y\u0259nd\u0259 Ayhan\u0131 orada g\u00f6rm\u0259dim&#8221;.<\/p>\n\n\n\n<p>Z\u0259f\u0259r Bayramov \u0259lav\u0259 edib ki, Rusiyada ya\u015fayan qohumlar\u0131 ona Ayhan\u0131n sa\u011f oldu\u011fu x\u0259b\u0259rini veribl\u0259r:<\/p>\n\n\n\n<p>&#8220;D\u00fczd\u00fcr, ilk olaraq sevindim, amma \u00f6l\u0259nl\u0259r\u0259 k\u0259d\u0259rl\u0259ndim. Allah qalanlara da can sa\u011fl\u0131\u011f\u0131 versin. G\u00fcnorta 13-14 rad\u0259l\u0259rind\u0259 m\u0259n\u0259 bir xan\u0131m z\u0259ng vuraraq Qazax\u0131standa Az\u0259rbaycan diasporas\u0131n\u0131n \u00fczv\u00fc v\u0259 s\u0259firliyimizin i\u015f\u00e7il\u0259rind\u0259n biri oldu\u011funu dedi. Dedil\u0259r ki, \u00f6vlad\u0131n\u0131z yan\u0131m\u0131zdad\u0131r, narahat olmay\u0131n. Ayhanla dan\u0131\u015fd\u0131m.<\/p>\n\n\n\n<p>O\u011flumun s\u0259n\u0259dl\u0259rinin nec\u0259 olaca\u011f\u0131n\u0131 v\u0259 \u00f6lk\u0259y\u0259 nec\u0259 qay\u0131daca\u011f\u0131n\u0131 soru\u015fdum. Onlar h\u0259r \u015feyin d\u00f6vl\u0259t n\u0259zar\u0259tind\u0259 oldu\u011funu v\u0259 h\u0259r \u015feyin qaydas\u0131nda oldu\u011funu bildirdil\u0259r v\u0259 \u0259laq\u0259 saxlayacaqlar\u0131n\u0131 dedil\u0259r. Ondan sonra o\u011flumla \u0259laq\u0259 saxlaya bilm\u0259mi\u015f\u0259m&#8221;.<\/p>\n\n\n\n<p>Qeyd ed\u0259k ki, bu g\u00fcn s\u0259h\u0259r saatlar\u0131nda Az\u0259rbaycan Hava Yollar\u0131 avia\u015firk\u0259tinin J2-8243 n\u00f6mr\u0259li Bak\u0131-Qrozn\u0131 reysini yerin\u0259 yetir\u0259n \u201cEmbraer 190\u201d t\u0259yyar\u0259si Aktau \u015f\u0259h\u0259rinin 3 km yax\u0131nl\u0131\u011f\u0131nda q\u0259za eni\u015fi edib. N\u0259tic\u0259d\u0259 t\u0259yyar\u0259d\u0259 olan 67 n\u0259f\u0259rd\u0259n 38-i h\u0259lak olub, 29-u sa\u011f qal\u0131b.<\/p>\n\n\n\n<p><\/p>\n","protected":false},"excerpt":{"rendered":"<p>&#8220;Qazax\u0131standa bir t\u0259yyar\u0259nin q\u0259zaya d\u00fc\u015fd\u00fcy\u00fcn\u00fc dedil\u0259r. Fikirl\u0259\u015fdim ki, Da\u011f\u0131stan hara, Qazax\u0131stan hara?&#8221;. Bu s\u00f6zl\u0259ri&nbsp;Teleqraf.com-un C\u0259nub b\u00fcrosuna a\u00e7\u0131qlamas\u0131nda bu g\u00fcn t\u0259yyar\u0259 q\u0259zas\u0131 n\u0259tic\u0259sind\u0259 sa\u011f qalan L\u0259nk\u0259ran rayonu, L\u00fcv\u0259s\u0259r k\u0259nd sakini Ayhan Bayramovun atas\u0131 Z\u0259f\u0259r Bayramov deyib. O bildirib ki, o\u011flu sra\u011fag\u00fcn bibisi il\u0259 Sumqay\u0131ta gedib, orada qal\u0131b: &#8220;Bu g\u00fcn is\u0259 s\u0259h\u0259r 04:00-da hava liman\u0131na gedib. \u018fmisi &hellip;<\/p>\n","protected":false},"author":1,"featured_media":16985,"comment_status":"open","ping_status":"closed","sticky":false,"template":"","format":"standard","meta":{"footnotes":""},"categories":[3],"tags":[],"class_list":["post-16984","post","type-post","status-publish","format-standard","has-post-thumbnail","hentry","category-olke"],"_links":{"self":[{"href":"https:\/\/millitv.net\/index.php?rest_route=\/wp\/v2\/posts\/16984","targetHints":{"allow":["GET"]}}],"collection":[{"href":"https:\/\/millitv.net\/index.php?rest_route=\/wp\/v2\/posts"}],"about":[{"href":"https:\/\/millitv.net\/index.php?rest_route=\/wp\/v2\/types\/post"}],"author":[{"embeddable":true,"href":"https:\/\/millitv.net\/index.php?rest_route=\/wp\/v2\/users\/1"}],"replies":[{"embeddable":true,"href":"https:\/\/millitv.net\/index.php?rest_route=%2Fwp%2Fv2%2Fcomments&post=16984"}],"version-history":[{"count":1,"href":"https:\/\/millitv.net\/index.php?rest_route=\/wp\/v2\/posts\/16984\/revisions"}],"predecessor-version":[{"id":16986,"href":"https:\/\/millitv.net\/index.php?rest_route=\/wp\/v2\/posts\/16984\/revisions\/16986"}],"wp:featuredmedia":[{"embeddable":true,"href":"https:\/\/millitv.net\/index.php?rest_route=\/wp\/v2\/media\/16985"}],"wp:attachment":[{"href":"https:\/\/millitv.net\/index.php?rest_route=%2Fwp%2Fv2%2Fmedia&parent=16984"}],"wp:term":[{"taxonomy":"category","embeddable":true,"href":"https:\/\/millitv.net\/index.php?rest_route=%2Fwp%2Fv2%2Fcategories&post=16984"},{"taxonomy":"post_tag","embeddable":true,"href":"https:\/\/millitv.net\/index.php?rest_route=%2Fwp%2Fv2%2Ftags&post=16984"}],"curies":[{"name":"wp","href":"https:\/\/api.w.org\/{rel}","templated":true}]}}