{"id":16980,"date":"2024-12-25T19:41:31","date_gmt":"2024-12-25T19:41:31","guid":{"rendered":"https:\/\/millitv.net\/?p=16980"},"modified":"2024-12-25T19:41:32","modified_gmt":"2024-12-25T19:41:32","slug":"h%C9%99r-sey-yaxsi-olacaq-dey%C9%99n-stuardessanin-atasi-z%C9%99ng-etdil%C9%99r-ki-h%C9%99lak-olanlar-siyahisinda","status":"publish","type":"post","link":"https:\/\/millitv.net\/?p=16980","title":{"rendered":"&#8220;H\u0259r \u015fey yax\u015f\u0131 olacaq&#8221; dey\u0259n st\u00fcardessan\u0131n atas\u0131: &#8220;Z\u0259ng etdil\u0259r ki, h\u0259lak olanlar siyah\u0131s\u0131nda&#8230;&#8221;"},"content":{"rendered":"\n<p><strong>&#8220;Az\u0259rbaycan Hava Yollar\u0131ndan m\u0259n\u0259 dedil\u0259r ki, ba\u015f\u0131n\u0131z sa\u011f olsun&#8221;.<\/strong><\/p>\n\n\n\n<p><a target=\"_blank\" href=\"https:\/\/teleqraf.com\/\" rel=\"noreferrer noopener\">Teleqraf.com<\/a>-un Q\u0259rb b\u00fcrosu x\u0259b\u0259r verir ki, bunu q\u0259zaya u\u011frayan t\u0259yyar\u0259nin st\u00fcardessas\u0131 H\u00f6kum\u0259 \u018fliyevan\u0131n atas\u0131 C\u0259lil \u018fliyev jurnalistl\u0259rl\u0259 a\u00e7\u0131qlamas\u0131nda deyib.<\/p>\n\n\n\n<p>O qeyd edib ki, q\u0131z\u0131 2016-c\u0131 ild\u0259n AZAL-da \u00e7al\u0131\u015f\u0131r:<\/p>\n\n\n\n<p>&#8220;Q\u0131z\u0131m 1991-ci ild\u0259 K\u0259lb\u0259c\u0259r rayonu Susuzluq k\u0259ndind\u0259 anadan olub. Ail\u0259lidir, \u00f6vlad\u0131 yoxdur. AZAL-dan m\u0259n\u0259 bildirdil\u0259r ki, q\u0131z\u0131n\u0131z h\u0259lak olanlar siyah\u0131s\u0131ndad\u0131r, amma yaral\u0131lar\u0131n aras\u0131nda da ola bil\u0259r. Qarda\u015f\u0131m q\u0131z\u0131 v\u0259 o\u011flum h\u0259min x\u0259st\u0259xana il\u0259 \u0259laq\u0259 saxlay\u0131blar v\u0259 oradan bildiribl\u0259r ki, 2-3 n\u0259f\u0259r a\u011f\u0131r yaral\u0131 var, ola bil\u0259r ki, biri d\u0259 sizin q\u0131z\u0131n\u0131zd\u0131r&#8221;.<\/p>\n\n\n\n<p>H\u00f6kum\u0259 \u018fliyevan\u0131n qarda\u015f\u0131 Co\u015fqun N\u0259sibov is\u0259 qeyd edib ki, bac\u0131s\u0131n\u0131n \u015f\u0259klini x\u0259st\u0259xanaya g\u00f6nd\u0259rib:<\/p>\n\n\n\n<p>&#8220;Bac\u0131m\u0131n \u015f\u0259klini x\u0259st\u0259xanaya g\u00f6nd\u0259rdik. H\u0259kiml\u0259r dedi ki, ola bil\u0259r ox\u015fas\u0131n. Yaral\u0131lar\u0131n \u00fcz\u00fc tan\u0131nmaz haldad\u0131r. Tibb bac\u0131lar\u0131 qeyd edirl\u0259r ki, onlar\u0131 yaral\u0131lar\u0131n yan\u0131na buraxm\u0131rlar. Bu da ba\u015fad\u00fc\u015f\u00fcl\u0259n deyil. Ox\u015fayan \u015f\u0259xsin d\u0259 v\u0259ziyy\u0259ti olduqca a\u011f\u0131rd\u0131r. M\u00fcalic\u0259 davam edir&#8221;.<\/p>\n\n\n\n<p>Xat\u0131rladaq ki, bu g\u00fcn s\u0259h\u0259r saatlar\u0131nda Az\u0259rbaycan Hava Yollar\u0131 avia\u015firk\u0259tinin J2-8243 n\u00f6mr\u0259li Bak\u0131-Qrozn\u0131 reysini yerin\u0259 yetir\u0259n \u201cEmbraer 190\u201d t\u0259yyar\u0259si Aktau \u015f\u0259h\u0259rinin 3 km yax\u0131nl\u0131\u011f\u0131nda q\u0259za eni\u015fi edib. N\u0259tic\u0259d\u0259 t\u0259yyar\u0259d\u0259 olan 67 n\u0259f\u0259rd\u0259n 38-i h\u0259lak olub, 29-u sa\u011f qal\u0131b.<\/p>\n\n\n\n<p>Qeyd ed\u0259k ki, sosial \u015f\u0259b\u0259k\u0259l\u0259rd\u0259 q\u0259zaya d\u00fc\u015f\u0259n t\u0259yyar\u0259nin st\u00fcardessas\u0131 H.\u018fliyevan\u0131n s\u0259s yaz\u0131s\u0131 yay\u0131l\u0131b. Q\u0259zadan az \u0259vv\u0259l \u00e7\u0259kil\u0259n g\u00f6r\u00fcnt\u00fcl\u0259rd\u0259 H\u00f6kum\u0259 \u00f6z\u00fc g\u00f6r\u00fcnm\u00fcr. O, s\u0259rni\u015finl\u0259r\u0259 m\u00fcraci\u0259t ed\u0259r\u0259k deyir: &#8220;H\u0259r k\u0259s k\u0259m\u0259rl\u0259rini ba\u011flas\u0131n v\u0259 t\u0259limata uy\u011fun h\u0259r\u0259k\u0259t etsin. H\u0259r \u015fey yax\u015f\u0131 olacaq&#8221;.<\/p>\n\n\n\n<figure class=\"wp-block-embed is-type-rich is-provider-g-mme-tutucu wp-block-embed-g-mme-tutucu wp-embed-aspect-16-9 wp-has-aspect-ratio\"><div class=\"wp-block-embed__wrapper\">\n<iframe loading=\"lazy\" title=\"25 dekabr 2024\" width=\"500\" height=\"281\" src=\"https:\/\/www.youtube.com\/embed\/qq4mIsHk7ts?feature=oembed\" frameborder=\"0\" allow=\"accelerometer; autoplay; clipboard-write; encrypted-media; gyroscope; picture-in-picture; web-share\" referrerpolicy=\"strict-origin-when-cross-origin\" allowfullscreen><\/iframe>\n<\/div><\/figure>\n","protected":false},"excerpt":{"rendered":"<p>&#8220;Az\u0259rbaycan Hava Yollar\u0131ndan m\u0259n\u0259 dedil\u0259r ki, ba\u015f\u0131n\u0131z sa\u011f olsun&#8221;. Teleqraf.com-un Q\u0259rb b\u00fcrosu x\u0259b\u0259r verir ki, bunu q\u0259zaya u\u011frayan t\u0259yyar\u0259nin st\u00fcardessas\u0131 H\u00f6kum\u0259 \u018fliyevan\u0131n atas\u0131 C\u0259lil \u018fliyev jurnalistl\u0259rl\u0259 a\u00e7\u0131qlamas\u0131nda deyib. O qeyd edib ki, q\u0131z\u0131 2016-c\u0131 ild\u0259n AZAL-da \u00e7al\u0131\u015f\u0131r: &#8220;Q\u0131z\u0131m 1991-ci ild\u0259 K\u0259lb\u0259c\u0259r rayonu Susuzluq k\u0259ndind\u0259 anadan olub. Ail\u0259lidir, \u00f6vlad\u0131 yoxdur. AZAL-dan m\u0259n\u0259 bildirdil\u0259r ki, q\u0131z\u0131n\u0131z h\u0259lak &hellip;<\/p>\n","protected":false},"author":1,"featured_media":16982,"comment_status":"open","ping_status":"closed","sticky":false,"template":"","format":"standard","meta":{"footnotes":""},"categories":[3],"tags":[],"class_list":["post-16980","post","type-post","status-publish","format-standard","has-post-thumbnail","hentry","category-olke"],"_links":{"self":[{"href":"https:\/\/millitv.net\/index.php?rest_route=\/wp\/v2\/posts\/16980","targetHints":{"allow":["GET"]}}],"collection":[{"href":"https:\/\/millitv.net\/index.php?rest_route=\/wp\/v2\/posts"}],"about":[{"href":"https:\/\/millitv.net\/index.php?rest_route=\/wp\/v2\/types\/post"}],"author":[{"embeddable":true,"href":"https:\/\/millitv.net\/index.php?rest_route=\/wp\/v2\/users\/1"}],"replies":[{"embeddable":true,"href":"https:\/\/millitv.net\/index.php?rest_route=%2Fwp%2Fv2%2Fcomments&post=16980"}],"version-history":[{"count":1,"href":"https:\/\/millitv.net\/index.php?rest_route=\/wp\/v2\/posts\/16980\/revisions"}],"predecessor-version":[{"id":16983,"href":"https:\/\/millitv.net\/index.php?rest_route=\/wp\/v2\/posts\/16980\/revisions\/16983"}],"wp:featuredmedia":[{"embeddable":true,"href":"https:\/\/millitv.net\/index.php?rest_route=\/wp\/v2\/media\/16982"}],"wp:attachment":[{"href":"https:\/\/millitv.net\/index.php?rest_route=%2Fwp%2Fv2%2Fmedia&parent=16980"}],"wp:term":[{"taxonomy":"category","embeddable":true,"href":"https:\/\/millitv.net\/index.php?rest_route=%2Fwp%2Fv2%2Fcategories&post=16980"},{"taxonomy":"post_tag","embeddable":true,"href":"https:\/\/millitv.net\/index.php?rest_route=%2Fwp%2Fv2%2Ftags&post=16980"}],"curies":[{"name":"wp","href":"https:\/\/api.w.org\/{rel}","templated":true}]}}