{"id":1698,"date":"2023-10-14T12:05:30","date_gmt":"2023-10-14T12:05:30","guid":{"rendered":"https:\/\/millinews.az\/xeber\/prezident-az%C9%99rbaycan-v%C9%99-ozb%C9%99kistan-arasinda-imzalanan-sazisi-t%C9%99sdiql%C9%99di\/"},"modified":"2023-10-14T12:05:30","modified_gmt":"2023-10-14T12:05:30","slug":"prezident-az%C9%99rbaycan-v%C9%99-ozb%C9%99kistan-arasinda-imzalanan-sazisi-t%C9%99sdiql%C9%99di","status":"publish","type":"post","link":"https:\/\/millitv.net\/?p=1698","title":{"rendered":"Prezident Az\u0259rbaycan v\u0259 \u00d6zb\u0259kistan aras\u0131nda imzalanan sazi\u015fi t\u0259sdiql\u0259di"},"content":{"rendered":"<div id=\"maincontent\">&#13;<br \/>\n        &#13;<\/p>\n<p><strong>Prezident \u0130lham \u018fliyev \u201cAz\u0259rbaycan Respublikas\u0131n\u0131n \u0130qtisadiyyat Nazirliyi v\u0259 \u00d6zb\u0259kistan Respublikas\u0131n\u0131n Yenid\u0259nqurma v\u0259 \u0130nki\u015faf Fondu aras\u0131nda \u00d6zb\u0259kistan Respublikas\u0131n\u0131n \u0259razisind\u0259 m\u0259hdud m\u0259suliyy\u0259tli c\u0259miyy\u0259t formas\u0131nda Az\u0259rbaycan\u2013\u00d6zb\u0259kistan \u0130nvestisiya \u015eirk\u0259tinin yarad\u0131lmas\u0131 haqq\u0131nda Sazi\u015f\u201din t\u0259sdiql\u0259yib.<\/strong><\/p>\n<p><a href=\"https:\/\/Millinews.az\" target=\"_blank\" class=\"kw-link\" rel=\"noopener\">Millinews.az<\/a> x\u0259b\u0259r verir ki, d\u00f6vl\u0259t ba\u015f\u00e7\u0131s\u0131 bununla ba\u011fl\u0131 s\u0259r\u0259ncam imzalay\u0131b. &#13;\n<\/p>\n<p>S\u0259r\u0259ncamla, 2023-c\u00fc il iyulun 18-d\u0259 \u015eu\u015fa \u015f\u0259h\u0259rind\u0259 imzalanm\u0131\u015f \u201cAz\u0259rbaycan Respublikas\u0131n\u0131n \u0130qtisadiyyat Nazirliyi v\u0259 \u00d6zb\u0259kistan Respublikas\u0131n\u0131n Yenid\u0259nqurma v\u0259 \u0130nki\u015faf Fondu aras\u0131nda \u00d6zb\u0259kistan Respublikas\u0131n\u0131n \u0259razisind\u0259 m\u0259hdud m\u0259suliyy\u0259tli c\u0259miyy\u0259t formas\u0131nda Az\u0259rbaycan\u2013\u00d6zb\u0259kistan \u0130nvestisiya \u015eirk\u0259tinin yarad\u0131lmas\u0131 haqq\u0131nda Sazi\u015f\u201d t\u0259sdiql\u0259nib.&#13;<br \/>\n        &#13;<br \/>\n&#13;<br \/>\n        &#13;<br \/>\n&#13;\n        <\/p>\n<p><noscript><\/p>\n<p>You must enable Javascript on your browser for the site to work optimally and display sections completely.<\/p>\n<p><\/noscript>\t\t&#13;<br \/>\n\t\t&#13;\n    <\/div>\n<p><script type=\"text\/javascript\">jQuery(document).ready(function () {\n(function(d, s, id) {\n    var js, fjs = d.getElementsByTagName(s)[0];\n    if (d.getElementById(id))\n        return;\n    js = d.createElement(s);\n    js.id = id;\n    js.src = \"\/\/connect.facebook.net\/az_AZ\/all.js#xfbml=1&appId=1002485763137712\";\n    fjs.parentNode.insertBefore(js, fjs);\n}(document, 'script', 'facebook-jssdk'));                \n});<\/script><\/p>\n","protected":false},"excerpt":{"rendered":"<p>&#13; &#13; Prezident \u0130lham \u018fliyev \u201cAz\u0259rbaycan Respublikas\u0131n\u0131n \u0130qtisadiyyat Nazirliyi v\u0259 \u00d6zb\u0259kistan Respublikas\u0131n\u0131n Yenid\u0259nqurma v\u0259 \u0130nki\u015faf Fondu aras\u0131nda \u00d6zb\u0259kistan Respublikas\u0131n\u0131n \u0259razisind\u0259 m\u0259hdud m\u0259suliyy\u0259tli c\u0259miyy\u0259t formas\u0131nda Az\u0259rbaycan\u2013\u00d6zb\u0259kistan \u0130nvestisiya \u015eirk\u0259tinin yarad\u0131lmas\u0131 haqq\u0131nda Sazi\u015f\u201din t\u0259sdiql\u0259yib. Millinews.az x\u0259b\u0259r verir ki, d\u00f6vl\u0259t ba\u015f\u00e7\u0131s\u0131 bununla ba\u011fl\u0131 s\u0259r\u0259ncam imzalay\u0131b. &#13; S\u0259r\u0259ncamla, 2023-c\u00fc il iyulun 18-d\u0259 \u015eu\u015fa \u015f\u0259h\u0259rind\u0259 imzalanm\u0131\u015f \u201cAz\u0259rbaycan Respublikas\u0131n\u0131n \u0130qtisadiyyat Nazirliyi v\u0259 &hellip;<\/p>\n","protected":false},"author":1,"featured_media":1699,"comment_status":"open","ping_status":"closed","sticky":false,"template":"","format":"standard","meta":{"footnotes":""},"categories":[9],"tags":[],"class_list":["post-1698","post","type-post","status-publish","format-standard","has-post-thumbnail","hentry","category-xeber"],"_links":{"self":[{"href":"https:\/\/millitv.net\/index.php?rest_route=\/wp\/v2\/posts\/1698","targetHints":{"allow":["GET"]}}],"collection":[{"href":"https:\/\/millitv.net\/index.php?rest_route=\/wp\/v2\/posts"}],"about":[{"href":"https:\/\/millitv.net\/index.php?rest_route=\/wp\/v2\/types\/post"}],"author":[{"embeddable":true,"href":"https:\/\/millitv.net\/index.php?rest_route=\/wp\/v2\/users\/1"}],"replies":[{"embeddable":true,"href":"https:\/\/millitv.net\/index.php?rest_route=%2Fwp%2Fv2%2Fcomments&post=1698"}],"version-history":[{"count":0,"href":"https:\/\/millitv.net\/index.php?rest_route=\/wp\/v2\/posts\/1698\/revisions"}],"wp:featuredmedia":[{"embeddable":true,"href":"https:\/\/millitv.net\/index.php?rest_route=\/wp\/v2\/media\/1699"}],"wp:attachment":[{"href":"https:\/\/millitv.net\/index.php?rest_route=%2Fwp%2Fv2%2Fmedia&parent=1698"}],"wp:term":[{"taxonomy":"category","embeddable":true,"href":"https:\/\/millitv.net\/index.php?rest_route=%2Fwp%2Fv2%2Fcategories&post=1698"},{"taxonomy":"post_tag","embeddable":true,"href":"https:\/\/millitv.net\/index.php?rest_route=%2Fwp%2Fv2%2Ftags&post=1698"}],"curies":[{"name":"wp","href":"https:\/\/api.w.org\/{rel}","templated":true}]}}