{"id":16977,"date":"2024-12-24T12:28:48","date_gmt":"2024-12-24T12:28:48","guid":{"rendered":"https:\/\/millitv.net\/?p=16977"},"modified":"2024-12-24T12:28:49","modified_gmt":"2024-12-24T12:28:49","slug":"elnar%C9%99-konsert%C9%99-el%C9%99-geyimd%C9%99-g%C9%99ldi-ki-h%C9%99r-k%C9%99s-sok-oldu","status":"publish","type":"post","link":"https:\/\/millitv.net\/?p=16977","title":{"rendered":"Elnar\u0259 konsert\u0259 el\u0259 geyimd\u0259 g\u0259ldi ki&#8230; &#8211; H\u0259r k\u0259s \u015eOK OLDU"},"content":{"rendered":"\n<p><strong>\u018fm\u0259kdar artist Elnar\u0259 Abdullayeva bir ne\u00e7\u0259 g\u00fcn \u0259vv\u0259l Heyd\u0259r \u018fliyev Saray\u0131nda canl\u0131 solo konsert proqram\u0131 il\u0259 \u00e7\u0131x\u0131\u015f edib.<\/strong><\/p>\n\n\n\n<p>OLAY yaz\u0131r ki, diqq\u0259t \u00e7\u0259k\u0259n m\u0259qamlardan biri s\u0259n\u0259t\u00e7inin musiqili gec\u0259y\u0259 geyindiyi \u00e7\u0259hray\u0131 r\u0259ngli qat-qat bi\u00e7il\u0259n, \u0259traflar\u0131 atlas par\u00e7adan ibar\u0259t uzun libas\u0131 olub.<\/p>\n\n\n\n<p>Abdullayevan\u0131n h\u0259min libas\u0131 t\u00fcrk s\u0259n\u0259t musiqisinin divas\u0131 B\u00fclet Ersoyun &#8220;Alt\u0131n Kelebek&#8221; m\u00fckafatlanma m\u0259rasimin\u0259 geyindiyi ya\u015f\u0131l donu il\u0259 b\u0259nz\u0259m\u0259si n\u0259z\u0259rd\u0259n qa\u00e7may\u0131b.<\/p>\n\n\n\n<p>Qeyd ed\u0259k ki, E.Abdullayeva s\u00f6z\u00fcged\u0259n s\u0259hn\u0259 geyimini \u00f6z\u0259l olaraq konserti \u00fc\u00e7\u00fcn yerli atelyel\u0259rin birind\u0259 tikdirib.<\/p>\n\n\n\n<p><a href=\"https:\/\/ok.ru\/videoembed\/8787086543369\" target=\"_blank\" rel=\"noopener\">https:\/\/ok.ru\/videoembed\/8787086543369<\/a><\/p>\n","protected":false},"excerpt":{"rendered":"<p>\u018fm\u0259kdar artist Elnar\u0259 Abdullayeva bir ne\u00e7\u0259 g\u00fcn \u0259vv\u0259l Heyd\u0259r \u018fliyev Saray\u0131nda canl\u0131 solo konsert proqram\u0131 il\u0259 \u00e7\u0131x\u0131\u015f edib. OLAY yaz\u0131r ki, diqq\u0259t \u00e7\u0259k\u0259n m\u0259qamlardan biri s\u0259n\u0259t\u00e7inin musiqili gec\u0259y\u0259 geyindiyi \u00e7\u0259hray\u0131 r\u0259ngli qat-qat bi\u00e7il\u0259n, \u0259traflar\u0131 atlas par\u00e7adan ibar\u0259t uzun libas\u0131 olub. Abdullayevan\u0131n h\u0259min libas\u0131 t\u00fcrk s\u0259n\u0259t musiqisinin divas\u0131 B\u00fclet Ersoyun &#8220;Alt\u0131n Kelebek&#8221; m\u00fckafatlanma m\u0259rasimin\u0259 geyindiyi ya\u015f\u0131l &hellip;<\/p>\n","protected":false},"author":1,"featured_media":16978,"comment_status":"open","ping_status":"closed","sticky":false,"template":"","format":"standard","meta":{"footnotes":""},"categories":[6,3],"tags":[],"class_list":["post-16977","post","type-post","status-publish","format-standard","has-post-thumbnail","hentry","category-maqazin","category-olke"],"_links":{"self":[{"href":"https:\/\/millitv.net\/index.php?rest_route=\/wp\/v2\/posts\/16977","targetHints":{"allow":["GET"]}}],"collection":[{"href":"https:\/\/millitv.net\/index.php?rest_route=\/wp\/v2\/posts"}],"about":[{"href":"https:\/\/millitv.net\/index.php?rest_route=\/wp\/v2\/types\/post"}],"author":[{"embeddable":true,"href":"https:\/\/millitv.net\/index.php?rest_route=\/wp\/v2\/users\/1"}],"replies":[{"embeddable":true,"href":"https:\/\/millitv.net\/index.php?rest_route=%2Fwp%2Fv2%2Fcomments&post=16977"}],"version-history":[{"count":1,"href":"https:\/\/millitv.net\/index.php?rest_route=\/wp\/v2\/posts\/16977\/revisions"}],"predecessor-version":[{"id":16979,"href":"https:\/\/millitv.net\/index.php?rest_route=\/wp\/v2\/posts\/16977\/revisions\/16979"}],"wp:featuredmedia":[{"embeddable":true,"href":"https:\/\/millitv.net\/index.php?rest_route=\/wp\/v2\/media\/16978"}],"wp:attachment":[{"href":"https:\/\/millitv.net\/index.php?rest_route=%2Fwp%2Fv2%2Fmedia&parent=16977"}],"wp:term":[{"taxonomy":"category","embeddable":true,"href":"https:\/\/millitv.net\/index.php?rest_route=%2Fwp%2Fv2%2Fcategories&post=16977"},{"taxonomy":"post_tag","embeddable":true,"href":"https:\/\/millitv.net\/index.php?rest_route=%2Fwp%2Fv2%2Ftags&post=16977"}],"curies":[{"name":"wp","href":"https:\/\/api.w.org\/{rel}","templated":true}]}}