{"id":16943,"date":"2024-12-23T14:57:52","date_gmt":"2024-12-23T14:57:52","guid":{"rendered":"https:\/\/millitv.net\/?p=16943"},"modified":"2024-12-23T14:57:54","modified_gmt":"2024-12-23T14:57:54","slug":"amerikani-1-trilyon-ziyana-salan-azerbaycanli-general-kimdir","status":"publish","type":"post","link":"https:\/\/millitv.net\/?p=16943","title":{"rendered":"Amerikan\u0131 1 trilyon ziyana salan AZ\u018fRBAYCANLI GENERAL K\u0130MD\u0130R?"},"content":{"rendered":"\n<p><strong>\u201c\u00c7ox \u00e7\u0259tinlikl\u0259 d\u00f6z\u00fcrd\u00fcm. M\u0259n n\u0259 il\u0259 m\u0259\u015f\u011ful oldu\u011fumu bel\u0259 dey\u0259 bilm\u0259zdim&#8221;. <\/strong><\/p>\n\n\n\n<p>Bu s\u00f6zl\u0259ri \u0259n m\u0259xfi general ad\u0131 il\u0259 tan\u0131nan Az\u0259rbaycanl\u0131 K\u0259rim K\u0259rimov deyib. O K\u0259rim K\u0259rimov ki, 25 il SSR\u0130-nin b\u00fct\u00fcn kosmonavtlar\u0131n\u0131 g\u00f6y\u0259 yola salm\u0131\u015fd\u0131. Deyil\u0259n\u0259 g\u00f6r\u0259, SSR\u0130-d\u0259 g\u00fcn\u00fcn ist\u0259nil\u0259n vaxt\u0131 Ba\u015f katib\u0259 v\u0259 m\u00fcdafi\u0259 nazirin\u0259 z\u0259ng etm\u0259k iqtidar\u0131nda olan yegan\u0259 \u015f\u0259xs imi\u015f. B\u0259s K\u0259rim K\u0259rimov AB\u015e-y\u0259 nec\u0259 ziyan vurdu?<\/p>\n\n\n\n<p>Daha \u0259trafl\u0131 videoda:<\/p>\n\n\n\n<figure class=\"wp-block-embed is-type-video is-provider-youtube wp-block-embed-youtube wp-embed-aspect-16-9 wp-has-aspect-ratio\"><div class=\"wp-block-embed__wrapper\">\n<iframe loading=\"lazy\" title=\"Amerikan\u0131 1 trilyon ziyana salan AZ\u018fRBAYCANLI GENERAL K\u0130MD\u0130R?\" width=\"500\" height=\"281\" src=\"https:\/\/www.youtube.com\/embed\/OQHmNvh0xTw?feature=oembed\" frameborder=\"0\" allow=\"accelerometer; autoplay; clipboard-write; encrypted-media; gyroscope; picture-in-picture; web-share\" referrerpolicy=\"strict-origin-when-cross-origin\" allowfullscreen><\/iframe>\n<\/div><\/figure>\n","protected":false},"excerpt":{"rendered":"<p>\u201c\u00c7ox \u00e7\u0259tinlikl\u0259 d\u00f6z\u00fcrd\u00fcm. M\u0259n n\u0259 il\u0259 m\u0259\u015f\u011ful oldu\u011fumu bel\u0259 dey\u0259 bilm\u0259zdim&#8221;. Bu s\u00f6zl\u0259ri \u0259n m\u0259xfi general ad\u0131 il\u0259 tan\u0131nan Az\u0259rbaycanl\u0131 K\u0259rim K\u0259rimov deyib. O K\u0259rim K\u0259rimov ki, 25 il SSR\u0130-nin b\u00fct\u00fcn kosmonavtlar\u0131n\u0131 g\u00f6y\u0259 yola salm\u0131\u015fd\u0131. Deyil\u0259n\u0259 g\u00f6r\u0259, SSR\u0130-d\u0259 g\u00fcn\u00fcn ist\u0259nil\u0259n vaxt\u0131 Ba\u015f katib\u0259 v\u0259 m\u00fcdafi\u0259 nazirin\u0259 z\u0259ng etm\u0259k iqtidar\u0131nda olan yegan\u0259 \u015f\u0259xs imi\u015f. B\u0259s K\u0259rim &hellip;<\/p>\n","protected":false},"author":1,"featured_media":16945,"comment_status":"open","ping_status":"closed","sticky":false,"template":"","format":"standard","meta":{"footnotes":""},"categories":[8,3],"tags":[],"class_list":["post-16943","post","type-post","status-publish","format-standard","has-post-thumbnail","hentry","category-maraqli","category-olke"],"_links":{"self":[{"href":"https:\/\/millitv.net\/index.php?rest_route=\/wp\/v2\/posts\/16943","targetHints":{"allow":["GET"]}}],"collection":[{"href":"https:\/\/millitv.net\/index.php?rest_route=\/wp\/v2\/posts"}],"about":[{"href":"https:\/\/millitv.net\/index.php?rest_route=\/wp\/v2\/types\/post"}],"author":[{"embeddable":true,"href":"https:\/\/millitv.net\/index.php?rest_route=\/wp\/v2\/users\/1"}],"replies":[{"embeddable":true,"href":"https:\/\/millitv.net\/index.php?rest_route=%2Fwp%2Fv2%2Fcomments&post=16943"}],"version-history":[{"count":1,"href":"https:\/\/millitv.net\/index.php?rest_route=\/wp\/v2\/posts\/16943\/revisions"}],"predecessor-version":[{"id":16946,"href":"https:\/\/millitv.net\/index.php?rest_route=\/wp\/v2\/posts\/16943\/revisions\/16946"}],"wp:featuredmedia":[{"embeddable":true,"href":"https:\/\/millitv.net\/index.php?rest_route=\/wp\/v2\/media\/16945"}],"wp:attachment":[{"href":"https:\/\/millitv.net\/index.php?rest_route=%2Fwp%2Fv2%2Fmedia&parent=16943"}],"wp:term":[{"taxonomy":"category","embeddable":true,"href":"https:\/\/millitv.net\/index.php?rest_route=%2Fwp%2Fv2%2Fcategories&post=16943"},{"taxonomy":"post_tag","embeddable":true,"href":"https:\/\/millitv.net\/index.php?rest_route=%2Fwp%2Fv2%2Ftags&post=16943"}],"curies":[{"name":"wp","href":"https:\/\/api.w.org\/{rel}","templated":true}]}}