{"id":1694,"date":"2023-10-14T11:37:48","date_gmt":"2023-10-14T11:37:48","guid":{"rendered":"https:\/\/millinews.az\/xeber\/rovn%C9%99q-abdullayevin-olk%C9%99d%C9%99n-cixisina-qadaga-qoyuldu\/"},"modified":"2023-10-14T11:37:48","modified_gmt":"2023-10-14T11:37:48","slug":"rovn%C9%99q-abdullayevin-olk%C9%99d%C9%99n-cixisina-qadaga-qoyuldu","status":"publish","type":"post","link":"https:\/\/millitv.net\/?p=1694","title":{"rendered":"R\u00f6vn\u0259q Abdullayevin \u00f6lk\u0259d\u0259n \u00e7\u0131x\u0131\u015f\u0131na qada\u011fa qoyuldu"},"content":{"rendered":"<div id=\"maincontent\">&#13;<br \/>\n        &#13;<\/p>\n<p><strong>AFFA prezidenti R\u00f6vn\u0259q Abdullayev Az\u0259rbaycan y\u0131\u011fmas\u0131n\u0131n A\u00c7-2024-\u00fcn se\u00e7m\u0259 m\u0259rh\u0259l\u0259sind\u0259 Estoniya il\u0259 s\u0259f\u0259r qar\u015f\u0131la\u015fmas\u0131na getm\u0259yib. Baxmayaraq ki, onun s\u0259f\u0259ri \u0259vv\u0259lc\u0259d\u0259n planla\u015fd\u0131r\u0131lm\u0131\u015fd\u0131. AFFA-n\u0131n ba\u015f katibi S\u0259rxan Hac\u0131yev m\u0259tbuata verdiyi a\u00e7\u0131qlamada bunu R\u00f6vn\u0259q Abdullayevin i\u015finin \u00e7oxlu\u011fu il\u0259 \u0259laq\u0259l\u0259ndirib. \u201cR\u00f6vn\u0259q m\u00fc\u0259llim h\u0259m d\u0259 iqtisadiyyat nazirinin m\u00fcavinidir. Qrafik s\u0131xl\u0131\u011f\u0131 il\u0259 ba\u011fl\u0131 bura g\u0259l\u0259 bilm\u0259di. Amma komanda il\u0259 g\u00f6r\u00fc\u015f oldu, telefon ba\u011flant\u0131s\u0131 il\u0259 qo\u015fulmu\u015fdu. Bir \u00e7ox m\u0259s\u0259l\u0259l\u0259r m\u00fczakir\u0259 edildi\u201d, &#8211; Hac\u0131yev deyib.<\/strong><\/p>\n<p><a href=\"https:\/\/Millinews.az\" target=\"_blank\" class=\"kw-link\" rel=\"noopener\">Millinews.az<\/a> Publika.az-a istinad\u0259n x\u0259b\u0259r verir ki, AFFA prezidenti Estoniyaya Az\u0259rbaycandan \u00e7\u0131x\u0131\u015f\u0131na qada\u011fa qoyuldu\u011fu \u00fc\u00e7\u00fcn ged\u0259 bilm\u0259yib. &#13;\n<\/p>\n<p>M\u0259lumata g\u00f6r\u0259, AFFA prezidentinin h\u0259m sabiq i\u015f yeri SOCAR-da, h\u0259m d\u0259 AFFA-da b\u00f6y\u00fck yeyinti a\u015fkarlan\u0131b.<\/p>\n<p>S\u00f6hb\u0259t milyardlarla manat v\u0259saitd\u0259n gedir. Ona g\u00f6r\u0259 d\u0259 R\u00f6vn\u0259q Abdullayevin \u00f6lk\u0259d\u0259n \u00e7\u0131x\u0131\u015f\u0131na qada\u011fa qoyulub. Onun h\u0259bs olunma ehtimal\u0131n\u0131n da oldu\u011fu bildirilir.&#13;<br \/>\n        &#13;<br \/>\n&#13;<br \/>\n        &#13;<br \/>\n&#13;\n        <\/p>\n<p><noscript><\/p>\n<p>You must enable Javascript on your browser for the site to work optimally and display sections completely.<\/p>\n<p><\/noscript>\t\t&#13;<br \/>\n\t\t&#13;\n    <\/div>\n<p><script type=\"text\/javascript\">jQuery(document).ready(function () {\n(function(d, s, id) {\n    var js, fjs = d.getElementsByTagName(s)[0];\n    if (d.getElementById(id))\n        return;\n    js = d.createElement(s);\n    js.id = id;\n    js.src = \"\/\/connect.facebook.net\/az_AZ\/all.js#xfbml=1&appId=1002485763137712\";\n    fjs.parentNode.insertBefore(js, fjs);\n}(document, 'script', 'facebook-jssdk'));                \n});<\/script><\/p>\n","protected":false},"excerpt":{"rendered":"<p>&#13; &#13; AFFA prezidenti R\u00f6vn\u0259q Abdullayev Az\u0259rbaycan y\u0131\u011fmas\u0131n\u0131n A\u00c7-2024-\u00fcn se\u00e7m\u0259 m\u0259rh\u0259l\u0259sind\u0259 Estoniya il\u0259 s\u0259f\u0259r qar\u015f\u0131la\u015fmas\u0131na getm\u0259yib. Baxmayaraq ki, onun s\u0259f\u0259ri \u0259vv\u0259lc\u0259d\u0259n planla\u015fd\u0131r\u0131lm\u0131\u015fd\u0131. AFFA-n\u0131n ba\u015f katibi S\u0259rxan Hac\u0131yev m\u0259tbuata verdiyi a\u00e7\u0131qlamada bunu R\u00f6vn\u0259q Abdullayevin i\u015finin \u00e7oxlu\u011fu il\u0259 \u0259laq\u0259l\u0259ndirib. \u201cR\u00f6vn\u0259q m\u00fc\u0259llim h\u0259m d\u0259 iqtisadiyyat nazirinin m\u00fcavinidir. Qrafik s\u0131xl\u0131\u011f\u0131 il\u0259 ba\u011fl\u0131 bura g\u0259l\u0259 bilm\u0259di. Amma komanda il\u0259 g\u00f6r\u00fc\u015f &hellip;<\/p>\n","protected":false},"author":1,"featured_media":1695,"comment_status":"open","ping_status":"closed","sticky":false,"template":"","format":"standard","meta":{"footnotes":""},"categories":[9],"tags":[],"class_list":["post-1694","post","type-post","status-publish","format-standard","has-post-thumbnail","hentry","category-xeber"],"_links":{"self":[{"href":"https:\/\/millitv.net\/index.php?rest_route=\/wp\/v2\/posts\/1694","targetHints":{"allow":["GET"]}}],"collection":[{"href":"https:\/\/millitv.net\/index.php?rest_route=\/wp\/v2\/posts"}],"about":[{"href":"https:\/\/millitv.net\/index.php?rest_route=\/wp\/v2\/types\/post"}],"author":[{"embeddable":true,"href":"https:\/\/millitv.net\/index.php?rest_route=\/wp\/v2\/users\/1"}],"replies":[{"embeddable":true,"href":"https:\/\/millitv.net\/index.php?rest_route=%2Fwp%2Fv2%2Fcomments&post=1694"}],"version-history":[{"count":0,"href":"https:\/\/millitv.net\/index.php?rest_route=\/wp\/v2\/posts\/1694\/revisions"}],"wp:featuredmedia":[{"embeddable":true,"href":"https:\/\/millitv.net\/index.php?rest_route=\/wp\/v2\/media\/1695"}],"wp:attachment":[{"href":"https:\/\/millitv.net\/index.php?rest_route=%2Fwp%2Fv2%2Fmedia&parent=1694"}],"wp:term":[{"taxonomy":"category","embeddable":true,"href":"https:\/\/millitv.net\/index.php?rest_route=%2Fwp%2Fv2%2Fcategories&post=1694"},{"taxonomy":"post_tag","embeddable":true,"href":"https:\/\/millitv.net\/index.php?rest_route=%2Fwp%2Fv2%2Ftags&post=1694"}],"curies":[{"name":"wp","href":"https:\/\/api.w.org\/{rel}","templated":true}]}}