{"id":16927,"date":"2024-12-23T14:23:27","date_gmt":"2024-12-23T14:23:27","guid":{"rendered":"https:\/\/millitv.net\/?p=16927"},"modified":"2024-12-23T14:23:28","modified_gmt":"2024-12-23T14:23:28","slug":"az%C9%99rbaycandaki-bu-sirli-magarada-n%C9%99-var-adi-muzakir%C9%99-doguran-rayonla-bagli-sok-faktlar","status":"publish","type":"post","link":"https:\/\/millitv.net\/?p=16927","title":{"rendered":"Az\u0259rbaycandak\u0131 bu sirli ma\u011farada n\u0259 var? &#8211; Ad\u0131 m\u00fczakir\u0259 do\u011furan RAYONLA ba\u011fl\u0131 \u015fok faktlar"},"content":{"rendered":"\n<p><strong>Ad\u0131 m\u00fczakir\u0259 do\u011furan rayonlar\u0131m\u0131zdan biri d\u0259 La\u00e7\u0131n rayonudur. <\/strong><\/p>\n\n\n\n<p>La\u00e7\u0131n rayonunun ad\u0131n\u0131n m\u0259nas\u0131 il\u0259 ba\u011fl\u0131 m\u00fcxt\u0259lif fikirl\u0259r m\u00f6vcuddur. Bu rayonun ad\u0131 b\u0259zi m\u0259nalara yozulur. La\u00e7\u0131n &#8211; Az\u0259rbaycan\u0131n c\u0259nub-q\u0259rbind\u0259, da\u011fl\u0131q \u0259razid\u0259 yerl\u0259\u015fir. \u015eimaldan K\u0259lb\u0259c\u0259r, \u015f\u0259rqd\u0259n Xocal\u0131, \u015eu\u015fa v\u0259 Xocav\u0259nd, c\u0259nubdan Qubadl\u0131 rayonu il\u0259, q\u0259rbd\u0259n is\u0259 Erm\u0259nistanla h\u0259ms\u0259rh\u0259ddir. <\/p>\n\n\n\n<p>Rayon m\u0259rk\u0259zinin Bak\u0131 \u015f\u0259h\u0259ri il\u0259 \u015fose yolla ara m\u0259saf\u0259si 450 km-dir.<\/p>\n\n\n\n<p>Niy\u0259 La\u00e7\u0131n rayonunun ad\u0131 m\u00fczakir\u0259 do\u011furur?<\/p>\n\n\n\n<p>\u018ftrafl\u0131 videoda: <\/p>\n\n\n\n<figure class=\"wp-block-embed is-type-video is-provider-youtube wp-block-embed-youtube wp-embed-aspect-16-9 wp-has-aspect-ratio\"><div class=\"wp-block-embed__wrapper\">\n<iframe loading=\"lazy\" title=\"Az\u0259rbaycandak\u0131 bu sirli ma\u011farada n\u0259 var? - Ad\u0131 m\u00fczakir\u0259 do\u011furan RAYONLA ba\u011fl\u0131 \u015fok faktlar\" width=\"500\" height=\"281\" src=\"https:\/\/www.youtube.com\/embed\/5RKJxk5t1Tk?start=12&#038;feature=oembed\" frameborder=\"0\" allow=\"accelerometer; autoplay; clipboard-write; encrypted-media; gyroscope; picture-in-picture; web-share\" referrerpolicy=\"strict-origin-when-cross-origin\" allowfullscreen><\/iframe>\n<\/div><\/figure>\n","protected":false},"excerpt":{"rendered":"<p>Ad\u0131 m\u00fczakir\u0259 do\u011furan rayonlar\u0131m\u0131zdan biri d\u0259 La\u00e7\u0131n rayonudur. La\u00e7\u0131n rayonunun ad\u0131n\u0131n m\u0259nas\u0131 il\u0259 ba\u011fl\u0131 m\u00fcxt\u0259lif fikirl\u0259r m\u00f6vcuddur. Bu rayonun ad\u0131 b\u0259zi m\u0259nalara yozulur. La\u00e7\u0131n &#8211; Az\u0259rbaycan\u0131n c\u0259nub-q\u0259rbind\u0259, da\u011fl\u0131q \u0259razid\u0259 yerl\u0259\u015fir. \u015eimaldan K\u0259lb\u0259c\u0259r, \u015f\u0259rqd\u0259n Xocal\u0131, \u015eu\u015fa v\u0259 Xocav\u0259nd, c\u0259nubdan Qubadl\u0131 rayonu il\u0259, q\u0259rbd\u0259n is\u0259 Erm\u0259nistanla h\u0259ms\u0259rh\u0259ddir. Rayon m\u0259rk\u0259zinin Bak\u0131 \u015f\u0259h\u0259ri il\u0259 \u015fose yolla ara m\u0259saf\u0259si 450 &hellip;<\/p>\n","protected":false},"author":1,"featured_media":16929,"comment_status":"open","ping_status":"closed","sticky":false,"template":"","format":"standard","meta":{"footnotes":""},"categories":[8,3],"tags":[],"class_list":["post-16927","post","type-post","status-publish","format-standard","has-post-thumbnail","hentry","category-maraqli","category-olke"],"_links":{"self":[{"href":"https:\/\/millitv.net\/index.php?rest_route=\/wp\/v2\/posts\/16927","targetHints":{"allow":["GET"]}}],"collection":[{"href":"https:\/\/millitv.net\/index.php?rest_route=\/wp\/v2\/posts"}],"about":[{"href":"https:\/\/millitv.net\/index.php?rest_route=\/wp\/v2\/types\/post"}],"author":[{"embeddable":true,"href":"https:\/\/millitv.net\/index.php?rest_route=\/wp\/v2\/users\/1"}],"replies":[{"embeddable":true,"href":"https:\/\/millitv.net\/index.php?rest_route=%2Fwp%2Fv2%2Fcomments&post=16927"}],"version-history":[{"count":1,"href":"https:\/\/millitv.net\/index.php?rest_route=\/wp\/v2\/posts\/16927\/revisions"}],"predecessor-version":[{"id":16930,"href":"https:\/\/millitv.net\/index.php?rest_route=\/wp\/v2\/posts\/16927\/revisions\/16930"}],"wp:featuredmedia":[{"embeddable":true,"href":"https:\/\/millitv.net\/index.php?rest_route=\/wp\/v2\/media\/16929"}],"wp:attachment":[{"href":"https:\/\/millitv.net\/index.php?rest_route=%2Fwp%2Fv2%2Fmedia&parent=16927"}],"wp:term":[{"taxonomy":"category","embeddable":true,"href":"https:\/\/millitv.net\/index.php?rest_route=%2Fwp%2Fv2%2Fcategories&post=16927"},{"taxonomy":"post_tag","embeddable":true,"href":"https:\/\/millitv.net\/index.php?rest_route=%2Fwp%2Fv2%2Ftags&post=16927"}],"curies":[{"name":"wp","href":"https:\/\/api.w.org\/{rel}","templated":true}]}}