{"id":1690,"date":"2023-10-14T11:11:29","date_gmt":"2023-10-14T11:11:29","guid":{"rendered":"https:\/\/millinews.az\/xeber\/susa-b%C9%99yannam%C9%99si-q%C9%99bul-olundu\/"},"modified":"2023-10-14T11:11:29","modified_gmt":"2023-10-14T11:11:29","slug":"susa-b%C9%99yannam%C9%99si-q%C9%99bul-olundu","status":"publish","type":"post","link":"https:\/\/millitv.net\/?p=1690","title":{"rendered":"\u015eu\u015fa B\u0259yannam\u0259si q\u0259bul olundu"},"content":{"rendered":"<div id=\"maincontent\">&#13;<br \/>\n        &#13;<\/p>\n<p><strong>I T\u00fcrk D\u00fcnyas\u0131 M\u0259d\u0259niyy\u0259t Forumu \u00e7\u0259r\u00e7iv\u0259sind\u0259 \u015eu\u015fa B\u0259yannam\u0259si q\u0259bul olunub.<\/strong><\/p>\n<p>Bu bar\u0259d\u0259 <a href=\"https:\/\/Millinews.az\" target=\"_blank\" class=\"kw-link\" rel=\"noopener\">Millinews.az<\/a>-a M\u0259d\u0259niyy\u0259t Nazirliyind\u0259n m\u0259lumat verilib. &#13;\n<\/p>\n<p>Bildirilib ki, M\u0259d\u0259niyy\u0259t Nazirliyinin t\u0259\u015fkilat\u00e7\u0131l\u0131\u011f\u0131 il\u0259 \u015eu\u015fa \u015f\u0259h\u0259rind\u0259 \u00dcmummilli lider Heyd\u0259r \u018fliyevin 100 illik yubileyi m\u00fcnasib\u0259til\u0259 ke\u00e7iril\u0259n I T\u00fcrk D\u00fcnyas\u0131 M\u0259d\u0259niyy\u0259t Forumunun i\u015ftirak\u00e7\u0131lar\u0131 t\u0259r\u0259find\u0259n \u015eu\u015fa B\u0259yannam\u0259si q\u0259bul edilib.<\/p>\n<p>B\u0259yannam\u0259d\u0259 T\u00fcrk d\u00fcnyas\u0131n\u0131n ilk m\u0259d\u0259niyy\u0259t forumuna d\u0259st\u0259yin\u0259 g\u00f6r\u0259 Az\u0259rbaycan Prezidenti \u0130lham \u018fliyev\u0259 b\u00fct\u00fcn i\u015ftirak\u00e7\u0131lar ad\u0131ndan t\u0259\u015f\u0259kk\u00fcr ifad\u0259 olunub.<\/p>\n<p>S\u0259n\u0259dd\u0259 Az\u0259rbaycan\u0131n i\u015f\u011faldan azad edilmi\u015f \u0259razil\u0259rind\u0259, el\u0259c\u0259 d\u0259 T\u00fcrk D\u00fcnyas\u0131n\u0131n 2023-c\u00fc il \u00fczr\u0259 m\u0259d\u0259niyy\u0259t paytaxt\u0131 \u015eu\u015faya B\u00f6y\u00fck Qay\u0131d\u0131\u015f\u0131 v\u0259 bu yolda s\u00fcr\u0259tl\u0259 apar\u0131lan geni\u015fmiqyasl\u0131 b\u0259rpa-quruculuq i\u015fl\u0259rini v\u0259 m\u0259d\u0259ni m\u00fchitin canland\u0131r\u0131lmas\u0131n\u0131 alq\u0131\u015flanaraq 30 illik i\u015f\u011fal d\u00f6vr\u00fcnd\u0259, Az\u0259rbaycan\u0131n Qaraba\u011f v\u0259 \u015e\u0259rqi Z\u0259ng\u0259zur b\u00f6lg\u0259l\u0259rind\u0259 T\u00fcrk d\u00fcnyas\u0131 m\u0259d\u0259ni irsinin ayr\u0131lmaz t\u0259rkib hiss\u0259si tarixi v\u0259 m\u0259d\u0259ni abid\u0259l\u0259rin geni\u015f miqyasl\u0131 da\u011f\u0131d\u0131lmas\u0131, h\u0259m\u00e7inin m\u0259d\u0259ni m\u00fclkiyy\u0259tin qa\u00e7aqmal\u00e7\u0131l\u0131\u011f\u0131 v\u0259 qanunsuz d\u00f6vriyy\u0259si kimi a\u011f\u0131r beyn\u0259lxalq humanitar h\u00fcquq pozuntular\u0131n\u0131 q\u0259ti \u015f\u0259kild\u0259 pisl\u0259yir v\u0259 b\u00fct\u00fcn aidiyy\u0259ti beyn\u0259lxalq t\u0259\u015fkilatlar t\u0259r\u0259find\u0259n bu m\u0259s\u0259l\u0259d\u0259 s\u0259rt m\u00f6vqe tutulmas\u0131n\u0131 t\u0259l\u0259b olunub.<\/p>\n<p>H\u0259m\u00e7inin, \u015eu\u015fada ba\u015f tutan diskussiyalar v\u0259 geni\u015f fikir m\u00fcbadil\u0259l\u0259ri \u00e7\u0259r\u00e7iv\u0259sind\u0259 t\u00fcrk m\u0259d\u0259niyy\u0259tinin d\u00fcn\u0259ni, bu g\u00fcn\u00fc v\u0259 sabah\u0131 n\u0259z\u0259r\u0259 alaraq m\u00f6vcud \u00e7a\u011f\u0131r\u0131\u015flar\u0131n birg\u0259 \u0259m\u0259kda\u015fl\u0131qda h\u0259lli \u00fc\u00e7\u00fcn yeni mexanizml\u0259rin yaranmas\u0131 d\u0259st\u0259kl\u0259nib.<\/p>\n<p>Forum i\u015ftirak\u00e7\u0131lar\u0131 t\u00fcrk dill\u0259ri v\u0259 \u0259d\u0259biyyat\u0131 vasit\u0259sil\u0259 ortaq m\u0259d\u0259ni m\u00f6vqeyimizin g\u00fccl\u0259ndirilm\u0259sini z\u0259ruri hesab ed\u0259r\u0259k bu irsin r\u0259q\u0259msal m\u00fchit\u0259 transformasiyas\u0131n\u0131 s\u00fcr\u0259tl\u0259ndirm\u0259y\u0259 \u00e7a\u011f\u0131r\u0131\u015f edib, I T\u00fcrk D\u00fcnyas\u0131 M\u0259d\u0259niyy\u0259t Forumu \u00e7\u0259r\u00e7iv\u0259sind\u0259 \u0259ld\u0259 edilmi\u015f m\u00fcsb\u0259t n\u0259tic\u0259ni n\u0259z\u0259r\u0259 alaraq t\u00fcrk tarixi-m\u0259d\u0259ni irsinin ara\u015fd\u0131r\u0131lmas\u0131, b\u0259rpas\u0131, m\u00fchafiz\u0259si v\u0259 t\u0259bli\u011fi sah\u0259sind\u0259 birg\u0259 f\u0259aliyy\u0259t v\u0259 \u0259n yax\u015f\u0131 t\u0259cr\u00fcb\u0259nin b\u00f6l\u00fc\u015f\u00fclm\u0259sin\u0259 xidm\u0259t ed\u0259c\u0259k T\u00fcrk d\u00fcnyas\u0131n\u0131n \u0130rs \u00fczr\u0259 r\u0259hb\u0259rl\u0259rinin \u015f\u0259b\u0259k\u0259sinin yarad\u0131lmas\u0131n\u0131 alq\u0131\u015flay\u0131r v\u0259 m\u00fct\u0259madi \u0259sasl\u0131 platforma f\u0259aliyy\u0259tin\u0259 ba\u015flamas\u0131n\u0131 t\u00f6vsiy\u0259 edirl\u0259r.<\/p>\n<p>\u015eu\u015fa B\u0259yannam\u0259sind\u0259 qeyd olunur ki, t\u00fcrk d\u00fcnyas\u0131nda m\u0259d\u0259ni mar\u015frutlar proqram\u0131n\u0131n t\u0259sis edilm\u0259sini v\u0259 ilk m\u0259d\u0259ni mar\u015frutun yarad\u0131lmas\u0131 t\u0259\u015f\u0259bb\u00fcs\u00fcn\u00fc perspektivli ortaq layih\u0259 kimi y\u00fcks\u0259k qiym\u0259tl\u0259ndirir v\u0259 b\u00fct\u00fcn maraql\u0131 t\u0259r\u0259fl\u0259ri bu t\u0259\u015f\u0259bb\u00fcs\u00fcn ir\u0259lil\u0259dilm\u0259sind\u0259 f\u0259al i\u015ftiraka \u00e7a\u011f\u0131r\u0131l\u0131r:<\/p>\n<p>&#8220;M\u0259d\u0259niyy\u0259tin r\u0259q\u0259msalla\u015fmas\u0131, habel\u0259 XXI \u0259srd\u0259 t\u00fcrk m\u0259d\u0259niyy\u0259ti qar\u015f\u0131s\u0131nda duran \u00e7a\u011f\u0131r\u0131\u015flara cavab ver\u0259n ortaq h\u0259ll\u0259ri t\u0259\u015fviq edirik v\u0259 m\u0259d\u0259niyy\u0259t sah\u0259sind\u0259ki yarad\u0131c\u0131 s\u0259nayel\u0259rin ortaq bazarlar\u0131n yarad\u0131lmas\u0131 \u00fczr\u0259 m\u00fczakir\u0259l\u0259rin intensivl\u0259\u015fm\u0259sini t\u0259klif edirik&#8221;.<\/p>\n<p>Az\u0259rbaycan Respublikas\u0131n\u0131n t\u0259\u015f\u0259bb\u00fcs\u00fc il\u0259 yarad\u0131lm\u0131\u015f T\u00fcrk D\u00fcnyas\u0131 M\u0259d\u0259niyy\u0259t Forumu b\u00fct\u00fcn \u0259sas maraql\u0131 t\u0259r\u0259fl\u0259rin t\u0259msil\u00e7il\u0259rini bir araya g\u0259tir\u0259n m\u00fch\u00fcm universal platforma kimi u\u011furlu oldu\u011fu qeyd olunaraq Forumun iki ild\u0259n bir ke\u00e7irilm\u0259si t\u0259klif edilib.<\/p>\n<p>Sonda t\u0259dbir i\u015ftirak\u00e7\u0131lar\u0131 birlikd\u0259 xatir\u0259 \u015f\u0259kill\u0259ri \u00e7\u0259kdiribl\u0259r.&#13;<br \/>\n        &#13;<br \/>\n&#13;<br \/>\n        &#13;<br \/>\n&#13;\n        <\/p>\n<p><noscript><\/p>\n<p>You must enable Javascript on your browser for the site to work optimally and display sections completely.<\/p>\n<p><\/noscript>\t\t&#13;<br \/>\n\t\t&#13;\n    <\/div>\n<p><script type=\"text\/javascript\">jQuery(document).ready(function () {\n(function(d, s, id) {\n    var js, fjs = d.getElementsByTagName(s)[0];\n    if (d.getElementById(id))\n        return;\n    js = d.createElement(s);\n    js.id = id;\n    js.src = \"\/\/connect.facebook.net\/az_AZ\/all.js#xfbml=1&appId=1002485763137712\";\n    fjs.parentNode.insertBefore(js, fjs);\n}(document, 'script', 'facebook-jssdk'));                \n});<\/script><\/p>\n","protected":false},"excerpt":{"rendered":"<p>&#13; &#13; I T\u00fcrk D\u00fcnyas\u0131 M\u0259d\u0259niyy\u0259t Forumu \u00e7\u0259r\u00e7iv\u0259sind\u0259 \u015eu\u015fa B\u0259yannam\u0259si q\u0259bul olunub. Bu bar\u0259d\u0259 Millinews.az-a M\u0259d\u0259niyy\u0259t Nazirliyind\u0259n m\u0259lumat verilib. &#13; Bildirilib ki, M\u0259d\u0259niyy\u0259t Nazirliyinin t\u0259\u015fkilat\u00e7\u0131l\u0131\u011f\u0131 il\u0259 \u015eu\u015fa \u015f\u0259h\u0259rind\u0259 \u00dcmummilli lider Heyd\u0259r \u018fliyevin 100 illik yubileyi m\u00fcnasib\u0259til\u0259 ke\u00e7iril\u0259n I T\u00fcrk D\u00fcnyas\u0131 M\u0259d\u0259niyy\u0259t Forumunun i\u015ftirak\u00e7\u0131lar\u0131 t\u0259r\u0259find\u0259n \u015eu\u015fa B\u0259yannam\u0259si q\u0259bul edilib. B\u0259yannam\u0259d\u0259 T\u00fcrk d\u00fcnyas\u0131n\u0131n ilk m\u0259d\u0259niyy\u0259t forumuna d\u0259st\u0259yin\u0259 &hellip;<\/p>\n","protected":false},"author":1,"featured_media":1691,"comment_status":"open","ping_status":"closed","sticky":false,"template":"","format":"standard","meta":{"footnotes":""},"categories":[9],"tags":[],"class_list":["post-1690","post","type-post","status-publish","format-standard","has-post-thumbnail","hentry","category-xeber"],"_links":{"self":[{"href":"https:\/\/millitv.net\/index.php?rest_route=\/wp\/v2\/posts\/1690","targetHints":{"allow":["GET"]}}],"collection":[{"href":"https:\/\/millitv.net\/index.php?rest_route=\/wp\/v2\/posts"}],"about":[{"href":"https:\/\/millitv.net\/index.php?rest_route=\/wp\/v2\/types\/post"}],"author":[{"embeddable":true,"href":"https:\/\/millitv.net\/index.php?rest_route=\/wp\/v2\/users\/1"}],"replies":[{"embeddable":true,"href":"https:\/\/millitv.net\/index.php?rest_route=%2Fwp%2Fv2%2Fcomments&post=1690"}],"version-history":[{"count":0,"href":"https:\/\/millitv.net\/index.php?rest_route=\/wp\/v2\/posts\/1690\/revisions"}],"wp:featuredmedia":[{"embeddable":true,"href":"https:\/\/millitv.net\/index.php?rest_route=\/wp\/v2\/media\/1691"}],"wp:attachment":[{"href":"https:\/\/millitv.net\/index.php?rest_route=%2Fwp%2Fv2%2Fmedia&parent=1690"}],"wp:term":[{"taxonomy":"category","embeddable":true,"href":"https:\/\/millitv.net\/index.php?rest_route=%2Fwp%2Fv2%2Fcategories&post=1690"},{"taxonomy":"post_tag","embeddable":true,"href":"https:\/\/millitv.net\/index.php?rest_route=%2Fwp%2Fv2%2Ftags&post=1690"}],"curies":[{"name":"wp","href":"https:\/\/api.w.org\/{rel}","templated":true}]}}