{"id":16895,"date":"2024-12-23T13:51:10","date_gmt":"2024-12-23T13:51:10","guid":{"rendered":"https:\/\/millitv.net\/?p=16895"},"modified":"2024-12-23T13:51:11","modified_gmt":"2024-12-23T13:51:11","slug":"anami-bir-yas-yarimligimda-itirmis%C9%99m-h%C9%99r-zaman-bir-arzum-olub-ki-anami-yuxumda-gorum","status":"publish","type":"post","link":"https:\/\/millitv.net\/?p=16895","title":{"rendered":"&#8220;Anam\u0131 bir ya\u015f yar\u0131ml\u0131\u011f\u0131mda itirmi\u015f\u0259m. H\u0259r zaman bir arzum olub ki, anam\u0131 yuxumda g\u00f6r\u00fcm&#8221;"},"content":{"rendered":"\n<p><strong>M\u00fc\u011f\u0259nni \u015e\u0259bn\u0259m Tovuzlu 43 ya\u015f\u0131n\u0131 &#8220;Qonaqcanl\u0131&#8221; verili\u015find\u0259 qeyd edib.<\/strong><\/p>\n\n\n\n<p>Verili\u015f zaman\u0131 yax\u0131nlar\u0131n\u0131n \u015e\u0259bn\u0259m\u0259 t\u0259briki n\u00fcmayi\u015f olunub. Valideynl\u0259rind\u0259n dan\u0131\u015fan s\u0259n\u0259t\u00e7i k\u00f6vr\u0259lib:<\/p>\n\n\n\n<p>&#8220;Atam\u0131n s\u0259rt v\u0259 sevm\u0259diyim xasiyy\u0259ti var. Bunu t\u0259k m\u0259n yox, b\u00fct\u00fcn n\u0259sil bilir&#8230; Amma n\u0259 yalan deyim, onunla tez-tez dan\u0131\u015fm\u0131ram. Onu buna r\u0259\u011fm\u0259n \u00e7ox sevir\u0259m. M\u0259nim Ruslan v\u0259 Orxan ad\u0131nda iki qarda\u015f\u0131m, Aytac ad\u0131nda bir bac\u0131m var (a\u011flay\u0131r). M\u0259n sizd\u0259n ayr\u0131 ya\u015fasam da&#8230; Bilmir\u0259m, h\u0259yatd\u0131r n\u0259 olub, anam faci\u0259vi \u015f\u0259kild\u0259 d\u00fcnyas\u0131n\u0131 d\u0259yi\u015fib, amma bir k\u00f6rp\u0259 h\u0259r zaman do\u011fmalar\u0131n\u0131 ist\u0259yir. Yax\u015f\u0131 ki, gec d\u0259 olsa siz yan\u0131mda vars\u0131n\u0131z. Bu g\u00fcn h\u0259m sevinmi\u015f\u0259m, h\u0259m d\u0259 k\u0259d\u0259rl\u0259nmi\u015f\u0259m. Bu h\u0259yatda anan\u0131n yerini he\u00e7 n\u0259 vermir. Ka\u015f ki, bel\u0259 olmazd\u0131. Anam\u0131 h\u0259r zaman arzulay\u0131ram. Onun ruhu \u015fad olsun. Anam\u0131 bir ya\u015f yar\u0131ml\u0131\u011f\u0131mda itirmi\u015f\u0259m. Onu xat\u0131rlam\u0131ram. H\u0259r zaman bir arzum olub ki, anam\u0131 yuxumda g\u00f6r\u00fcm. O da ill\u0259rdir ki, olmur. \u00c7ox ist\u0259yir\u0259m onu g\u00f6r\u00fcm. Allah bunu m\u0259n\u0259 qism\u0259t etmir. Y\u0259qin ki, o d\u00fcnyada Allah bizi qar\u015f\u0131la\u015fd\u0131racaq. Onu g\u00f6rm\u0259k ist\u0259yir\u0259m. O \u00e7ox g\u00f6z\u0259l xan\u0131m olub. \u015e\u0259kill\u0259rd\u0259 g\u00f6rm\u00fc\u015f\u0259m. G\u00f6z\u0259l xan\u0131mlar\u0131n is\u0259 h\u0259r zaman q\u0259lbi q\u0131r\u0131lm\u0131\u015f olur&#8221;.<\/p>\n\n\n\n<p>Qeyd ed\u0259k ki, \u015e\u0259bn\u0259mi u\u015faq ya\u015flar\u0131ndan xalas\u0131 v\u0259 onun h\u0259yat yolda\u015f\u0131 saxlay\u0131b. O, do\u011fma valideyn kimi onlar\u0131 tan\u0131y\u0131b. \u0130ll\u0259r sonra is\u0259 \u0259sl atas\u0131n\u0131n kim oldu\u011funu \u00f6yr\u0259nib.(Ax\u015fam.az)<\/p>\n","protected":false},"excerpt":{"rendered":"<p>M\u00fc\u011f\u0259nni \u015e\u0259bn\u0259m Tovuzlu 43 ya\u015f\u0131n\u0131 &#8220;Qonaqcanl\u0131&#8221; verili\u015find\u0259 qeyd edib. Verili\u015f zaman\u0131 yax\u0131nlar\u0131n\u0131n \u015e\u0259bn\u0259m\u0259 t\u0259briki n\u00fcmayi\u015f olunub. Valideynl\u0259rind\u0259n dan\u0131\u015fan s\u0259n\u0259t\u00e7i k\u00f6vr\u0259lib: &#8220;Atam\u0131n s\u0259rt v\u0259 sevm\u0259diyim xasiyy\u0259ti var. Bunu t\u0259k m\u0259n yox, b\u00fct\u00fcn n\u0259sil bilir&#8230; Amma n\u0259 yalan deyim, onunla tez-tez dan\u0131\u015fm\u0131ram. Onu buna r\u0259\u011fm\u0259n \u00e7ox sevir\u0259m. M\u0259nim Ruslan v\u0259 Orxan ad\u0131nda iki qarda\u015f\u0131m, Aytac ad\u0131nda bir &hellip;<\/p>\n","protected":false},"author":1,"featured_media":16896,"comment_status":"open","ping_status":"closed","sticky":false,"template":"","format":"standard","meta":{"footnotes":""},"categories":[6,3],"tags":[],"class_list":["post-16895","post","type-post","status-publish","format-standard","has-post-thumbnail","hentry","category-maqazin","category-olke"],"_links":{"self":[{"href":"https:\/\/millitv.net\/index.php?rest_route=\/wp\/v2\/posts\/16895","targetHints":{"allow":["GET"]}}],"collection":[{"href":"https:\/\/millitv.net\/index.php?rest_route=\/wp\/v2\/posts"}],"about":[{"href":"https:\/\/millitv.net\/index.php?rest_route=\/wp\/v2\/types\/post"}],"author":[{"embeddable":true,"href":"https:\/\/millitv.net\/index.php?rest_route=\/wp\/v2\/users\/1"}],"replies":[{"embeddable":true,"href":"https:\/\/millitv.net\/index.php?rest_route=%2Fwp%2Fv2%2Fcomments&post=16895"}],"version-history":[{"count":1,"href":"https:\/\/millitv.net\/index.php?rest_route=\/wp\/v2\/posts\/16895\/revisions"}],"predecessor-version":[{"id":16897,"href":"https:\/\/millitv.net\/index.php?rest_route=\/wp\/v2\/posts\/16895\/revisions\/16897"}],"wp:featuredmedia":[{"embeddable":true,"href":"https:\/\/millitv.net\/index.php?rest_route=\/wp\/v2\/media\/16896"}],"wp:attachment":[{"href":"https:\/\/millitv.net\/index.php?rest_route=%2Fwp%2Fv2%2Fmedia&parent=16895"}],"wp:term":[{"taxonomy":"category","embeddable":true,"href":"https:\/\/millitv.net\/index.php?rest_route=%2Fwp%2Fv2%2Fcategories&post=16895"},{"taxonomy":"post_tag","embeddable":true,"href":"https:\/\/millitv.net\/index.php?rest_route=%2Fwp%2Fv2%2Ftags&post=16895"}],"curies":[{"name":"wp","href":"https:\/\/api.w.org\/{rel}","templated":true}]}}