{"id":1684,"date":"2023-10-14T10:12:35","date_gmt":"2023-10-14T10:12:35","guid":{"rendered":"https:\/\/millinews.az\/xeber\/oxu-az-fransanin-regionda-puc-olan-planlari-paris-c%C9%99nubi-qafqazda-fiaskoya-ugrayib\/"},"modified":"2023-10-14T10:12:35","modified_gmt":"2023-10-14T10:12:35","slug":"oxu-az-fransanin-regionda-puc-olan-planlari-paris-c%C9%99nubi-qafqazda-fiaskoya-ugrayib","status":"publish","type":"post","link":"https:\/\/millitv.net\/?p=1684","title":{"rendered":"Millinews.az &#8211; Fransan\u0131n regionda pu\u00e7 olan planlar\u0131: Paris C\u0259nubi Qafqazda fiaskoya u\u011fray\u0131b"},"content":{"rendered":"<div><a class=\"subs-in-social subs-whatsapp\" href=\"https:\/\/whatsapp.com\/channel\/0029VaAakbx89ingOoeiTp40\" target=\"_blank\" rel=\"noopener\"><\/p>\n<p>Bizim WhatsApp kanal\u0131m\u0131za buradan abun\u0259 ola bil\u0259rsiniz<\/p>\n<p><\/a><\/p>\n<p>Uzun m\u00fcdd\u0259tdir Fransa C\u0259nubi Qafqazda i\u015f\u011fal\u00e7\u0131 planlar\u0131n\u0131 i\u015f\u0259 salma\u011fa c\u0259hd edir. Amma Az\u0259rbaycan\u0131n d\u00fczg\u00fcn hesablanm\u0131\u015f add\u0131mlar\u0131 v\u0259 xarici siyas\u0259tinin, diplomatiyas\u0131n\u0131n u\u011furu n\u0259tic\u0259sind\u0259 bu planlar h\u0259r d\u0259f\u0259 iflas olur. Afrikan\u0131 uzun ill\u0259rdir \u00e7ap\u0131b-talayan Fransan\u0131n C\u0259nubi Qafqazla ba\u011fl\u0131 siyas\u0259tini \u0259sas\u0259n d\u00f6rd hiss\u0259y\u0259 b\u00f6lm\u0259k olar.<\/p>\n<p><strong>1. Az\u0259rbaycan-Erm\u0259nistan s\u00fclh dan\u0131\u015f\u0131qlar\u0131n\u0131 sabotaj etm\u0259k<\/strong><\/p>\n<p>2020-ci il m\u00fcharib\u0259sind\u0259n sonra Az\u0259rbaycanla Erm\u0259nistan aras\u0131nda m\u00fcxt\u0259lif platformalarda s\u00fclh dan\u0131\u015f\u0131qlar\u0131 ke\u00e7irilir. Dan\u0131\u015f\u0131qlar \u0259sas\u0259n Avropada \u00fc\u00e7t\u0259r\u0259fli, d\u00f6rdt\u0259r\u0259fli v\u0259 Rusiyada \u00fc\u00e7t\u0259r\u0259fli formatlarda ba\u015f tutur. Son d\u00f6vrl\u0259r is\u0259 Fransa dan\u0131\u015f\u0131qlar\u0131 sabotaj etm\u0259k v\u0259 Erm\u0259nistan\u0131 q\u0131z\u0131\u015fd\u0131rmaq yolunu tutub. \u018fsas h\u0259d\u0259f Erm\u0259nistan\u0131 Rusiya orbitind\u0259n \u00e7\u0131xarmaq olsa da, bu, \u0259slind\u0259 s\u00fclh dan\u0131\u015f\u0131qlar\u0131na k\u00f6lg\u0259 sal\u0131r v\u0259 C\u0259nubi Qafqaz regionunu inki\u015fafdan saxlay\u0131r. AT\u018fT-in ke\u00e7mi\u015f Minsk qrupunun \u00fczv\u00fc olan Fransa t\u0259r\u0259fke\u015flikl\u0259 m\u0259\u015f\u011ful olur, neytral v\u0259 t\u0259r\u0259fsiz m\u00f6vqe saxlamaq \u0259v\u0259zin\u0259 Erm\u0259nistana havadarl\u0131q edir. Son d\u00f6vrl\u0259r is\u0259 havadarl\u0131q missiyas\u0131n\u0131n dozas\u0131n\u0131 art\u0131ran r\u0259smi Paris konkret olaraq dan\u0131\u015f\u0131qlar\u0131 sabotaj etm\u0259k plan\u0131n\u0131 b\u00fcruz\u0259 verdi. El\u0259 bu s\u0259b\u0259bd\u0259n d\u0259 oktyabr\u0131n 5-n\u0259 planla\u015fd\u0131r\u0131lan Qranada g\u00f6r\u00fc\u015f\u00fc n\u0259tic\u0259siz qald\u0131. Az\u0259rbaycan Prezidenti <strong>\u0130lham \u018fliyev<\/strong> g\u00f6r\u00fc\u015fd\u0259n konkret olaraq imtina ed\u0259r\u0259k Fransaya yerini g\u00f6st\u0259rdi. N\u0259z\u0259rd\u0259 tutulan g\u00f6r\u00fc\u015f\u0259 n\u0259 Az\u0259rbaycan, n\u0259 d\u0259 T\u00fcrkiy\u0259 prezidentl\u0259ri qat\u0131ld\u0131. \u018fv\u0259zind\u0259 is\u0259 Nikol Pa\u015finyan suyu s\u00fcz\u00fcl\u0259-s\u00fcz\u00fcl\u0259 Qranadaya s\u0259f\u0259r etdi v\u0259 eyni t\u0259rzd\u0259 d\u0259 geri qay\u0131td\u0131. T\u0259sad\u00fcfi deyil ki, Q\u0259rbin n\u00fcfuzlu K\u0130V-l\u0259ri Az\u0259rbaycan v\u0259 T\u00fcrkiy\u0259nin i\u015ftirak\u0131 olmadan ke\u00e7iril\u0259n Qranada g\u00f6r\u00fc\u015f\u00fcn\u00fc u\u011fursuz v\u0259 n\u0259tic\u0259siz adland\u0131rd\u0131lar. Bu is\u0259 reall\u0131\u011f\u0131 n\u00f6vb\u0259ti d\u0259f\u0259 ortaya qoydu: C\u0259nubi Qafqaz regionunun s\u00f6z haqq\u0131 Az\u0259rbaycana m\u0259xsusdur. Bu regionla ba\u011fl\u0131 ist\u0259nil\u0259n m\u0259s\u0259l\u0259d\u0259 Az\u0259rbaycan\u0131n m\u00f6vqeyi n\u0259z\u0259r\u0259 al\u0131nmal\u0131d\u0131r, \u0259ks halda ist\u0259nil\u0259n g\u00f6r\u00fc\u015f, plan v\u0259 layih\u0259 fiaskoya u\u011fraya bil\u0259r.<\/p>\n<p>Erm\u0259nistan\u0131n ba\u015f naziri Nikol Pa\u015finyan Fransan\u0131n plan\u0131na uy\u011fun olaraq, Qranada g\u00f6r\u00fc\u015f\u00fcnd\u0259 anti-Rusiya m\u00f6vqeyini davam etdirdi. T\u0259sad\u00fcfi deyil ki, Pa\u015finyan Qranada s\u0259f\u0259rind\u0259n qay\u0131td\u0131qdan sonra Erm\u0259nistan\u0131n siyasi kulisl\u0259rind\u0259 Kollektiv T\u0259hl\u00fck\u0259sizlik M\u00fcdafi\u0259 T\u0259\u015fkilat\u0131ndan (KTMT) \u00e7\u0131xmaq, \u00a0Avrasiya \u0130qtisadi \u0130ttifaq\u0131ndan (A\u0130\u0130) ayr\u0131lmaq v\u0259 Rusiya qaz\u0131ndan imtina etm\u0259k kimi s\u00f6hb\u0259tl\u0259r dola\u015fma\u011fa ba\u015flad\u0131. Ayd\u0131nd\u0131r ki, Fransa bu yolla Erm\u0259nistan\u0131 tam olaraq Rusiyan\u0131n orbitind\u0259n \u00e7\u0131xarma\u011fa \u00e7al\u0131\u015f\u0131r. El\u0259 buna g\u00f6r\u0259 d\u0259 \u0259vv\u0259lc\u0259 Erm\u0259nistan\u0131n X\u0130N ba\u015f\u00e7\u0131s\u0131 Ararat Mirzoyan, ard\u0131nca is\u0259 Nikol Pa\u015finyan Bi\u015fkek g\u00f6r\u00fc\u015f\u00fcnd\u0259 i\u015ftirak etm\u0259y\u0259c\u0259kl\u0259rini b\u0259yan etdil\u0259r. Bu, \u0259slind\u0259 Rusiya il\u0259 \u0259laq\u0259l\u0259rin hans\u0131 s\u0259viyy\u0259y\u0259 enm\u0259sind\u0259n x\u0259b\u0259r verir.<\/p>\n<p><img decoding=\"async\" alt=\"\" src=\"https:\/\/cdn.oxu.az\/uploads\/W1siZiIsIjIwMjMvMTAvMTQvMTAvNDgvNDcvNmJmZTMyZmMtOGZkMy00NmVlLWIxZTUtMmM3OWU5ZDU2NTU5LzI0Y2IzMzhkLWUyMzEtMzdhNC05MzVkLTllZThkNmUzZDZjMS5qcGciXSxbInAiLCJlbmNvZGUiLCJqcGciLCItcXVhbGl0eSA4MCJdLFsicCIsInRodW1iIiwiNTkweDU5MFx1MDAzZSJdXQ?sha=506ce352073b75cf\" title=\"\"><\/p>\n<p>Bununla bel\u0259, Nikol Pa\u015finyan da g\u00f6z\u0259l anlay\u0131r ki, Fransan\u0131n sabotajlar\u0131 il\u0259 Q\u0259rb platformas\u0131nda dan\u0131\u015f\u0131qlar Az\u0259rbaycan \u00fc\u00e7\u00fcn m\u0259qbul deyil v\u0259 Az\u0259rbaycan bunu a\u00e7\u0131q \u015f\u0259kild\u0259 dil\u0259 g\u0259tirir. Az\u0259rbaycan Prezidenti \u0130lham \u018fliyev konkret olaraq Fransan\u0131n vasit\u0259\u00e7iliyinin \u00fcst\u00fcnd\u0259n x\u0259tt \u00e7\u0259kir. Pa\u015finyan\u0131n Bi\u015fkek g\u00f6r\u00fc\u015f\u00fcnd\u0259n imtinas\u0131na is\u0259 \u0130lham \u018fliyev art\u0131q ikit\u0259r\u0259fli g\u00f6r\u00fc\u015fl\u0259rin ke\u00e7irilm\u0259 ehtimal\u0131ndan dan\u0131\u015f\u0131r. Bu is\u0259 h\u0259m Nikol Pa\u015finyana, h\u0259m d\u0259 havadar\u0131 olan Fransaya mesajd\u0131r ki, art\u0131q Az\u0259rbaycan\u0131n s\u0259bri t\u00fck\u0259nm\u0259k \u00fczr\u0259dir v\u0259 Erm\u0259nistanla t\u0259kb\u0259t\u0259k dan\u0131\u015f\u0131qlar g\u00fcnd\u0259m\u0259 g\u0259l\u0259 bil\u0259r.<\/p>\n<p>Pa\u015finyan is\u0259 ged\u0259n prosesl\u0259ri g\u00f6rd\u00fcy\u00fc \u00fc\u00e7\u00fcn Az\u0259rbaycan\u0131n t\u0259klif etdiyi \u201c3+3\u201d platformas\u0131nda (Az\u0259rbaycan, Erm\u0259nistan, T\u00fcrkiy\u0259, \u0130ran, Rusiya, G\u00fcrc\u00fcstan &#8211; red.) i\u015ftiraka raz\u0131l\u0131q verib v\u0259 bu tip g\u00f6r\u00fc\u015fl\u0259ri d\u0259st\u0259kl\u0259diyini dolay\u0131 yolla etiraf edib. \u018fslind\u0259, bu da Fransaya \u00f6t\u00fcr\u00fcl\u0259n mesajd\u0131r ki, regionun m\u0259s\u0259l\u0259l\u0259ri s\u0131rf region \u00f6lk\u0259l\u0259ri il\u0259 h\u0259ll edilir. Region \u00f6lk\u0259l\u0259ri aras\u0131nda iqtisadi bloklar xarici aktorlara b\u00f6lg\u0259y\u0259 girm\u0259m\u0259k \u00fc\u00e7\u00fcn bir mesaj say\u0131l\u0131r.<\/p>\n<p>Eyni zamanda, r\u0259smi Tbilisinin d\u0259 vasit\u0259\u00e7i kimi i\u015ftirak etm\u0259si v\u0259 Erm\u0259nistanla Az\u0259rbaycana s\u00fclh dan\u0131\u015f\u0131qlar\u0131nda platforma t\u0259klif etm\u0259si dan\u0131\u015f\u0131qlar platformas\u0131n\u0131n yava\u015f-yava\u015f Q\u0259rbd\u0259n regiona t\u0259r\u0259f ke\u00e7m\u0259si kimi d\u0259y\u0259rl\u0259ndiril\u0259 bil\u0259r. Onsuz da Q\u0259rbd\u0259ki dan\u0131\u015f\u0131qlarda Fransan\u0131n i\u015ftirak\u0131na Az\u0259rbaycan q\u0259ti sur\u0259td\u0259 etiraz edir. Qalib v\u0259 dan\u0131\u015f\u0131qlarda dikt\u0259 ed\u0259n t\u0259r\u0259f olan r\u0259smi Bak\u0131 h\u0259m \u201c3+3\u201d, h\u0259m Rusiya, h\u0259m d\u0259 Tbilisi platformalar\u0131na isti yana\u015f\u0131r. Erm\u0259nistan\u0131n is\u0259 bu t\u0259klifl\u0259rl\u0259 raz\u0131la\u015fmaqdan ba\u015fqa \u00e7ar\u0259si qalmayacaq.<\/p>\n<p>Q\u0131sacas\u0131, r\u0259smi Bak\u0131 Fransan\u0131n liderlik iddias\u0131nda oldu\u011fu Q\u0259rb platformas\u0131nda dan\u0131\u015f\u0131qlar\u0131 m\u0259qbul saym\u0131r. \u00c7\u00fcnki bu platformada s\u0259rh\u0259dl\u0259rin delimitasiyas\u0131 v\u0259 kommunikasiyalar\u0131n a\u00e7\u0131lmas\u0131 il\u0259 ba\u011fl\u0131 Fransan\u0131n dikt\u0259 etdiyi m\u00fcdd\u0259alar Az\u0259rbaycan\u0131n maraqlar\u0131na uy\u011fun deyil v\u0259 bu a\u00e7\u0131q \u015f\u0259kild\u0259 dil\u0259 g\u0259tirilir. R\u0259smi Bak\u0131 Avropa \u0130ttifaq\u0131 \u015euras\u0131n\u0131n r\u0259hb\u0259ri \u015earl Mi\u015felin t\u0259klifini q\u0259bul ets\u0259 d\u0259, prinsipial m\u0259s\u0259l\u0259l\u0259rd\u0259 \u00f6z m\u00f6vqeyini qoruyaca\u011f\u0131n\u0131 bildirir. Erm\u0259nistan is\u0259 Rusiyan\u0131n vasit\u0259\u00e7i oldu\u011fu platformadan boyun qa\u00e7\u0131rma yolunu tutub. \u00c7\u00fcnki Rusiyan\u0131n kommunikasiya x\u0259tl\u0259ri v\u0259 Z\u0259ng\u0259zur d\u0259hlizi il\u0259 ba\u011fl\u0131 a\u00e7\u0131qlamalar\u0131 Fransan\u0131n planlar\u0131n\u0131 alt-\u00fcst edir. Eyni zamanda Rusiyan\u0131n vasit\u0259\u00e7iliyi regiona Erm\u0259nistan vasit\u0259sil\u0259 daxil olmaq ist\u0259y\u0259n Parisin t\u0259sirini azald\u0131r.<\/p>\n<p><strong>2. Fransan\u0131n s\u00fclhm\u0259raml\u0131 missiya arzusu<\/strong><\/p>\n<p>Fransa uzun m\u00fcdd\u0259tdir ki, Qaraba\u011fa \u00f6z s\u00fclhm\u0259raml\u0131lar\u0131n\u0131 yeritm\u0259k \u00fc\u00e7\u00fcn m\u00fcxt\u0259lif \u00fcsullara \u0259l at\u0131r, Erm\u0259nistan kart\u0131ndan istifad\u0259 edirdi. Rusiya il\u0259 regionda k\u0259ll\u0259-k\u0259ll\u0259y\u0259 g\u0259l\u0259n Fransa \u00f6z s\u00fclhm\u0259raml\u0131lar\u0131n\u0131 Qaraba\u011fa yerl\u0259\u015fdirm\u0259k \u00fc\u00e7\u00fcn d\u0259rid\u0259n-qab\u0131qdan \u00e7\u0131x\u0131rd\u0131. Medal\u0131n g\u00f6r\u00fcn\u0259n t\u0259r\u0259fi Fransan\u0131n Qaraba\u011f erm\u0259nil\u0259rini qorumaq plan\u0131 olsa da, \u0259sas m\u0259qs\u0259din Rusiyan\u0131 C\u0259nubi Qafqazdan s\u0131x\u0131\u015fd\u0131r\u0131b \u00e7\u0131xarmaq oldu\u011fu g\u00fcn kimi ayd\u0131n idi. Amma 19 sentyabrda Az\u0259rbaycan\u0131n ba\u015flatd\u0131\u011f\u0131 lokal antiterror t\u0259dbirl\u0259rind\u0259n sonra ba\u015f ver\u0259nl\u0259r Fransan\u0131n bu plan\u0131n\u0131 pu\u00e7 etdi. H\u0259m erm\u0259ni \u0259halinin k\u00f6n\u00fcll\u00fc sur\u0259td\u0259 k\u00f6\u00e7\u00fc, h\u0259m d\u0259 r\u0259smi Moskvan\u0131n m\u00f6vqeyi Paris\u0259 t\u0259rs \u015fill\u0259 kimi d\u0259ydi. Rusiya d\u0259f\u0259l\u0259rl\u0259 s\u00fclhm\u0259raml\u0131lar\u0131n taleyini ancaq v\u0259 ancaq Az\u0259rbaycanla m\u00fczakir\u0259 ed\u0259c\u0259yini b\u0259yan etdi. Bu is\u0259 \u0259slind\u0259 \u201cs\u00fclhm\u0259raml\u0131 missiyas\u0131na h\u0259v\u0259sli\u201d olan Fransaya da bir mesaj idi ki, bu i\u015f\u0259 yaln\u0131z Az\u0259rbaycan\u0131n raz\u0131l\u0131\u011f\u0131 il\u0259 qol qoymaq olar. Az\u0259rbaycan\u0131n is\u0259 erm\u0259ni havadar\u0131 rolunda \u00e7\u0131x\u0131\u015f ed\u0259n, h\u0259r g\u00fcn onun \u0259leyhin\u0259 q\u0259r\u0259zli v\u0259 \u0259sass\u0131z s\u0259rs\u0259m b\u0259yanatlar s\u0259sl\u0259ndir\u0259n r\u0259smi Paris\u0259 qar\u015f\u0131 m\u00f6vqeyi birm\u0259nal\u0131d\u0131r. He\u00e7 bir halda Az\u0259rbaycan Fransa s\u00fclhm\u0259raml\u0131lar\u0131n\u0131n \u00f6z \u0259razisin\u0259 daxil olmas\u0131na icaz\u0259 verm\u0259y\u0259c\u0259k. \u018fg\u0259r s\u00f6hb\u0259t Qaraba\u011f erm\u0259nil\u0259rind\u0259n gedirs\u0259, Az\u0259rbaycan \u00f6z \u0259razisind\u0259 ya\u015fayanlar\u0131n h\u00fcquq v\u0259 t\u0259hl\u00fck\u0259sizliyin\u0259 d\u0259f\u0259l\u0259rl\u0259 t\u0259minat verib. Eyni zamanda Fransa h\u0259rb\u00e7il\u0259rinin regionda g\u00f6r\u00fcnm\u0259si r\u0259smi Tehran\u0131 da narahat ed\u0259 bil\u0259r. Bu is\u0259 amerikal\u0131 h\u0259rb\u00e7il\u0259rl\u0259 \u0130ran s\u0259rh\u0259dind\u0259 10 g\u00fcn t\u0259lim ke\u00e7\u0259n Erm\u0259nistan \u00fc\u00e7\u00fcn he\u00e7 d\u0259 xo\u015f hal say\u0131lmaz. Regiondak\u0131 yegan\u0259 m\u00fctt\u0259fiqini itirm\u0259k is\u0259 r\u0259smi \u0130r\u0259van \u00fc\u00e7\u00fcn xaotik n\u0259tic\u0259l\u0259r\u0259 s\u0259b\u0259b ola bil\u0259r.<\/p>\n<p><img decoding=\"async\" alt=\"\" src=\"https:\/\/cdn.oxu.az\/uploads\/W1siZiIsIjIwMjMvMTAvMTQvMTAvNDgvNDcvYjU0MjdiNWYtYjEzZi00N2M3LWE3MmEtNzUxZjUwNjk0MTM5LzMzYTIzOTkyLTgxMDEtMzE5MC05ZGQ1LTRhNmEyMDM5MTc0Yy5qcGciXSxbInAiLCJlbmNvZGUiLCJqcGciLCItcXVhbGl0eSA4MCJdLFsicCIsInRodW1iIiwiNTkweDU5MFx1MDAzZSJdXQ?sha=adcee4b867a25cde\" title=\"\"><\/p>\n<p><strong>3. Silah alveri<\/strong><\/p>\n<p>Hindistandan sonra Erm\u0259nistana silah t\u0259dar\u00fck\u00fc etm\u0259y\u0259 haz\u0131rla\u015fan Fransan\u0131n bu niyy\u0259tini X\u0130N ba\u015f\u00e7\u0131s\u0131 Ketrin Kolonnan\u0131n \u0130r\u0259vana s\u0259f\u0259ri v\u0259 a\u00e7\u0131qlamalar\u0131 \u00fcz\u0259 \u00e7\u0131xard\u0131. Onun \u201cFransa Erm\u0259nistanla \u00f6lk\u0259nin m\u00fcdafi\u0259sini t\u0259min etm\u0259k \u00fc\u00e7\u00fcn h\u0259rbi \u0259m\u0259kda\u015fl\u0131q \u00fc\u00e7\u00fcn m\u00fcqavil\u0259 imzalay\u0131b\u201d a\u00e7\u0131qlamas\u0131 Fransan\u0131n regionun \u0259sas silah t\u0259dar\u00fck\u00e7\u00fcs\u00fc Rusiyan\u0131 s\u0131x\u0131\u015fd\u0131rmaq h\u0259ml\u0259si kimi d\u0259y\u0259rl\u0259ndirilir. \u00dcmumiyy\u0259tl\u0259, Fransa son ill\u0259r d\u00fcnya \u00fczr\u0259 silah sat\u0131\u015f\u0131na g\u00f6r\u0259, \u0259sas yerl\u0259rd\u0259n birin\u0259 yiy\u0259l\u0259nm\u0259k arzusundad\u0131r. SIPRI (Stokholm s\u00fclh ara\u015fd\u0131rma institutu) hesabatlar\u0131 v\u0259 dig\u0259r r\u0259smi r\u0259q\u0259ml\u0259r\u0259 g\u00f6r\u0259, 2018 v\u0259 2022-ci ill\u0259rd\u0259 Fransan\u0131n qlobal silah bazar\u0131ndak\u0131 pay\u0131 7,1 faizd\u0259n 11 faiz\u0259 q\u0259d\u0259r art\u0131b. Rusiyan\u0131n is\u0259 bu bazardak\u0131 pay\u0131 22 faizd\u0259n 16 faiz\u0259 d\u00fc\u015f\u00fcb. Rusiya pay\u0131ndak\u0131 azalma Ukrayna il\u0259 uzun m\u00fcdd\u0259tdir davam ed\u0259n m\u00fcharib\u0259 il\u0259 \u0259laq\u0259l\u0259ndirilir. Paris \u0259sas\u0259n \u201cDassault Aviaton\u201d v\u0259 \u201cNaval Group\u201d \u015firk\u0259tl\u0259ri vasit\u0259sil\u0259 qlobal silah bazar\u0131na \u00e7\u0131x\u0131\u015f\u0131n\u0131 t\u0259min edir. \u018fsas\u0259n \u201cRafael\u201d h\u0259rbi q\u0131r\u0131c\u0131lar\u0131 satan Fransan\u0131n Erm\u0259nistanla silah t\u0259dar\u00fck\u00fc bar\u0259d\u0259 m\u00fcqavil\u0259si regiondak\u0131 silah bazar\u0131ndan pay almaq niyy\u0259ti kimi d\u0259y\u0259rl\u0259ndirilm\u0259lidir. Amma m\u00fcharib\u0259d\u0259 biab\u0131r\u00e7\u0131 m\u0259\u011flubiyy\u0259tl\u0259 \u00fczl\u0259\u015f\u0259n, xarici d\u00f6vl\u0259t borcu 11 milyard dollardan \u00e7ox olan, b\u00fcdc\u0259 k\u0259siri h\u0259r il k\u0259skin \u015f\u0259kild\u0259 artan Erm\u0259nistan\u0131n bu m\u0259s\u0259l\u0259d\u0259 Fransaya hans\u0131 PR aparaca\u011f\u0131 da m\u0259lum deyil. \u00c7ox g\u00fcman ki, Fransan\u0131n regiondak\u0131 silah bazar\u0131na giri\u015fi h\u0259m Rusiyan\u0131n, h\u0259m d\u0259 \u0130ran\u0131n maraqlar\u0131 il\u0259 ziddiyy\u0259t t\u0259\u015fkil edir. Bu s\u0259b\u0259bd\u0259n d\u0259 yax\u0131n m\u00fcdd\u0259td\u0259 h\u0259m r\u0259smi Tehran\u0131n, h\u0259m d\u0259 r\u0259smi Moskvan\u0131n bu m\u0259s\u0259l\u0259 il\u0259 ba\u011fl\u0131 k\u0259skin m\u00f6vqeyini ortaya qoyaca\u011f\u0131 ehtimal edilir.<\/p>\n<p><strong>4 .\u018flc\u0259zair qaz\u0131<\/strong><\/p>\n<p>Parisin ke\u00e7mi\u015f m\u00fcst\u0259ml\u0259k\u0259l\u0259rind\u0259n say\u0131lan \u018flc\u0259zair \u0130taliya v\u0259 Fransaya t\u0259bii qaz ixrac edir. Az\u0259rbaycan\u0131n son d\u00f6vrl\u0259r Avropan\u0131n \u0259sas enerji partnyorlar\u0131ndan birin\u0259 \u00e7evrilm\u0259si Fransan\u0131 ciddi \u015f\u0259kild\u0259 narahat etm\u0259y\u0259 ba\u015flay\u0131b. Bu s\u0259b\u0259bd\u0259n d\u0259 Rusiya-Ukrayna m\u00fcharib\u0259sind\u0259 Rusiyadan idxal edil\u0259n enerjiy\u0259 t\u0259tbiq edil\u0259n sanksiyalardan sonra art\u0131q Avropan\u0131n dig\u0259r \u00f6lk\u0259l\u0259rin\u0259 d\u0259 \u018flc\u0259zaird\u0259n qaz idxal\u0131 m\u0259s\u0259l\u0259si g\u00fcnd\u0259m\u0259 g\u0259lib. \u018flc\u0259zair d\u00fcnyan\u0131n \u0259n b\u00f6y\u00fck qaz ixracat\u00e7\u0131lar\u0131ndan biridir (d\u00fcnya \u00fczr\u0259 4-c\u00fc) v\u0259 Avropaya n\u0259ql etdiyi qaz\u0131n h\u0259cmi sutkada 92 milyon kubmetrdir. Bu is\u0259 sutkada 252,9 milyon kubmetr qaz ixrac ed\u0259n Norve\u00e7d\u0259n sonra ikinci yer dem\u0259kdir. Az\u0259rbaycan Avropaya n\u0259ql etdiyi sutkal\u0131q t\u0259bii qaz\u0131n miqdar\u0131na g\u00f6r\u0259 d\u00f6rd\u00fcnc\u00fc yerd\u0259dir. \u00dc\u00e7\u00fcnc\u00fc yer\u0259 Rusiya, be\u015finci yer\u0259 is\u0259 Liviya sahibdir.<\/p>\n<p>G\u00f6r\u00fcnd\u00fcy\u00fc kimi, K\u00f6hn\u0259 qit\u0259nin is\u0259 \u0259sas qaz t\u0259dar\u00fck\u00e7\u00fcl\u0259rind\u0259n biri Az\u0259rbaycand\u0131r v\u0259 2022-ci ild\u0259 Az\u0259rbaycan Avropa Komissiyas\u0131n\u0131n s\u0259dri Ursula fon der Lyayen il\u0259 sazi\u015f imzalayaraq t\u0259dar\u00fck\u00fc art\u0131rma\u011fa ba\u015flay\u0131b. Sazi\u015f\u0259 \u0259sas\u0259n, 2027-ci il\u0259 q\u0259d\u0259r Az\u0259rbaycan Avropaya t\u0259bii qaz\u0131n t\u0259dar\u00fck\u00fcn\u00fc iki d\u0259f\u0259 art\u0131rmal\u0131d\u0131r. \u00d6lk\u0259mizin qaz\u0131n\u0131n \u0259sas\u0259n Yunan\u0131stan, \u0130sve\u00e7r\u0259, \u0130taliya v\u0259 \u0130spaniya kimi \u00f6lk\u0259l\u0259r\u0259 t\u0259dar\u00fck edilm\u0259si planla\u015fd\u0131r\u0131l\u0131r. H\u0259tta Q\u0259rb ekspertl\u0259ri d\u0259 Az\u0259rbaycanda qaz sektorunun g\u0259l\u0259c\u0259yinin neft analoqundan daha parlaq g\u00f6r\u00fcnd\u00fcy\u00fcn\u00fc qeyd edirl\u0259r. TANAP v\u0259 TAP layih\u0259l\u0259ri T\u00fcrkiy\u0259 v\u0259 Avropaya qaz\u0131n n\u0259qlini asanla\u015fd\u0131r\u0131r. Az\u0259rbaycan qaz\u0131n\u0131n \u0259sas al\u0131c\u0131s\u0131 \u0130taliyad\u0131r v\u0259 A\u0130-y\u0259 daxil dig\u0259r \u00f6lk\u0259l\u0259r d\u0259 Az\u0259rbaycan\u0131n enerji partnyorlar\u0131 say\u0131l\u0131rlar. \u00dcmumi olaraq, Az\u0259rbaycan Avropan\u0131n qaz t\u0259l\u0259bat\u0131n\u0131n 5 faizini \u00f6d\u0259yir. Bu, r\u0259smi Parisin yuxusuna haram qat\u0131r v\u0259 \u018flc\u0259zair qaz\u0131n\u0131 \u00f6n plana \u00e7\u0131xarma\u011fa \u00e7al\u0131\u015faraq, Az\u0259rbaycan\u0131n bazardak\u0131 pay\u0131n\u0131 ki\u00e7iltm\u0259yi h\u0259d\u0259fl\u0259yir. Amma g\u00f6r\u00fcn\u00fcr, Fransada bu plan\u0131 d\u0259st\u0259kl\u0259y\u0259nl\u0259r v\u0259 ir\u0259li s\u00fcr\u0259nl\u0259r n\u0259 riyazi hesablamalar\u0131 bilir, n\u0259 d\u0259 geosiyasi d\u0259yi\u015fiklikl\u0259rd\u0259n x\u0259b\u0259rl\u0259ri var. \u00c7\u00fcnki yuxar\u0131da da qeyd etdiyimiz kimi, Az\u0259rbaycan\u0131n Avropa qaz bazar\u0131nda pay\u0131 5 faizdir v\u0259 Avropan\u0131n Az\u0259rbaycan qaz\u0131ndan imtinas\u0131 is\u0259 s\u0131rf siyasi q\u0259rarlar n\u0259tic\u0259sind\u0259 m\u00fcmk\u00fcnd\u00fcr. Avropada is\u0259 bel\u0259 q\u0259rarlar h\u0259r g\u00fcn q\u0259bul edilmir. \u018fksin\u0259, A\u0130 Az\u0259rbaycanla enerji sektorunda yeni dan\u0131\u015f\u0131qlar apar\u0131r, yeni m\u00fcqavil\u0259l\u0259r imzalan\u0131r v\u0259 \u00fcf\u00fcqd\u0259 yeni layih\u0259l\u0259rin olaca\u011f\u0131 da \u015f\u00fcbh\u0259sizdir.<\/p>\n<p><strong>\u201cReport\u201d \u0130nformasiya Agentliyi<\/strong><\/p>\n<\/div>\n","protected":false},"excerpt":{"rendered":"<p>Bizim WhatsApp kanal\u0131m\u0131za buradan abun\u0259 ola bil\u0259rsiniz Uzun m\u00fcdd\u0259tdir Fransa C\u0259nubi Qafqazda i\u015f\u011fal\u00e7\u0131 planlar\u0131n\u0131 i\u015f\u0259 salma\u011fa c\u0259hd edir. Amma Az\u0259rbaycan\u0131n d\u00fczg\u00fcn hesablanm\u0131\u015f add\u0131mlar\u0131 v\u0259 xarici siyas\u0259tinin, diplomatiyas\u0131n\u0131n u\u011furu n\u0259tic\u0259sind\u0259 bu planlar h\u0259r d\u0259f\u0259 iflas olur. Afrikan\u0131 uzun ill\u0259rdir \u00e7ap\u0131b-talayan Fransan\u0131n C\u0259nubi Qafqazla ba\u011fl\u0131 siyas\u0259tini \u0259sas\u0259n d\u00f6rd hiss\u0259y\u0259 b\u00f6lm\u0259k olar. 1. Az\u0259rbaycan-Erm\u0259nistan s\u00fclh dan\u0131\u015f\u0131qlar\u0131n\u0131 sabotaj etm\u0259k &hellip;<\/p>\n","protected":false},"author":1,"featured_media":1685,"comment_status":"open","ping_status":"closed","sticky":false,"template":"","format":"standard","meta":{"footnotes":""},"categories":[9],"tags":[],"class_list":["post-1684","post","type-post","status-publish","format-standard","has-post-thumbnail","hentry","category-xeber"],"_links":{"self":[{"href":"https:\/\/millitv.net\/index.php?rest_route=\/wp\/v2\/posts\/1684","targetHints":{"allow":["GET"]}}],"collection":[{"href":"https:\/\/millitv.net\/index.php?rest_route=\/wp\/v2\/posts"}],"about":[{"href":"https:\/\/millitv.net\/index.php?rest_route=\/wp\/v2\/types\/post"}],"author":[{"embeddable":true,"href":"https:\/\/millitv.net\/index.php?rest_route=\/wp\/v2\/users\/1"}],"replies":[{"embeddable":true,"href":"https:\/\/millitv.net\/index.php?rest_route=%2Fwp%2Fv2%2Fcomments&post=1684"}],"version-history":[{"count":0,"href":"https:\/\/millitv.net\/index.php?rest_route=\/wp\/v2\/posts\/1684\/revisions"}],"wp:featuredmedia":[{"embeddable":true,"href":"https:\/\/millitv.net\/index.php?rest_route=\/wp\/v2\/media\/1685"}],"wp:attachment":[{"href":"https:\/\/millitv.net\/index.php?rest_route=%2Fwp%2Fv2%2Fmedia&parent=1684"}],"wp:term":[{"taxonomy":"category","embeddable":true,"href":"https:\/\/millitv.net\/index.php?rest_route=%2Fwp%2Fv2%2Fcategories&post=1684"},{"taxonomy":"post_tag","embeddable":true,"href":"https:\/\/millitv.net\/index.php?rest_route=%2Fwp%2Fv2%2Ftags&post=1684"}],"curies":[{"name":"wp","href":"https:\/\/api.w.org\/{rel}","templated":true}]}}