{"id":16794,"date":"2024-12-18T12:52:32","date_gmt":"2024-12-18T12:52:32","guid":{"rendered":"https:\/\/millitv.net\/?p=16794"},"modified":"2024-12-18T12:52:33","modified_gmt":"2024-12-18T12:52:33","slug":"bu-m%C9%99shuru-tanidiniz-18-yasinda-c%C9%99kil%C9%99n-foto","status":"publish","type":"post","link":"https:\/\/millitv.net\/?p=16794","title":{"rendered":"Bu m\u0259\u015fhuru tan\u0131d\u0131n\u0131z? &#8211; 18 ya\u015f\u0131nda \u00e7\u0259kil\u0259n FOTO"},"content":{"rendered":"\n<p>T\u00fcrkiy\u0259nin tan\u0131nm\u0131\u015f v\u0259 qalmaqall\u0131 ifa\u00e7\u0131s\u0131 Y\u0131ld\u0131z Tilbe, 18 ya\u015f\u0131nda \u00e7\u0259kilmi\u015f arxiv fotosunu izl\u0259yicil\u0259ri il\u0259 payla\u015f\u0131b. Haz\u0131rda 58 ya\u015f\u0131nda olan m\u00fc\u011f\u0259nni, g\u0259nclik ill\u0259rin\u0259 aid bu g\u00f6r\u00fcnt\u00fcs\u00fc il\u0259 diqq\u0259t \u00e7\u0259kib. \u0130zl\u0259yicil\u0259r \u015f\u0259rhl\u0259rd\u0259 onun g\u00f6r\u00fcn\u00fc\u015f\u00fcn\u00fc m\u00fczakir\u0259 ed\u0259r\u0259k, b\u0259zi hallarda o\u011flana b\u0259nz\u0259diyini qeyd edibl\u0259r.<\/p>\n\n\n\n<p>Musavat.com bildirir ki, Y\u0131ld\u0131z Tilbe, 16 iyul 1966-c\u0131 ild\u0259 \u0130zmirin Konak il\u00e7\u0259sind\u0259 anadan olub. K\u00fcrt v\u0259 Zaza k\u00f6k\u0259nli ail\u0259nin alt\u0131 \u00f6vlad\u0131ndan \u0259n ki\u00e7iyidir. Ail\u0259si i\u00e7ind\u0259 &#8220;Yadigar&#8221; l\u0259q\u0259bi il\u0259 tan\u0131n\u0131rd\u0131. Orta m\u0259kt\u0259bi ikinci sinifd\u0259 t\u0259rk ed\u0259r\u0259k, erk\u0259n ya\u015flarda musiqi karyeras\u0131na ba\u015flay\u0131b. 18 ya\u015f\u0131nda G\u00fcng\u00f6r Karahan il\u0259 evl\u0259nib v\u0259 bu evlilikd\u0259n Sezen Bur\u00e7in adl\u0131 bir q\u0131z\u0131 d\u00fcnyaya g\u0259lib. Be\u015f illik evlilikd\u0259n sonra c\u00fctl\u00fck ayr\u0131l\u0131b.<\/p>\n\n\n\n<p>Y\u0131ld\u0131z Tilbe, musiqi karyeras\u0131 boyunca \u00f6z\u00fcn\u0259m\u0259xsus t\u0259rzi v\u0259 qalmaqall\u0131 a\u00e7\u0131qlamalar\u0131 il\u0259 tan\u0131n\u0131b. Sosial mediada aktiv olan m\u00fc\u011f\u0259nni, zaman-zaman arxiv fotolar\u0131n\u0131 v\u0259 \u015f\u0259xsi h\u0259yat\u0131na dair payla\u015f\u0131mlar edir.&nbsp;<\/p>\n\n\n\n<figure class=\"wp-block-image\"><img decoding=\"async\" src=\"https:\/\/cdn.musavat.com\/news\/images\/Gulnar\/fd\/h\/hhg\/gg\/Screenshot_1.png\" alt=\"\" title=\"\"><\/figure>\n\n\n\n<figure class=\"wp-block-image\"><img decoding=\"async\" src=\"https:\/\/cdn.musavat.com\/news\/images\/Gulnar\/fd\/h\/hhg\/gg\/Screenshot_2.png\" alt=\"\" title=\"\"><\/figure>\n","protected":false},"excerpt":{"rendered":"<p>T\u00fcrkiy\u0259nin tan\u0131nm\u0131\u015f v\u0259 qalmaqall\u0131 ifa\u00e7\u0131s\u0131 Y\u0131ld\u0131z Tilbe, 18 ya\u015f\u0131nda \u00e7\u0259kilmi\u015f arxiv fotosunu izl\u0259yicil\u0259ri il\u0259 payla\u015f\u0131b. Haz\u0131rda 58 ya\u015f\u0131nda olan m\u00fc\u011f\u0259nni, g\u0259nclik ill\u0259rin\u0259 aid bu g\u00f6r\u00fcnt\u00fcs\u00fc il\u0259 diqq\u0259t \u00e7\u0259kib. \u0130zl\u0259yicil\u0259r \u015f\u0259rhl\u0259rd\u0259 onun g\u00f6r\u00fcn\u00fc\u015f\u00fcn\u00fc m\u00fczakir\u0259 ed\u0259r\u0259k, b\u0259zi hallarda o\u011flana b\u0259nz\u0259diyini qeyd edibl\u0259r. Musavat.com bildirir ki, Y\u0131ld\u0131z Tilbe, 16 iyul 1966-c\u0131 ild\u0259 \u0130zmirin Konak il\u00e7\u0259sind\u0259 anadan olub. K\u00fcrt &hellip;<\/p>\n","protected":false},"author":1,"featured_media":16795,"comment_status":"open","ping_status":"closed","sticky":false,"template":"","format":"standard","meta":{"footnotes":""},"categories":[6,3],"tags":[],"class_list":["post-16794","post","type-post","status-publish","format-standard","has-post-thumbnail","hentry","category-maqazin","category-olke"],"_links":{"self":[{"href":"https:\/\/millitv.net\/index.php?rest_route=\/wp\/v2\/posts\/16794","targetHints":{"allow":["GET"]}}],"collection":[{"href":"https:\/\/millitv.net\/index.php?rest_route=\/wp\/v2\/posts"}],"about":[{"href":"https:\/\/millitv.net\/index.php?rest_route=\/wp\/v2\/types\/post"}],"author":[{"embeddable":true,"href":"https:\/\/millitv.net\/index.php?rest_route=\/wp\/v2\/users\/1"}],"replies":[{"embeddable":true,"href":"https:\/\/millitv.net\/index.php?rest_route=%2Fwp%2Fv2%2Fcomments&post=16794"}],"version-history":[{"count":1,"href":"https:\/\/millitv.net\/index.php?rest_route=\/wp\/v2\/posts\/16794\/revisions"}],"predecessor-version":[{"id":16796,"href":"https:\/\/millitv.net\/index.php?rest_route=\/wp\/v2\/posts\/16794\/revisions\/16796"}],"wp:featuredmedia":[{"embeddable":true,"href":"https:\/\/millitv.net\/index.php?rest_route=\/wp\/v2\/media\/16795"}],"wp:attachment":[{"href":"https:\/\/millitv.net\/index.php?rest_route=%2Fwp%2Fv2%2Fmedia&parent=16794"}],"wp:term":[{"taxonomy":"category","embeddable":true,"href":"https:\/\/millitv.net\/index.php?rest_route=%2Fwp%2Fv2%2Fcategories&post=16794"},{"taxonomy":"post_tag","embeddable":true,"href":"https:\/\/millitv.net\/index.php?rest_route=%2Fwp%2Fv2%2Ftags&post=16794"}],"curies":[{"name":"wp","href":"https:\/\/api.w.org\/{rel}","templated":true}]}}