{"id":16787,"date":"2024-12-18T12:48:24","date_gmt":"2024-12-18T12:48:24","guid":{"rendered":"https:\/\/millitv.net\/?p=16787"},"modified":"2024-12-18T12:48:25","modified_gmt":"2024-12-18T12:48:25","slug":"46-yasli-manana-kimdir-gurcu-goz%C9%99linin-bakini-secm%C9%99-sebebleri","status":"publish","type":"post","link":"https:\/\/millitv.net\/?p=16787","title":{"rendered":"46 ya\u015fl\u0131 Manana kimdir? \u2013 G\u00fcrc\u00fc g\u00f6z\u0259linin Bak\u0131n\u0131 se\u00e7m\u0259 S\u018fB\u018fBL\u018fR\u0130"},"content":{"rendered":"\n<p><strong><em>Musavat.com x\u0259b\u0259r verir ki, Lent.az&nbsp;\u201cBioqrafiya\u201d rubrikas\u0131nda 28 ildir Bak\u0131da ya\u015fayan g\u00fcrc\u00fcstanl\u0131 m\u00fc\u011f\u0259nni \u018fm\u0259kdar artist Manana \u00c7aparidzed\u0259n b\u0259hs edir.<\/em><\/strong><\/p>\n\n\n\n<p><strong>&#8211; Manana n\u0259 zaman v\u0259 harada anadan olub?<\/strong><\/p>\n\n\n\n<p>Manana Caparidze 1978-ci il dekabr\u0131n 28-d\u0259 G\u00fcrc\u00fcstan\u0131n paytaxt\u0131 Tbilisi \u015f\u0259h\u0259rind\u0259 anadan olub.&nbsp;<\/p>\n\n\n\n<p><strong>&#8211; Mananan\u0131n musiqi t\u0259hsili var?<\/strong><\/p>\n\n\n\n<p>\u0130lk d\u0259f\u0259 s\u0259hn\u0259y\u0259 5 ya\u015f\u0131nda \u00e7\u0131x\u0131b. G\u00fcrc\u00fcstanda populyar olan &#8220;Toliya&#8221; v\u0259 &#8220;\u00c7iora &#8221; u\u015faq kollektivl\u0259rinin solisti kimi \u00e7\u0131x\u0131\u015f edib. Orta m\u0259kt\u0259bl\u0259 paralel vokal sinfi \u00fczr\u0259 Tbilisi \u0130nc\u0259s\u0259n\u0259t Gimnaziyas\u0131n\u0131 bitirib.<br>1995-2000-ci ill\u0259rd\u0259 Almaniya M\u00fcasir \u0130nc\u0259s\u0259n\u0259t, Caz v\u0259 \u015eou-biznes Akademiyas\u0131n\u0131n Tbilisi filial\u0131n\u0131n vokal \u015f\u00f6b\u0259sind\u0259 t\u0259hsil al\u0131b. 1996-c\u0131 ild\u0259 G\u00fcrc\u00fcstan\u0131n Borjomi \u015f\u0259h\u0259rind\u0259 ke\u00e7iril\u0259n &#8220;B\u00fcllur \u015fam a\u011fac\u0131&#8221; g\u0259nc ifa\u00e7\u0131lar m\u00fcsabiq\u0259sinin qalibi, 1997-ci ild\u0259 Moskvada &#8220;B\u00fcllur not&#8221; beyn\u0259lxalq g\u0259nc ifa\u00e7\u0131lar m\u00fcsabiq\u0259sinin laureat\u0131 olub. Manana az\u0259rbaycanca, rusca, g\u00fcrc\u00fcc\u0259, ingilisc\u0259 mahn\u0131lar ifa edir.<\/p>\n\n\n\n<p>&nbsp;&#8211;<strong>&nbsp;Manana &nbsp;Bak\u0131ya n\u0259 zaman g\u0259lib?<\/strong><\/p>\n\n\n\n<p>1998-ci ilin ax\u0131r\u0131nda Manana Bak\u0131ya g\u0259lib. Burda onun m\u00fc\u011f\u0259nnilik f\u0259aliyy\u0259ti ba\u015flay\u0131b. 2000-ci ilin \u0259vv\u0259lind\u0259 Mananan\u0131n &#8220;S\u0259n\u0259 verdim \u00fcr\u0259yimi&#8221; adl\u0131 ilk albomu i\u015f\u0131\u011f \u00fcz\u00fc g\u00f6r\u00fcr. &#8211; Manana hans\u0131 m\u00fcsabiq\u0259l\u0259rd\u0259 i\u015ftirak edib?<\/p>\n\n\n\n<p>1999-cu ild\u0259 Alma-Atada &#8220;Asiyan\u0131n S\u0259si&#8221; festival\u0131nda &#8220;Qran-pri&#8221;y\u0259 layiq g\u00f6r\u00fcl\u00fcb. H\u0259min il Ukraynada &#8220;Slavyanskiy bazar&#8221; festival\u0131n\u0131n qalibi olub. Praqada ke\u00e7iril\u0259n &#8220;UNIVERSTALENT &#8211; 2000&#8221; festival\u0131n\u0131n laureat\u0131, 2000-ci ild\u0259 \u015eanxayda ke\u00e7iril\u0259n &#8220;GOLDEN VOICE OF ASIA&#8221; m\u00fcsabiq\u0259sinin &#8220;Qran-pri&#8221; sahibi se\u00e7ilib. 2001-ci il Moskvada &#8220;\u015eire kruq&#8221; televiziya musiqi m\u00fcsabiq\u0259sinin qalibi olub. 2015-ci ild\u0259n The Voice m\u00fcsabiq\u0259sinin Az\u0259rbaycan versiyas\u0131 olan S\u0259s Az\u0259rbaycan yar\u0131\u015fmas\u0131n\u0131n m\u00fcnsifidir.<\/p>\n\n\n\n<p><strong>&#8211; Manana Bak\u0131da konsert verib?<\/strong><\/p>\n\n\n\n<p>Manana Az\u0259rbaycanda iki d\u0259f\u0259 solo-konsert verib. Birinci konsert 2000-ci ilin mart ay\u0131nda, Heyd\u0259r \u018fliyev ad\u0131na sarayda ke\u00e7irilib, ikinci konsert is\u0259 2002-ci ild\u0259, &#8220;\u015e\u0259hriyar&#8221; ad\u0131na konsert salonunda olub. Manana bir ne\u00e7\u0259 Avropa \u00f6lk\u0259l\u0259rind\u0259 d\u0259 konsert proqramm\u0131 il\u0259 \u00e7\u0131x\u0131\u015f edib.&nbsp;<\/p>\n\n\n\n<p><strong>&#8211; Manana ail\u0259lidir?<\/strong><\/p>\n\n\n\n<p>M\u00fc\u011f\u0259nni 2008-ci ilin \u0259vv\u0259lind\u0259 ail\u0259 h\u0259yat\u0131 qurub. \u018fri Georgi Qabalev biznesmendir. G\u00fcrc\u00fcstanda otel biznesi var. Amma \u0259sas\u0259n Bak\u0131da ya\u015fay\u0131r. &nbsp;\u0130ki \u00f6vlad\u0131 var- Elizabet v\u0259 David. U\u015faqlar\u0131 \u00f6t\u0259n ild\u0259n G\u00fcrc\u00fcstanda ya\u015fay\u0131r.<br>Bu bar\u0259d\u0259 o bel\u0259 dan\u0131\u015f\u0131b: \u201c\u00d6vladlar\u0131m G\u00fcrc\u00fcstanda m\u0259kt\u0259b\u0259 gedirl\u0259r. Q\u0131z\u0131m Elizabet b\u00f6y\u00fck, o\u011flum David is\u0259 ki\u00e7ikdir. M\u0259n Bak\u0131da ya\u015fasam da \u00e7ox tez-tez g\u00f6r\u00fc\u015f\u00fcr\u00fck. \u00d6vladlar\u0131m Bak\u0131ya g\u0259lirl\u0259r, yaxud m\u0259n G\u00fcrc\u00fcstana gedir\u0259m.<\/p>\n\n\n\n<p>O\u011flum da, q\u0131z\u0131m da musiqi il\u0259 m\u0259\u015f\u011ful olur. Amma bu yaln\u0131z onlar\u0131n d\u00fcnyag\u00f6r\u00fc\u015f\u00fc \u00fc\u00e7\u00fcnd\u00fcr. \u018fg\u0259r istedadlar\u0131 varsa, musiqini d\u0259rind\u0259n bilm\u0259lidirl\u0259r. O\u011flum 9 ya\u015f\u0131ndad\u0131r. \u0130dmanla da m\u0259\u015f\u011ful olur. O, m\u0259kt\u0259bd\u0259 y\u00fcks\u0259k qiym\u0259tl\u0259rl\u0259 oxuyur, \u0259la\u00e7\u0131d\u0131r. Q\u0131z\u0131m da \u0259la\u00e7\u0131d\u0131r, ingilis dillidir. On be\u015f ya\u015fl\u0131 q\u0131z\u0131m\u0131n u\u011furlar\u0131 \u00e7oxdur. \u00d6z\u00fc diplomat olmaq ist\u0259yir. Eyni zamanda mahn\u0131 oxuyur, r\u0259qs edir. H\u0259kimlik sah\u0259sind\u0259n ba\u015fqa \u00f6z\u00fcn\u00fc b\u00fct\u00fcn sah\u0259l\u0259rd\u0259 g\u00f6r\u00fcr &#8211; iqtisad\u00e7\u0131, menecer, h\u00fcquq\u015f\u00fcnas, diplomat, s\u0259fir v\u0259 sair. Biz valideyn kimi se\u00e7im etm\u0259kd\u0259 t\u0259l\u0259smirik, \u0259sas odur, \u0259la\u00e7\u0131d\u0131r, \u00e7al\u0131\u015fqand\u0131r. H\u0259mi\u015f\u0259 m\u0259n\u0259 deyir K\u0130, Ana, el\u0259 ya\u015fayacam ki, s\u0259n d\u0259, atam da m\u0259niml\u0259 f\u0259xr ed\u0259c\u0259ksiniz. O\u011flum da bel\u0259dir. Biz valideyn kimi onlar\u0131 d\u0259st\u0259kl\u0259yirik v\u0259 dua edirik ki, yollar\u0131 a\u00e7\u0131q olsun\u201d.<\/p>\n\n\n\n<p><strong>&#8211; Az\u0259rbaycana sevgi, maraq Mananada haradan yaran\u0131b?<\/strong><\/p>\n\n\n\n<p>Bu bar\u0259d\u0259 \u00f6z\u00fc bel\u0259 dan\u0131\u015f\u0131b: \u201cM\u0259n art\u0131q 28 ildir ki, Az\u0259rbaycandayam. 28 il bundan \u0259vv\u0259l Az\u0259rbaycan haqq\u0131nda \u00e7ox \u015fey bilmirdim. &nbsp;M\u00fc\u011f\u0259nnil\u0259rd\u0259n t\u0259kc\u0259 Zeyn\u0259b Xanlarovan\u0131 tan\u0131y\u0131rd\u0131m. Evd\u0259 h\u0259mi\u015f\u0259 atam, babam onun mahn\u0131lar\u0131na qulaq as\u0131rd\u0131. M\u0259n d\u0259 u\u015faq idim, Zeyn\u0259b xan\u0131m\u0131n mahn\u0131lar\u0131n\u0131 z\u00fcmz\u00fcm\u0259 edirdim. B\u00f6y\u00fck arzum idi ki, m\u00fc\u011f\u0259nni olum.<\/p>\n\n\n\n<p>\u0130lk d\u0259f\u0259 &#8220;Kinoklub&#8221; verili\u015find\u0259n tan\u0131nd\u0131m. &nbsp;Verili\u015fin r\u0259hb\u0259ri Etibar Babayev s\u0259simin g\u00f6z\u0259l oldu\u011funu bildirib m\u0259ni verili\u015f\u0259 d\u0259v\u0259t etdi. O zaman 16-17 ya\u015f\u0131m var idi. H\u0259min verili\u015fd\u0259 i\u015ftirak ed\u0259rk\u0259n m\u0259n q\u0259tiyy\u0259n sizin dild\u0259 dan\u0131\u015fa bilmirdim, he\u00e7 n\u0259 ba\u015fa d\u00fc\u015fm\u00fcrd\u00fcm. Verili\u015fin qonaqlar\u0131 alq\u0131\u015f ed\u0259nd\u0259 m\u0259n d\u0259 alq\u0131\u015flay\u0131rd\u0131m, g\u00fcl\u0259nd\u0259 g\u00fcl\u00fcrd\u00fcm. \u00d6z\u00fcm\u0259 m\u00fc\u0259llim tutmu\u015fdum. Amma m\u00fc\u0259llimd\u0259n d\u0259 \u0259lav\u0259 \u00e7al\u0131\u015f\u0131rd\u0131m ki, insanlarla \u00e7ox \u00fcnsiyy\u0259td\u0259 olum. H\u0259tta xahi\u015f edirdim ki, m\u0259niml\u0259 rus yox, Az\u0259rbaycan dilind\u0259 dan\u0131\u015fs\u0131nlar. S\u0259h\u0259r-ax\u015fam q\u0259zetl\u0259r, kitablar oxuyurdum. \u0130ndi daha qonaq yox, az\u0259rbaycanl\u0131yam. Evimiz buradad\u0131r. G\u00fcrc\u00fcstana gets\u0259m d\u0259 yen\u0259 bura qay\u0131d\u0131ram. G\u00fcrc\u00fcstana ged\u0259nd\u0259 d\u0259 Az\u0259rbaycan\u0131 t\u0259msil edir\u0259m. Oradak\u0131 verili\u015fl\u0259rd\u0259 qonaq olark\u0259n ham\u0131n\u0131 Az\u0259rbaycan dilind\u0259 salamlay\u0131b, bu dild\u0259 mahn\u0131 oxuyuram.\u201d<\/p>\n\n\n\n<p>Noyabr\u0131n 18-d\u0259 Mananan\u0131n anas\u0131 Makvala xan\u0131m v\u0259fat etdi. \u018fm\u0259kdar artist bu a\u011f\u0131r itkid\u0259n sars\u0131ld\u0131. Anas\u0131 bar\u0259d\u0259 son payla\u015f\u0131m\u0131nda \u201cM\u0259nim sevimli, \u0259ziz, misilsiz anam, qoruyucu m\u0259l\u0259yim, \u00f6z mehriban \u00fcr\u0259yini v\u0259 dualar\u0131n\u0131 m\u0259n\u0259 buraxd\u0131. Onun nurlu ruhu is\u0259 atam v\u0259 qarda\u015f\u0131mlad\u0131r. Ana, sevgin\u0259, qay\u011f\u0131na ,m\u0259n\u0259 verdiyin h\u0259yata, m\u0259n\u0259 etdiyin h\u0259r \u015fey\u0259 g\u00f6r\u0259, s\u0259n\u0259 t\u0259\u015f\u0259kk\u00fcr edir\u0259m. S\u0259n \u0259b\u0259di m\u0259niml\u0259 v\u0259 \u00fcr\u0259yimd\u0259, can\u0131mda, dualar\u0131mda qalacaqsan. Bu c\u00fcr misilsiz anaya, qoruyucu m\u0259l\u0259y\u0259 g\u00f6r\u0259, uca Allaha t\u0259\u015f\u0259kk\u00fcr edir\u0259m\u201d yazaraq onu \u0259b\u0259diyy\u0259t\u0259 yola sald\u0131.<\/p>\n","protected":false},"excerpt":{"rendered":"<p>Musavat.com x\u0259b\u0259r verir ki, Lent.az&nbsp;\u201cBioqrafiya\u201d rubrikas\u0131nda 28 ildir Bak\u0131da ya\u015fayan g\u00fcrc\u00fcstanl\u0131 m\u00fc\u011f\u0259nni \u018fm\u0259kdar artist Manana \u00c7aparidzed\u0259n b\u0259hs edir. &#8211; Manana n\u0259 zaman v\u0259 harada anadan olub? Manana Caparidze 1978-ci il dekabr\u0131n 28-d\u0259 G\u00fcrc\u00fcstan\u0131n paytaxt\u0131 Tbilisi \u015f\u0259h\u0259rind\u0259 anadan olub.&nbsp; &#8211; Mananan\u0131n musiqi t\u0259hsili var? \u0130lk d\u0259f\u0259 s\u0259hn\u0259y\u0259 5 ya\u015f\u0131nda \u00e7\u0131x\u0131b. G\u00fcrc\u00fcstanda populyar olan &#8220;Toliya&#8221; v\u0259 &#8220;\u00c7iora &hellip;<\/p>\n","protected":false},"author":1,"featured_media":16788,"comment_status":"open","ping_status":"closed","sticky":false,"template":"","format":"standard","meta":{"footnotes":""},"categories":[6,3],"tags":[],"class_list":["post-16787","post","type-post","status-publish","format-standard","has-post-thumbnail","hentry","category-maqazin","category-olke"],"_links":{"self":[{"href":"https:\/\/millitv.net\/index.php?rest_route=\/wp\/v2\/posts\/16787","targetHints":{"allow":["GET"]}}],"collection":[{"href":"https:\/\/millitv.net\/index.php?rest_route=\/wp\/v2\/posts"}],"about":[{"href":"https:\/\/millitv.net\/index.php?rest_route=\/wp\/v2\/types\/post"}],"author":[{"embeddable":true,"href":"https:\/\/millitv.net\/index.php?rest_route=\/wp\/v2\/users\/1"}],"replies":[{"embeddable":true,"href":"https:\/\/millitv.net\/index.php?rest_route=%2Fwp%2Fv2%2Fcomments&post=16787"}],"version-history":[{"count":1,"href":"https:\/\/millitv.net\/index.php?rest_route=\/wp\/v2\/posts\/16787\/revisions"}],"predecessor-version":[{"id":16789,"href":"https:\/\/millitv.net\/index.php?rest_route=\/wp\/v2\/posts\/16787\/revisions\/16789"}],"wp:featuredmedia":[{"embeddable":true,"href":"https:\/\/millitv.net\/index.php?rest_route=\/wp\/v2\/media\/16788"}],"wp:attachment":[{"href":"https:\/\/millitv.net\/index.php?rest_route=%2Fwp%2Fv2%2Fmedia&parent=16787"}],"wp:term":[{"taxonomy":"category","embeddable":true,"href":"https:\/\/millitv.net\/index.php?rest_route=%2Fwp%2Fv2%2Fcategories&post=16787"},{"taxonomy":"post_tag","embeddable":true,"href":"https:\/\/millitv.net\/index.php?rest_route=%2Fwp%2Fv2%2Ftags&post=16787"}],"curies":[{"name":"wp","href":"https:\/\/api.w.org\/{rel}","templated":true}]}}