{"id":1678,"date":"2023-10-14T09:50:23","date_gmt":"2023-10-14T09:50:23","guid":{"rendered":"https:\/\/millinews.az\/xeber\/efird%C9%99-ilk-em%C9%99kdar-artistl%C9%99r-studiyaya-at-v%C9%99-motosikletl%C9%99-g%C9%99ldil%C9%99r\/"},"modified":"2023-10-14T09:50:23","modified_gmt":"2023-10-14T09:50:23","slug":"efird%C9%99-ilk-em%C9%99kdar-artistl%C9%99r-studiyaya-at-v%C9%99-motosikletl%C9%99-g%C9%99ldil%C9%99r","status":"publish","type":"post","link":"https:\/\/millitv.net\/?p=1678","title":{"rendered":"Efird\u0259 ilk: \u018fm\u0259kdar artistl\u0259r studiyaya at v\u0259 motosikletl\u0259 g\u0259ldil\u0259r"},"content":{"rendered":"<div id=\"maincontent\">&#13;<br \/>\n        &#13;<\/p>\n<p><strong>ATV kanal\u0131nda yay\u0131mlanan &#8220;7 tamam&#8221; verili\u015find\u0259 efir\u0259 at v\u0259 motosikletl\u0259 daxil olublar.<\/strong>&#13;\n<\/p>\n<p><a href=\"https:\/\/Millinews.az\" target=\"_blank\" class=\"kw-link\" rel=\"noopener\">Millinews.az<\/a> x\u0259b\u0259r verir ki,<strong> <\/strong>proqramda qonaq kimi i\u015ftirak ed\u0259n \u018fm\u0259kdar artistl\u0259r Rafael \u0130sg\u0259nd\u0259rov motosikletd\u0259, Co\u015fqun R\u0259himov is\u0259  studiyaya at belind\u0259 g\u0259libl\u0259r.&#13;<br \/>\n &#13;\n<\/p>\n<p>Onlar\u0131n bu davran\u0131\u015f\u0131 verili\u015fd\u0259 i\u015ftirak ed\u0259n tama\u015fa\u00e7\u0131lar\u0131 da t\u0259\u0259cc\u00fcbl\u0259ndirib.&#13;\n<\/p>\n<p>S\u00f6z\u00fcged\u0259n g\u00f6r\u00fcnt\u00fcl\u0259ri t\u0259qdim edirik:<iframe loading=\"lazy\" title=\"CANLI EF\u0130RD\u018f \u0130LK! S\u0259hn\u0259y\u0259 at v\u0259 motosikletl\u0259 G\u018fLD\u0130L\u018fR \/ 7 Tamam\" width=\"500\" height=\"281\" src=\"https:\/\/www.youtube.com\/embed\/8jwXUV75IuY?feature=oembed\" frameborder=\"0\" allow=\"accelerometer; autoplay; clipboard-write; encrypted-media; gyroscope; picture-in-picture; web-share\" referrerpolicy=\"strict-origin-when-cross-origin\" allowfullscreen><\/iframe>&#13;<br \/>\n        &#13;<br \/>\n&#13;<br \/>\n        &#13;<br \/>\n&#13;\n        <\/p>\n<p><noscript><\/p>\n<p>You must enable Javascript on your browser for the site to work optimally and display sections completely.<\/p>\n<p><\/noscript>\t\t&#13;<br \/>\n\t\t&#13;\n    <\/div>\n<p><script type=\"text\/javascript\">jQuery(document).ready(function () {\n(function(d, s, id) {\n    var js, fjs = d.getElementsByTagName(s)[0];\n    if (d.getElementById(id))\n        return;\n    js = d.createElement(s);\n    js.id = id;\n    js.src = \"\/\/connect.facebook.net\/az_AZ\/all.js#xfbml=1&appId=1002485763137712\";\n    fjs.parentNode.insertBefore(js, fjs);\n}(document, 'script', 'facebook-jssdk'));                \n});<\/script><\/p>\n","protected":false},"excerpt":{"rendered":"<p>&#13; &#13; ATV kanal\u0131nda yay\u0131mlanan &#8220;7 tamam&#8221; verili\u015find\u0259 efir\u0259 at v\u0259 motosikletl\u0259 daxil olublar.&#13; Millinews.az x\u0259b\u0259r verir ki, proqramda qonaq kimi i\u015ftirak ed\u0259n \u018fm\u0259kdar artistl\u0259r Rafael \u0130sg\u0259nd\u0259rov motosikletd\u0259, Co\u015fqun R\u0259himov is\u0259 studiyaya at belind\u0259 g\u0259libl\u0259r.&#13; &#13; Onlar\u0131n bu davran\u0131\u015f\u0131 verili\u015fd\u0259 i\u015ftirak ed\u0259n tama\u015fa\u00e7\u0131lar\u0131 da t\u0259\u0259cc\u00fcbl\u0259ndirib.&#13; S\u00f6z\u00fcged\u0259n g\u00f6r\u00fcnt\u00fcl\u0259ri t\u0259qdim edirik:&#13; &#13; &#13; &#13; &#13; You must &hellip;<\/p>\n","protected":false},"author":1,"featured_media":1679,"comment_status":"open","ping_status":"closed","sticky":false,"template":"","format":"standard","meta":{"footnotes":""},"categories":[9],"tags":[],"class_list":["post-1678","post","type-post","status-publish","format-standard","has-post-thumbnail","hentry","category-xeber"],"_links":{"self":[{"href":"https:\/\/millitv.net\/index.php?rest_route=\/wp\/v2\/posts\/1678","targetHints":{"allow":["GET"]}}],"collection":[{"href":"https:\/\/millitv.net\/index.php?rest_route=\/wp\/v2\/posts"}],"about":[{"href":"https:\/\/millitv.net\/index.php?rest_route=\/wp\/v2\/types\/post"}],"author":[{"embeddable":true,"href":"https:\/\/millitv.net\/index.php?rest_route=\/wp\/v2\/users\/1"}],"replies":[{"embeddable":true,"href":"https:\/\/millitv.net\/index.php?rest_route=%2Fwp%2Fv2%2Fcomments&post=1678"}],"version-history":[{"count":0,"href":"https:\/\/millitv.net\/index.php?rest_route=\/wp\/v2\/posts\/1678\/revisions"}],"wp:featuredmedia":[{"embeddable":true,"href":"https:\/\/millitv.net\/index.php?rest_route=\/wp\/v2\/media\/1679"}],"wp:attachment":[{"href":"https:\/\/millitv.net\/index.php?rest_route=%2Fwp%2Fv2%2Fmedia&parent=1678"}],"wp:term":[{"taxonomy":"category","embeddable":true,"href":"https:\/\/millitv.net\/index.php?rest_route=%2Fwp%2Fv2%2Fcategories&post=1678"},{"taxonomy":"post_tag","embeddable":true,"href":"https:\/\/millitv.net\/index.php?rest_route=%2Fwp%2Fv2%2Ftags&post=1678"}],"curies":[{"name":"wp","href":"https:\/\/api.w.org\/{rel}","templated":true}]}}