{"id":16778,"date":"2024-12-18T12:28:09","date_gmt":"2024-12-18T12:28:09","guid":{"rendered":"https:\/\/millitv.net\/?p=16778"},"modified":"2024-12-18T12:28:11","modified_gmt":"2024-12-18T12:28:11","slug":"normal-s%C9%99si-v%C9%99-efir%C9%99-uygunlugu-olanlari-t%C9%99kmill%C9%99sdirir%C9%99m-ki-taninmis-diktordan-etiraf","status":"publish","type":"post","link":"https:\/\/millitv.net\/?p=16778","title":{"rendered":"&#8220;Normal s\u0259si v\u0259 efir\u0259 uy\u011funlu\u011fu olanlar\u0131 t\u0259kmill\u0259\u015fdirir\u0259m ki&#8230;&#8221; &#8211; Tan\u0131nm\u0131\u015f diktordan etiraf"},"content":{"rendered":"\n<p><strong>&#8220;S\u0259hh\u0259timd\u0259 h\u0259r \u015fey qaydas\u0131ndad\u0131r. Bir az soyuqlam\u0131\u015fd\u0131m. \u0130ndi yax\u015f\u0131yam&#8221;.<br><\/strong><br>Bunu&nbsp;<strong>Musavat.com<\/strong>-a a\u00e7\u0131qlamas\u0131nda Xalq artisti \u015e\u0259rqiyy\u0259 H\u00fcseynova deyib. Tan\u0131nm\u0131\u015f diktor bildiirb ki, haz\u0131rda i\u015f ba\u015f\u0131ndad\u0131r:<\/p>\n\n\n\n<p>\u201cTeleviziya kanallar\u0131ndan birind\u0259 \u00e7al\u0131\u015f\u0131ram, orada efir\u0259 \u00e7\u0131xan diktorlara d\u0259rs deyir\u0259m. Normal s\u0259si v\u0259 efiri uy\u011funlu\u011fu olanlar\u0131 t\u0259kmill\u0259\u015fdirir\u0259m ki, fikrini \u00e7atd\u0131ra v\u0259 insanlarla \u00fcnsiyy\u0259t\u0259 gir\u0259 bilsin.<\/p>\n\n\n\n<p>Bir s\u00f6zl\u0259, maraql\u0131 apar\u0131c\u0131 olsun. Verili\u015f aparmaq indi m\u0259nim \u00fc\u00e7\u00fcn he\u00e7 d\u0259 maraql\u0131 deyil. Texnologiya il\u0259 maraqlanm\u0131ram, n\u0259 m\u00f6vzuda verili\u015f apara bil\u0259r\u0259m ki?!. Bacarsam da ist\u0259m\u0259r\u0259m\u201d.<\/p>\n\n\n\n<p>Diktor bildirib ki, ke\u00e7mi\u015f h\u0259mkarlar\u0131 Ofeliya S\u0259nani, Roza Ta\u011f\u0131yeva, Barat \u015e\u0259kinskayan\u0131n q\u0131z\u0131 Solmaz H\u0259mz\u0259yeva il\u0259 z\u0259ngl\u0259\u015fir.<\/p>\n\n\n\n<p>\u201cBiz ham\u0131m\u0131z bac\u0131 kimiyik. \u018fvv\u0259ll\u0259r ayda 1 d\u0259f\u0259 g\u00f6r\u00fc\u015f\u00fcrd\u00fck. \u0130ndi s\u0259hh\u0259timizl\u0259 ba\u011fl\u0131 bu tez-tez al\u0131nm\u0131r\u201d.<br>Qeyd ed\u0259k ki, apar\u0131c\u0131 V\u00fcsal\u0259 \u018flizad\u0259 \u201c\u0130nc\u0259 s\u0259h\u0259r\u201d verili\u015find\u0259 bildirib ki, Xalq artistinin s\u0259hh\u0259tind\u0259 problem yarand\u0131\u011f\u0131 \u00fc\u00e7\u00fcn verili\u015f\u0259 qat\u0131la bilm\u0259yib.<\/p>\n","protected":false},"excerpt":{"rendered":"<p>&#8220;S\u0259hh\u0259timd\u0259 h\u0259r \u015fey qaydas\u0131ndad\u0131r. Bir az soyuqlam\u0131\u015fd\u0131m. \u0130ndi yax\u015f\u0131yam&#8221;.Bunu&nbsp;Musavat.com-a a\u00e7\u0131qlamas\u0131nda Xalq artisti \u015e\u0259rqiyy\u0259 H\u00fcseynova deyib. Tan\u0131nm\u0131\u015f diktor bildiirb ki, haz\u0131rda i\u015f ba\u015f\u0131ndad\u0131r: \u201cTeleviziya kanallar\u0131ndan birind\u0259 \u00e7al\u0131\u015f\u0131ram, orada efir\u0259 \u00e7\u0131xan diktorlara d\u0259rs deyir\u0259m. Normal s\u0259si v\u0259 efiri uy\u011funlu\u011fu olanlar\u0131 t\u0259kmill\u0259\u015fdirir\u0259m ki, fikrini \u00e7atd\u0131ra v\u0259 insanlarla \u00fcnsiyy\u0259t\u0259 gir\u0259 bilsin. Bir s\u00f6zl\u0259, maraql\u0131 apar\u0131c\u0131 olsun. Verili\u015f aparmaq indi &hellip;<\/p>\n","protected":false},"author":1,"featured_media":16779,"comment_status":"open","ping_status":"closed","sticky":false,"template":"","format":"standard","meta":{"footnotes":""},"categories":[6,3],"tags":[],"class_list":["post-16778","post","type-post","status-publish","format-standard","has-post-thumbnail","hentry","category-maqazin","category-olke"],"_links":{"self":[{"href":"https:\/\/millitv.net\/index.php?rest_route=\/wp\/v2\/posts\/16778","targetHints":{"allow":["GET"]}}],"collection":[{"href":"https:\/\/millitv.net\/index.php?rest_route=\/wp\/v2\/posts"}],"about":[{"href":"https:\/\/millitv.net\/index.php?rest_route=\/wp\/v2\/types\/post"}],"author":[{"embeddable":true,"href":"https:\/\/millitv.net\/index.php?rest_route=\/wp\/v2\/users\/1"}],"replies":[{"embeddable":true,"href":"https:\/\/millitv.net\/index.php?rest_route=%2Fwp%2Fv2%2Fcomments&post=16778"}],"version-history":[{"count":1,"href":"https:\/\/millitv.net\/index.php?rest_route=\/wp\/v2\/posts\/16778\/revisions"}],"predecessor-version":[{"id":16780,"href":"https:\/\/millitv.net\/index.php?rest_route=\/wp\/v2\/posts\/16778\/revisions\/16780"}],"wp:featuredmedia":[{"embeddable":true,"href":"https:\/\/millitv.net\/index.php?rest_route=\/wp\/v2\/media\/16779"}],"wp:attachment":[{"href":"https:\/\/millitv.net\/index.php?rest_route=%2Fwp%2Fv2%2Fmedia&parent=16778"}],"wp:term":[{"taxonomy":"category","embeddable":true,"href":"https:\/\/millitv.net\/index.php?rest_route=%2Fwp%2Fv2%2Fcategories&post=16778"},{"taxonomy":"post_tag","embeddable":true,"href":"https:\/\/millitv.net\/index.php?rest_route=%2Fwp%2Fv2%2Ftags&post=16778"}],"curies":[{"name":"wp","href":"https:\/\/api.w.org\/{rel}","templated":true}]}}