{"id":1676,"date":"2023-10-14T09:47:33","date_gmt":"2023-10-14T09:47:33","guid":{"rendered":"https:\/\/millinews.az\/xeber\/masallida-uc-il-%C9%99vv%C9%99l-tor%C9%99dil%C9%99n-quldurlugun-ustu-acilib\/"},"modified":"2023-10-14T09:47:33","modified_gmt":"2023-10-14T09:47:33","slug":"masallida-uc-il-%C9%99vv%C9%99l-tor%C9%99dil%C9%99n-quldurlugun-ustu-acilib","status":"publish","type":"post","link":"https:\/\/millitv.net\/?p=1676","title":{"rendered":"Masall\u0131da \u00fc\u00e7 il \u0259vv\u0259l t\u00f6r\u0259dil\u0259n quldurlu\u011fun \u00fcst\u00fc a\u00e7\u0131l\u0131b"},"content":{"rendered":"<p><img decoding=\"async\" src=\"https:\/\/cdn.oxu.az\/uploads\/W1siZiIsIjIwMjMvMTAvMTQvMTMvMjgvMDcvMDQwOTUxMDEtNWZhMi00YzMxLWFhYjEtM2E0MWJjOGNmMDY1LzY1MmE1ZWIxYmZlNGU2NTJhNWViMWJmZTRmMTY5NzI3NTU2OTY1MmE1ZWIxYmZlNGM2NTJhNWViMWJmZTRkLmpwZWciXSxbInAiLCJlbmNvZGUiLCJqcGciLCItcXVhbGl0eSA4MCJdLFsicCIsInRodW1iIiwiNjIweDQ2NVx1MDAzZSJdXQ?sha=468a20b95a1114db\" alt=\"\" title=\"\"><\/p>\n<div><a class=\"subs-in-social subs-whatsapp\" href=\"https:\/\/whatsapp.com\/channel\/0029VaAakbx89ingOoeiTp40\" target=\"_blank\" rel=\"noopener\"><\/p>\n<p>Bizim WhatsApp kanal\u0131m\u0131za buradan abun\u0259 ola bil\u0259rsiniz<\/p>\n<p><\/a><\/p>\n<p>Masall\u0131da \u00fc\u00e7 il \u0259vv\u0259l t\u00f6r\u0259dil\u0259n quldurlu\u011fun \u00fcst\u00fc a\u00e7\u0131l\u0131b.<\/p>\n<p>Bu bar\u0259d\u0259 Daxili \u0130\u015fl\u0259r Nazirliyinin M\u0259tbuat Xidm\u0259tinin L\u0259nk\u0259ran regional qrupu m\u0259lumat yay\u0131b.<\/p>\n<p>Bildirilib ki, 2020-ci ilin may ay\u0131n\u0131n 26-da gec\u0259 saatlar\u0131nda tamah niyy\u0259ti v\u0259 \u00f6zg\u0259 \u0259mlak\u0131n\u0131 \u0259l\u0259 ke\u00e7irm\u0259k m\u0259qs\u0259dil\u0259 Masall\u0131 rayonunun Q\u0259ribl\u0259r k\u0259ndind\u0259ki ya\u015fay\u0131\u015f evl\u0259rind\u0259n birin\u0259 daxil olan nam\u0259lum \u015f\u0259xsl\u0259r ev sahibin\u0259 d\u0259mir lingl\u0259 b\u0259d\u0259n x\u0259sar\u0259tl\u0259ri yetir\u0259r\u0259k oradan uzaqla\u015f\u0131blar.<\/p>\n<p>Faktla ba\u011fl\u0131 el\u0259 h\u0259min vaxt Az\u0259rbaycan Respublikas\u0131 Cinay\u0259t M\u0259c\u0259ll\u0259sinin m\u00fcvafiq madd\u0259si il\u0259 cinay\u0259t i\u015fi ba\u015flan\u0131l\u0131b. Quldurluq \u0259m\u0259linin t\u00f6r\u0259dilm\u0259si il\u0259 \u0259laq\u0259dar daxil olan \u0259m\u0259liyyat m\u0259lumatlar\u0131 \u0259sas\u0131nda Masall\u0131 Rayon Polis \u015e\u00f6b\u0259sinin \u0259m\u0259kda\u015flar\u0131 t\u0259r\u0259find\u0259n ke\u00e7iril\u0259n t\u0259dbirl\u0259rl\u0259 h\u0259min cinay\u0259ti t\u00f6r\u0259tm\u0259kd\u0259 \u015f\u00fcbh\u0259li bilin\u0259n Masall\u0131 rayon sakini A\u011fali A\u011fayev tutulub, \u015f\u0259xsiyy\u0259ti m\u00fc\u0259yy\u0259n edilmi\u015f dig\u0259r bir n\u0259f\u0259rin saxlan\u0131lmas\u0131 istiqam\u0259tind\u0259 is\u0259 \u0259m\u0259liyyat-axtar\u0131\u015f t\u0259dbirl\u0259ri davam etdirilir.<\/p>\n<\/div>\n","protected":false},"excerpt":{"rendered":"<p>Bizim WhatsApp kanal\u0131m\u0131za buradan abun\u0259 ola bil\u0259rsiniz Masall\u0131da \u00fc\u00e7 il \u0259vv\u0259l t\u00f6r\u0259dil\u0259n quldurlu\u011fun \u00fcst\u00fc a\u00e7\u0131l\u0131b. Bu bar\u0259d\u0259 Daxili \u0130\u015fl\u0259r Nazirliyinin M\u0259tbuat Xidm\u0259tinin L\u0259nk\u0259ran regional qrupu m\u0259lumat yay\u0131b. Bildirilib ki, 2020-ci ilin may ay\u0131n\u0131n 26-da gec\u0259 saatlar\u0131nda tamah niyy\u0259ti v\u0259 \u00f6zg\u0259 \u0259mlak\u0131n\u0131 \u0259l\u0259 ke\u00e7irm\u0259k m\u0259qs\u0259dil\u0259 Masall\u0131 rayonunun Q\u0259ribl\u0259r k\u0259ndind\u0259ki ya\u015fay\u0131\u015f evl\u0259rind\u0259n birin\u0259 daxil olan nam\u0259lum \u015f\u0259xsl\u0259r &hellip;<\/p>\n","protected":false},"author":1,"featured_media":1677,"comment_status":"open","ping_status":"closed","sticky":false,"template":"","format":"standard","meta":{"footnotes":""},"categories":[9],"tags":[],"class_list":["post-1676","post","type-post","status-publish","format-standard","has-post-thumbnail","hentry","category-xeber"],"_links":{"self":[{"href":"https:\/\/millitv.net\/index.php?rest_route=\/wp\/v2\/posts\/1676","targetHints":{"allow":["GET"]}}],"collection":[{"href":"https:\/\/millitv.net\/index.php?rest_route=\/wp\/v2\/posts"}],"about":[{"href":"https:\/\/millitv.net\/index.php?rest_route=\/wp\/v2\/types\/post"}],"author":[{"embeddable":true,"href":"https:\/\/millitv.net\/index.php?rest_route=\/wp\/v2\/users\/1"}],"replies":[{"embeddable":true,"href":"https:\/\/millitv.net\/index.php?rest_route=%2Fwp%2Fv2%2Fcomments&post=1676"}],"version-history":[{"count":0,"href":"https:\/\/millitv.net\/index.php?rest_route=\/wp\/v2\/posts\/1676\/revisions"}],"wp:featuredmedia":[{"embeddable":true,"href":"https:\/\/millitv.net\/index.php?rest_route=\/wp\/v2\/media\/1677"}],"wp:attachment":[{"href":"https:\/\/millitv.net\/index.php?rest_route=%2Fwp%2Fv2%2Fmedia&parent=1676"}],"wp:term":[{"taxonomy":"category","embeddable":true,"href":"https:\/\/millitv.net\/index.php?rest_route=%2Fwp%2Fv2%2Fcategories&post=1676"},{"taxonomy":"post_tag","embeddable":true,"href":"https:\/\/millitv.net\/index.php?rest_route=%2Fwp%2Fv2%2Ftags&post=1676"}],"curies":[{"name":"wp","href":"https:\/\/api.w.org\/{rel}","templated":true}]}}