{"id":16756,"date":"2024-12-18T11:54:42","date_gmt":"2024-12-18T11:54:42","guid":{"rendered":"https:\/\/millitv.net\/?p=16756"},"modified":"2024-12-18T11:54:43","modified_gmt":"2024-12-18T11:54:43","slug":"2024-cu-ild%C9%99-v%C9%99fat-ed%C9%99n-az%C9%99rbaycanli-m%C9%99shurlar-siyahi","status":"publish","type":"post","link":"https:\/\/millitv.net\/?p=16756","title":{"rendered":"2024-c\u00fc ild\u0259 v\u0259fat ed\u0259n az\u0259rbaycanl\u0131 m\u0259\u015fhurlar &#8211; S\u0130YAHI"},"content":{"rendered":"\n<p><strong>2024-c\u00fc ilin \u0259vv\u0259lind\u0259n bug\u00fcn\u0259d\u0259k Az\u0259rbaycanda bir \u00e7ox m\u0259\u015fhur m\u00fcxt\u0259lif s\u0259b\u0259bl\u0259rd\u0259n d\u00fcnyas\u0131n\u0131 d\u0259yi\u015fib.<\/strong><\/p>\n\n\n\n<p><strong>Musavat.com<\/strong>&nbsp;bu v\u0259fat etmi\u015f m\u0259\u015fhurlar\u0131n adlar\u0131n\u0131 t\u0259qdim edir:<\/p>\n\n\n\n<figure class=\"wp-block-image\"><img decoding=\"async\" src=\"https:\/\/apa.az\/storage\/news\/2024\/january\/05\/big\/659830410b1a0659830410b1a11704472641659830410b19e659830410b19f.jpg\" alt=\"Tan\u0131nm\u0131\u015f qarmon ifa\u00e7\u0131s\u0131 G\u00fclbahar \u015e\u00fck\u00fcrl\u00fc v\u0259fat edib\" title=\"\"><\/figure>\n\n\n\n<p><strong>G\u00fclbahar \u015e\u00fck\u00fcrl\u00fc<\/strong>. Tan\u0131nm\u0131\u015f qarmon ifa\u00e7\u0131s\u0131, \u018fm\u0259kdar artist G\u00fclbahar \u015e\u00fck\u00fcrl\u00fc bu ilin yanvar\u0131n 5-d\u0259 62 ya\u015f\u0131nda d\u00fcnyas\u0131n\u0131 d\u0259yi\u015fdi. \u0130fa\u00e7\u0131 uzun m\u00fcdd\u0259t idi ki, x\u0259r\u00e7\u0259ng x\u0259st\u0259liyind\u0259n \u0259ziyy\u0259t \u00e7\u0259kirdi.<\/p>\n\n\n\n<p>1998-ci ild\u0259 \u00f6z\u00fcn\u00fcn b\u0259st\u0259l\u0259diyi \u201cAytac\u201d r\u0259qsi ona xeyli u\u011fur g\u0259tirib, eyniadl\u0131 ilk albomu i\u015f\u0131q \u00fcz\u00fc g\u00f6r\u00fcb. Yarad\u0131c\u0131l\u0131q d\u00f6vr\u00fc \u0259rzind\u0259 \u201cRusif\u201d, \u201cL\u0259man\u201d v\u0259 \u201c\u0130nanmaram\u201d adl\u0131 albomlar\u0131 onu Az\u0259rbaycan tama\u015fa\u00e7\u0131s\u0131n\u0131n sevimlisin\u0259 \u00e7evirib. 2009-cu ild\u0259 m\u0259d\u0259niyy\u0259t sah\u0259sind\u0259 xidm\u0259tl\u0259rin\u0259 g\u00f6r\u0259&nbsp;\u201cAz\u0259rbaycan Respublikas\u0131n\u0131n \u018fm\u0259kdar artisti\u201d&nbsp;f\u0259xri ad\u0131na layiq g\u00f6r\u00fcl\u00fcb.<\/p>\n\n\n\n<figure class=\"wp-block-image\"><img decoding=\"async\" src=\"https:\/\/kimdir.com.az\/wp-content\/uploads\/2024\/01\/aygun-beyler.jpg\" alt=\"Ayg\u00fcn B\u0259yl\u0259r Kimdir? - kimdir.com.az\" title=\"\"><\/figure>\n\n\n\n<p><strong>Ayg\u00fcn B\u0259yl\u0259r.<\/strong>&nbsp;\u018fm\u0259kdar artist Ayg\u00fcn H\u00fcmm\u0259tova (B\u0259yl\u0259r) is\u0259 48 ya\u015f\u0131nda yanvar\u0131n 6-da T\u00fcrkiy\u0259nin paytaxt\u0131 Ankara \u015f\u0259h\u0259rind\u0259 d\u00fcnyas\u0131n\u0131 d\u0259yi\u015fdi. Ayg\u00fcn B\u0259yl\u0259r d\u0259 uzun m\u00fcdd\u0259t idi ki, x\u0259r\u00e7\u0259ng x\u0259st\u0259liyind\u0259n \u0259ziyy\u0259t \u00e7\u0259kirdi.<\/p>\n\n\n\n<p>Qeyd ed\u0259k ki, Ayg\u00fcn H\u00fcmm\u0259tova (B\u0259yl\u0259r) ilk musiqi t\u0259hsilini S\u0259ttar B\u0259hlulzad\u0259 ad\u0131na m\u0259d\u0259niyy\u0259t saray\u0131n\u0131n musiqi m\u0259kt\u0259bind\u0259, na\u011fara sinfi \u00fczr\u0259 al\u0131b.<\/p>\n\n\n\n<p>1988-ci ild\u0259 yarad\u0131lan Az\u0259rbaycan D\u00f6vl\u0259t U\u015faq Filarmoniyas\u0131 el\u0259 h\u0259min ild\u0259 istedadl\u0131 u\u015faqlar\u0131n m\u00fcsabiq\u0259 yolu il\u0259 filarmoniyaya q\u0259bulunu ke\u00e7irib v\u0259 Ayg\u00fcn H\u00fcmm\u0259tova filarmoniyaya q\u0259bul olunub.<\/p>\n\n\n\n<p>1995-ci ild\u0259 \u015e\u00f6vk\u0259t \u018fl\u0259kb\u0259rova ad\u0131na ilk pe\u015f\u0259kar musiqi kollektivini yaradaraq geni\u015f konsert f\u0259aliyy\u0259tin\u0259 ba\u015flay\u0131b \u2013 televiziya, radio, b\u00f6y\u00fck d\u00f6vl\u0259t t\u0259dbirl\u0259ri v\u0259 el\u0259c\u0259 d\u0259, art\u0131q ard\u0131c\u0131l \u015f\u0259kild\u0259 xaricd\u0259 Az\u0259rbaycan musiqi s\u0259n\u0259tini t\u0259msil edir.<\/p>\n\n\n\n<p>2002-ci ild\u0259 Az\u0259rbaycan Respublikas\u0131n\u0131n Prezidenti Heyd\u0259r \u018fliyevin s\u0259r\u0259ncam\u0131 il\u0259 \u018fm\u0259kdar artist f\u0259xri ad\u0131na layiq g\u00f6r\u00fcl\u00fcb.<\/p>\n\n\n\n<figure class=\"wp-block-image\"><img decoding=\"async\" src=\"https:\/\/nocomment.az\/public\/cloud\/2024\/02\/nocomment_45c0ed50371a82e5e9258196dbb1277a_zowlsekbfpnm49ycrtha.jpg\" alt=\"Xalq yaz\u0131\u00e7\u0131s\u0131 M\u00f6vlud S\u00fcleymanl\u0131 v\u0259fat edib | No Comment\" title=\"\"><\/figure>\n\n\n\n<p><strong>M\u00f6vlud S\u00fcleymanl\u0131.<\/strong>&nbsp;Xalq yaz\u0131\u00e7\u0131s\u0131 M\u00f6vlud S\u00fcleymanl\u0131 fevral\u0131n 21-d\u0259 81 ya\u015f\u0131nda v\u0259fat etdi. Xat\u0131rladaq ki, M\u00f6vlud S\u00fcleymanl\u0131n\u0131n \u201cK\u00f6\u00e7\u201d, \u201cCeviz qurdu\u201d, \u201cS\u0259s\u201d \u0259s\u0259rl\u0259ri x\u00fcsusil\u0259 m\u0259\u015fhurdur. H\u0259m\u00e7inin bir s\u0131ra \u0259s\u0259rl\u0259ri tama\u015faya qoyulub (\u201cK\u00f6kd\u0259n d\u00fc\u015fm\u00fc\u015f piano\u201d, \u201cD\u0259yirman\u201d v\u0259 s.), ssenaril\u0259ri \u0259sas\u0131nda filml\u0259r (\u201c\u00c7\u0259tirimiz buludlard\u0131r\u201d, \u201cB\u0259yin o\u011furlanmas\u0131\u201d v\u0259 s.) \u00e7\u0259kilib. Yaz\u0131\u00e7\u0131 \u201c\u018fm\u0259kdar inc\u0259s\u0259n\u0259t xadimi\u201d v\u0259 \u201cXalq yaz\u0131\u00e7\u0131s\u0131\u201d f\u0259xri adlar\u0131na, \u201c\u015e\u00f6hr\u0259t\u201d v\u0259 \u201c\u015e\u0259r\u0259f\u201d ordenl\u0259rin\u0259 layiq g\u00f6r\u00fcl\u00fcb. O, 2008-ci ild\u0259n Az\u0259rbaycan Respublikas\u0131 Prezidentinin f\u0259rdi t\u0259qa\u00fcd\u00e7\u00fcs\u00fc idi.<\/p>\n\n\n\n<figure class=\"wp-block-image\"><img decoding=\"async\" src=\"https:\/\/medeniyyet.az\/img\/news\/900x\/_1713790898.jpg\" alt=\"\u018fm\u0259kdar artist Cavan\u015fir M\u0259mm\u0259dov d\u00fcnyas\u0131n\u0131 d\u0259yi\u015fib\" title=\"\"><\/figure>\n\n\n\n<p><strong>Cavan\u015fir M\u0259mm\u0259dov.<\/strong>&nbsp;\u018fm\u0259kdar artist Cavan\u015fir M\u0259mm\u0259dov is\u0259 aprelin 20-d\u0259 70 ya\u015f\u0131nda q\u0259fil \u00fcr\u0259ktutmadan d\u00fcnyas\u0131n\u0131 d\u0259yi\u015fdi. Xat\u0131rladaq ki, Cavan\u015fir M\u0259mm\u0259dov 1954-c\u00fc ild\u0259 musiqi\u00e7i ail\u0259sind\u0259 anadan olub. O, s\u0259n\u0259t\u0259 g\u0259ldiyi ilk vaxtlarda qarmon ifa\u00e7\u0131s\u0131 olsa da, sonradan m\u00fc\u011f\u0259nnilik etm\u0259y\u0259 ba\u015flay\u0131b.&nbsp;C.M\u0259mm\u0259dov 2005-ci ild\u0259 \u201c\u018fm\u0259kdar artist\u201d f\u0259xri ad\u0131na layiq g\u00f6r\u00fcl\u00fcb.<\/p>\n\n\n\n<figure class=\"wp-block-image\"><img decoding=\"async\" src=\"https:\/\/bizim.media\/photo\/700x394\/2024\/04\/25\/1714040077_photo_5285213951199666936_x.jpg\" alt=\"Elmira S\u00fcleymanova V\u018fFAT ETD\u0130\" title=\"\"><\/figure>\n\n\n\n<p><strong>Elmira S\u00fcleymanova.<\/strong>&nbsp;Aprelin 25-d\u0259&nbsp; sabiq \u0130nsan h\u00fcquqlar\u0131 \u00fczr\u0259 sabiq m\u00fcv\u0259kkil (Ombudsman) Elmira S\u00fcleymanova 86 ya\u015f\u0131nda uzun s\u00fcr\u0259n x\u0259st\u0259likd\u0259n sonra v\u0259fat etdi.<\/p>\n\n\n\n<figure class=\"wp-block-image\"><img decoding=\"async\" src=\"https:\/\/qafqazinfo.az\/uploads\/1724598200\/nesimanmuellim.jpg\" alt=\"Q\u0259zaya d\u00fc\u015f\u0259n N\u0259siman Yaqublu v\u0259fat etdi \u2014 Yenil\u0259nib\" title=\"\"><\/figure>\n\n\n\n<p><strong>N\u0259siman Yaqublu.<\/strong>&nbsp;Bu il v\u0259fat ed\u0259nl\u0259rd\u0259n biri d\u0259 Bak\u0131 D\u00f6vl\u0259t Universitetinin m\u00fc\u0259llimi, professor N\u0259siman Yaqublu oldu. Xat\u0131rladaq ki, parlament se\u00e7kil\u0259rind\u0259 namiz\u0259d olan N\u0259siman Yaqublu avqustun 25-d\u0259 se\u00e7icil\u0259ri il\u0259 g\u00f6r\u00fc\u015fd\u0259n qay\u0131dark\u0259n q\u0259zaya d\u00fc\u015f\u0259r\u0259k, d\u00fcnyas\u0131n\u0131 d\u0259yi\u015fib.<\/p>\n\n\n\n<figure class=\"wp-block-image\"><img decoding=\"async\" src=\"https:\/\/sfera.az\/file\/articles\/2024\/10\/19\/1729316646_tagi.jpg\" alt=\"Ta\u011f\u0131 \u018fhm\u0259dov V\u018fFAT ETD\u0130\" title=\"\"><\/figure>\n\n\n\n<p><strong>Ta\u011f\u0131 \u018fhm\u0259dov.<\/strong>&nbsp;\u201cBak\u0131 Metropoliteni\u201d QSC-nin 16 il r\u0259isi olmu\u015f (1998-2014) Ta\u011f\u0131 \u018fhm\u0259dov is\u0259 oktyabr\u0131n 18-d\u0259 uzun s\u00fcr\u0259n x\u0259st\u0259likd\u0259n sonra d\u00fcnyas\u0131n\u0131 d\u0259yi\u015fib.<\/p>\n\n\n\n<figure class=\"wp-block-image\"><img decoding=\"async\" src=\"https:\/\/www.medeniyyet.az\/img\/news\/900x\/_1730028546.jpg\" alt=\"Tan\u0131nm\u0131\u015f opera m\u00fc\u011f\u0259nnisi \u015eahlar Quliyev v\u0259fat edib\" title=\"\"><\/figure>\n\n\n\n<p><strong>\u015eahlar Quliyev.<\/strong>&nbsp;Xalq artisti opera m\u00fc\u011f\u0259nnisi, h\u0259m\u00e7inin aktyor nof\u0259l \u015eahlaro\u011flunun atas\u0131 \u015eahlar Quliyev oktyabr\u0131n 26-da 78 ya\u015f\u0131nda v\u0259fat etdi.<\/p>\n\n\n\n<figure class=\"wp-block-image\"><img decoding=\"async\" src=\"https:\/\/encrypted-tbn0.gstatic.com\/images?q=tbn:ANd9GcQX0YdIuJyzYkM9AEWY8w1vY6fM3Y0l4wFHWg&amp;s\" alt=\"X\u0259yyam \u018fhm\u0259dli kimdir? \u2013 \u018fn sadiq dostunun oksigen balonu oldu\u011funu dey\u0259n  s\u00f6z ustad\u0131 - FOTO\" title=\"\"><\/figure>\n\n\n\n<p><strong>Meyxana\u00e7\u0131 X\u0259yyam \u018fhm\u0259dli.<\/strong>&nbsp;Tan\u0131nm\u0131\u015f meyxana ifa\u00e7\u0131s\u0131 X\u0259yyam \u018fhm\u0259dli dekabr\u0131n 3-d\u0259 44 ya\u015f\u0131nda v\u0259fat etdi. S\u0259n\u0259t\u00e7i uzun ill\u0259rdir idi ki, \u00fcr\u0259k x\u0259st\u0259liyind\u0259n \u0259ziyy\u0259t \u00e7\u0259kirdi. H\u0259tta son g\u00fcnl\u0259r ictimaiyy\u0259t t\u0259r\u0259find\u0259n onun sa\u011falmas\u0131 \u00fc\u00e7\u00fcn 240 min manat pulun y\u0131\u011f\u0131lmas\u0131 \u00fc\u00e7\u00fcn kampaniyaya start vermi\u015fdi.<\/p>\n\n\n\n<p>O, &#8220;De Gelsin 2009&#8243;un qalibi, eyni zamanda Az\u0259rbaycan\u0131n Xalq artistl\u0259rinin ifa etdiyi xit mahn\u0131lar\u0131n\u0131n m\u00fc\u0259llifi olub.<\/p>\n","protected":false},"excerpt":{"rendered":"<p>2024-c\u00fc ilin \u0259vv\u0259lind\u0259n bug\u00fcn\u0259d\u0259k Az\u0259rbaycanda bir \u00e7ox m\u0259\u015fhur m\u00fcxt\u0259lif s\u0259b\u0259bl\u0259rd\u0259n d\u00fcnyas\u0131n\u0131 d\u0259yi\u015fib. Musavat.com&nbsp;bu v\u0259fat etmi\u015f m\u0259\u015fhurlar\u0131n adlar\u0131n\u0131 t\u0259qdim edir: G\u00fclbahar \u015e\u00fck\u00fcrl\u00fc. Tan\u0131nm\u0131\u015f qarmon ifa\u00e7\u0131s\u0131, \u018fm\u0259kdar artist G\u00fclbahar \u015e\u00fck\u00fcrl\u00fc bu ilin yanvar\u0131n 5-d\u0259 62 ya\u015f\u0131nda d\u00fcnyas\u0131n\u0131 d\u0259yi\u015fdi. \u0130fa\u00e7\u0131 uzun m\u00fcdd\u0259t idi ki, x\u0259r\u00e7\u0259ng x\u0259st\u0259liyind\u0259n \u0259ziyy\u0259t \u00e7\u0259kirdi. 1998-ci ild\u0259 \u00f6z\u00fcn\u00fcn b\u0259st\u0259l\u0259diyi \u201cAytac\u201d r\u0259qsi ona xeyli u\u011fur g\u0259tirib, &hellip;<\/p>\n","protected":false},"author":1,"featured_media":16757,"comment_status":"open","ping_status":"closed","sticky":false,"template":"","format":"standard","meta":{"footnotes":""},"categories":[6,3],"tags":[],"class_list":["post-16756","post","type-post","status-publish","format-standard","has-post-thumbnail","hentry","category-maqazin","category-olke"],"_links":{"self":[{"href":"https:\/\/millitv.net\/index.php?rest_route=\/wp\/v2\/posts\/16756","targetHints":{"allow":["GET"]}}],"collection":[{"href":"https:\/\/millitv.net\/index.php?rest_route=\/wp\/v2\/posts"}],"about":[{"href":"https:\/\/millitv.net\/index.php?rest_route=\/wp\/v2\/types\/post"}],"author":[{"embeddable":true,"href":"https:\/\/millitv.net\/index.php?rest_route=\/wp\/v2\/users\/1"}],"replies":[{"embeddable":true,"href":"https:\/\/millitv.net\/index.php?rest_route=%2Fwp%2Fv2%2Fcomments&post=16756"}],"version-history":[{"count":1,"href":"https:\/\/millitv.net\/index.php?rest_route=\/wp\/v2\/posts\/16756\/revisions"}],"predecessor-version":[{"id":16758,"href":"https:\/\/millitv.net\/index.php?rest_route=\/wp\/v2\/posts\/16756\/revisions\/16758"}],"wp:featuredmedia":[{"embeddable":true,"href":"https:\/\/millitv.net\/index.php?rest_route=\/wp\/v2\/media\/16757"}],"wp:attachment":[{"href":"https:\/\/millitv.net\/index.php?rest_route=%2Fwp%2Fv2%2Fmedia&parent=16756"}],"wp:term":[{"taxonomy":"category","embeddable":true,"href":"https:\/\/millitv.net\/index.php?rest_route=%2Fwp%2Fv2%2Fcategories&post=16756"},{"taxonomy":"post_tag","embeddable":true,"href":"https:\/\/millitv.net\/index.php?rest_route=%2Fwp%2Fv2%2Ftags&post=16756"}],"curies":[{"name":"wp","href":"https:\/\/api.w.org\/{rel}","templated":true}]}}