{"id":16668,"date":"2024-12-16T13:46:09","date_gmt":"2024-12-16T13:46:09","guid":{"rendered":"https:\/\/millitv.net\/?p=16668"},"modified":"2024-12-16T13:46:10","modified_gmt":"2024-12-16T13:46:10","slug":"az%C9%99rbaycan-respublikasinin-en-varli-10-rayonu-hansilardir-video","status":"publish","type":"post","link":"https:\/\/millitv.net\/?p=16668","title":{"rendered":"Az\u0259rbaycan Respublikas\u0131n\u0131n \u018fN VARLI 10 RAYONU Hans\u0131lard\u0131r? &#8211; Video"},"content":{"rendered":"\n<p><strong>Az\u0259rbaycan\u0131n \u0259n varl\u0131 rayonlar\u0131n\u0131n adlar\u0131 a\u00e7\u0131qlan\u0131b. <\/strong><\/p>\n\n\n\n<p>Burada bel\u0259 sual ortaya \u00e7\u0131x\u0131r, Az\u0259rbaycanda varl\u0131 rayon varm\u0131 he\u00e7? \u00dcmumiyy\u0259tl\u0259 varl\u0131 rayon dey\u0259nd\u0259 n\u0259 n\u0259z\u0259rd\u0259 tutulur? \u018fg\u0259r varl\u0131 rayonlar varsa, niy\u0259 insanlar rayonlardan, k\u0259ndl\u0259rd\u0259n \u00e7\u0131x\u0131b Bak\u0131ya, xaric\u0259 \u00fcz tuturlar? <\/p>\n\n\n\n<p>Ara\u015fd\u0131rmaya g\u00f6r\u0259 paytaxt Bak\u0131 il\u0259 rayonlar aras\u0131nda g\u0259lir f\u0259rqi az\u0131 2 d\u0259f\u0259 y\u00fcks\u0259kdir. Bu da \u0259ks\u0259r i\u015f yerl\u0259rinin, d\u00f6vl\u0259t m\u00fc\u0259ssis\u0259l\u0259rinin Bak\u0131da olmas\u0131ndan ir\u0259li g\u0259lir. Rayonlarda \u00fcmumi m\u00fcqayis\u0259 ed\u0259nd\u0259 bax\u0131ms\u0131zl\u0131q, kas\u0131bla\u015fma gedir, b\u0259zi rayonlar var ki, sad\u0259c\u0259 dig\u0259rl\u0259ri il\u0259 m\u00fcqayis\u0259d\u0259 daha \u00e7ox inki\u015faf edib, ona g\u00f6r\u0259 onlara varl\u0131 rayonlar deyilir.<\/p>\n\n\n\n<p>Daha \u0259trafl\u0131 videoda: <\/p>\n\n\n\n<figure class=\"wp-block-embed is-type-video is-provider-youtube wp-block-embed-youtube wp-embed-aspect-16-9 wp-has-aspect-ratio\"><div class=\"wp-block-embed__wrapper\">\n<iframe loading=\"lazy\" title=\"Az\u0259rbaycan Respublikas\u0131n\u0131n \u018fN VARLI 10 RAYONU Hans\u0131lard\u0131r?\" width=\"500\" height=\"281\" src=\"https:\/\/www.youtube.com\/embed\/afYEQ7Iuvdw?feature=oembed\" frameborder=\"0\" allow=\"accelerometer; autoplay; clipboard-write; encrypted-media; gyroscope; picture-in-picture; web-share\" referrerpolicy=\"strict-origin-when-cross-origin\" allowfullscreen><\/iframe>\n<\/div><\/figure>\n","protected":false},"excerpt":{"rendered":"<p>Az\u0259rbaycan\u0131n \u0259n varl\u0131 rayonlar\u0131n\u0131n adlar\u0131 a\u00e7\u0131qlan\u0131b. Burada bel\u0259 sual ortaya \u00e7\u0131x\u0131r, Az\u0259rbaycanda varl\u0131 rayon varm\u0131 he\u00e7? \u00dcmumiyy\u0259tl\u0259 varl\u0131 rayon dey\u0259nd\u0259 n\u0259 n\u0259z\u0259rd\u0259 tutulur? \u018fg\u0259r varl\u0131 rayonlar varsa, niy\u0259 insanlar rayonlardan, k\u0259ndl\u0259rd\u0259n \u00e7\u0131x\u0131b Bak\u0131ya, xaric\u0259 \u00fcz tuturlar? Ara\u015fd\u0131rmaya g\u00f6r\u0259 paytaxt Bak\u0131 il\u0259 rayonlar aras\u0131nda g\u0259lir f\u0259rqi az\u0131 2 d\u0259f\u0259 y\u00fcks\u0259kdir. Bu da \u0259ks\u0259r i\u015f yerl\u0259rinin, d\u00f6vl\u0259t &hellip;<\/p>\n","protected":false},"author":1,"featured_media":16670,"comment_status":"open","ping_status":"closed","sticky":false,"template":"","format":"standard","meta":{"footnotes":""},"categories":[8,3],"tags":[],"class_list":["post-16668","post","type-post","status-publish","format-standard","has-post-thumbnail","hentry","category-maraqli","category-olke"],"_links":{"self":[{"href":"https:\/\/millitv.net\/index.php?rest_route=\/wp\/v2\/posts\/16668","targetHints":{"allow":["GET"]}}],"collection":[{"href":"https:\/\/millitv.net\/index.php?rest_route=\/wp\/v2\/posts"}],"about":[{"href":"https:\/\/millitv.net\/index.php?rest_route=\/wp\/v2\/types\/post"}],"author":[{"embeddable":true,"href":"https:\/\/millitv.net\/index.php?rest_route=\/wp\/v2\/users\/1"}],"replies":[{"embeddable":true,"href":"https:\/\/millitv.net\/index.php?rest_route=%2Fwp%2Fv2%2Fcomments&post=16668"}],"version-history":[{"count":1,"href":"https:\/\/millitv.net\/index.php?rest_route=\/wp\/v2\/posts\/16668\/revisions"}],"predecessor-version":[{"id":16671,"href":"https:\/\/millitv.net\/index.php?rest_route=\/wp\/v2\/posts\/16668\/revisions\/16671"}],"wp:featuredmedia":[{"embeddable":true,"href":"https:\/\/millitv.net\/index.php?rest_route=\/wp\/v2\/media\/16670"}],"wp:attachment":[{"href":"https:\/\/millitv.net\/index.php?rest_route=%2Fwp%2Fv2%2Fmedia&parent=16668"}],"wp:term":[{"taxonomy":"category","embeddable":true,"href":"https:\/\/millitv.net\/index.php?rest_route=%2Fwp%2Fv2%2Fcategories&post=16668"},{"taxonomy":"post_tag","embeddable":true,"href":"https:\/\/millitv.net\/index.php?rest_route=%2Fwp%2Fv2%2Ftags&post=16668"}],"curies":[{"name":"wp","href":"https:\/\/api.w.org\/{rel}","templated":true}]}}