{"id":16657,"date":"2024-12-16T13:29:02","date_gmt":"2024-12-16T13:29:02","guid":{"rendered":"https:\/\/millitv.net\/?p=16657"},"modified":"2024-12-16T13:29:04","modified_gmt":"2024-12-16T13:29:04","slug":"g%C9%99nc-mug%C9%99nni-surucu-axtarir-foto","status":"publish","type":"post","link":"https:\/\/millitv.net\/?p=16657","title":{"rendered":"G\u0259nc m\u00fc\u011f\u0259nni s\u00fcr\u00fcc\u00fc axtar\u0131r &#8211;\u00a0FOTO"},"content":{"rendered":"\n<p><strong>M\u0259\u015fhur m\u00fc\u011f\u0259nni Aleyna Tilki i\u015f elan\u0131nda yeni s\u00fcr\u00fcc\u00fc axtard\u0131\u011f\u0131n\u0131 bildirib.<\/strong><\/p>\n\n\n\n<p>M\u00fc\u011f\u0259nni bu bar\u0259d\u0259 sosial media hesab\u0131nda payla\u015f\u0131m edib.<\/p>\n\n\n\n<p>S\u0259n\u0259t\u00e7i onu da qeyd edib ki, uzun ill\u0259rdir birlikd\u0259 \u00e7al\u0131\u015fd\u0131\u011f\u0131 s\u00fcr\u00fcc\u00fcs\u00fc il\u0259 yollar\u0131n\u0131 ay\u0131r\u0131b.<\/p>\n\n\n\n<p>&#8220;H\u0259r zaman yan\u0131mda g\u00f6rd\u00fcy\u00fcn\u00fcz, avtomobilimi idar\u0259 ed\u0259n s\u00fcr\u00fcc\u00fc il\u0259 yollar\u0131m\u0131z\u0131 ay\u0131rd\u0131q. Yeni s\u00fcr\u00fcc\u00fc axtar\u0131ram&#8221;, dey\u0259 o, \u0259lav\u0259 edib.<\/p>\n\n\n\n<p>M\u0259qal\u0259y\u0259 dair fotomateriallar:(Milli.Az)<\/p>\n\n\n\n<figure class=\"wp-block-image\"><img decoding=\"async\" src=\"https:\/\/img.milli.az\/2024\/12\/15\/1251917_(6).jpg\" alt=\"\" title=\"\"><\/figure>\n\n\n\n<ul class=\"wp-block-list\">\n<li><img decoding=\"async\" src=\"https:\/\/img.milli.az\/2024\/12\/15\/1251917_(2).jpg\" alt=\"\" title=\"\"><\/li>\n\n\n\n<li><img decoding=\"async\" src=\"https:\/\/img.milli.az\/2024\/12\/15\/1251917_(3).jpg\" alt=\"\" title=\"\"><\/li>\n\n\n\n<li><img decoding=\"async\" src=\"https:\/\/img.milli.az\/2024\/12\/15\/1251917_(4).jpg\" alt=\"\" title=\"\"><\/li>\n<\/ul>\n\n\n\n<ul class=\"wp-block-list\">\n<li><img decoding=\"async\" src=\"https:\/\/img.milli.az\/2024\/12\/15\/1251917_(1).jpg\" alt=\"\" title=\"\"><\/li>\n\n\n\n<li><img decoding=\"async\" src=\"https:\/\/img.milli.az\/2024\/12\/15\/1251917_(2).jpg\" alt=\"\" title=\"\"><\/li>\n<\/ul>\n","protected":false},"excerpt":{"rendered":"<p>M\u0259\u015fhur m\u00fc\u011f\u0259nni Aleyna Tilki i\u015f elan\u0131nda yeni s\u00fcr\u00fcc\u00fc axtard\u0131\u011f\u0131n\u0131 bildirib. M\u00fc\u011f\u0259nni bu bar\u0259d\u0259 sosial media hesab\u0131nda payla\u015f\u0131m edib. S\u0259n\u0259t\u00e7i onu da qeyd edib ki, uzun ill\u0259rdir birlikd\u0259 \u00e7al\u0131\u015fd\u0131\u011f\u0131 s\u00fcr\u00fcc\u00fcs\u00fc il\u0259 yollar\u0131n\u0131 ay\u0131r\u0131b. &#8220;H\u0259r zaman yan\u0131mda g\u00f6rd\u00fcy\u00fcn\u00fcz, avtomobilimi idar\u0259 ed\u0259n s\u00fcr\u00fcc\u00fc il\u0259 yollar\u0131m\u0131z\u0131 ay\u0131rd\u0131q. Yeni s\u00fcr\u00fcc\u00fc axtar\u0131ram&#8221;, dey\u0259 o, \u0259lav\u0259 edib. M\u0259qal\u0259y\u0259 dair fotomateriallar:(Milli.Az)<\/p>\n","protected":false},"author":1,"featured_media":16658,"comment_status":"open","ping_status":"closed","sticky":false,"template":"","format":"standard","meta":{"footnotes":""},"categories":[6],"tags":[],"class_list":["post-16657","post","type-post","status-publish","format-standard","has-post-thumbnail","hentry","category-maqazin"],"_links":{"self":[{"href":"https:\/\/millitv.net\/index.php?rest_route=\/wp\/v2\/posts\/16657","targetHints":{"allow":["GET"]}}],"collection":[{"href":"https:\/\/millitv.net\/index.php?rest_route=\/wp\/v2\/posts"}],"about":[{"href":"https:\/\/millitv.net\/index.php?rest_route=\/wp\/v2\/types\/post"}],"author":[{"embeddable":true,"href":"https:\/\/millitv.net\/index.php?rest_route=\/wp\/v2\/users\/1"}],"replies":[{"embeddable":true,"href":"https:\/\/millitv.net\/index.php?rest_route=%2Fwp%2Fv2%2Fcomments&post=16657"}],"version-history":[{"count":1,"href":"https:\/\/millitv.net\/index.php?rest_route=\/wp\/v2\/posts\/16657\/revisions"}],"predecessor-version":[{"id":16659,"href":"https:\/\/millitv.net\/index.php?rest_route=\/wp\/v2\/posts\/16657\/revisions\/16659"}],"wp:featuredmedia":[{"embeddable":true,"href":"https:\/\/millitv.net\/index.php?rest_route=\/wp\/v2\/media\/16658"}],"wp:attachment":[{"href":"https:\/\/millitv.net\/index.php?rest_route=%2Fwp%2Fv2%2Fmedia&parent=16657"}],"wp:term":[{"taxonomy":"category","embeddable":true,"href":"https:\/\/millitv.net\/index.php?rest_route=%2Fwp%2Fv2%2Fcategories&post=16657"},{"taxonomy":"post_tag","embeddable":true,"href":"https:\/\/millitv.net\/index.php?rest_route=%2Fwp%2Fv2%2Ftags&post=16657"}],"curies":[{"name":"wp","href":"https:\/\/api.w.org\/{rel}","templated":true}]}}