{"id":16647,"date":"2024-12-16T09:24:56","date_gmt":"2024-12-16T09:24:56","guid":{"rendered":"https:\/\/millitv.net\/?p=16647"},"modified":"2024-12-16T09:24:58","modified_gmt":"2024-12-16T09:24:58","slug":"pensiyalar-n%C9%99-q%C9%99d%C9%99r-artacaq-d%C9%99qiq-r%C9%99q%C9%99m","status":"publish","type":"post","link":"https:\/\/millitv.net\/?p=16647","title":{"rendered":"Pensiyalar n\u0259 q\u0259d\u0259r artacaq? &#8211;\u00a0D\u0259qiq r\u0259q\u0259m"},"content":{"rendered":"\n<p><strong>2025-ci ild\u0259 orta pensiya m\u0259bl\u0259\u011fi 516 manat olacaq. Bu, \u0259vv\u0259lki il\u0259 m\u00fcqayis\u0259d\u0259 50 manat art\u0131m dem\u0259kdir.<\/strong><\/p>\n\n\n\n<p><a target=\"_blank\" href=\"https:\/\/axar.az\/\" rel=\"noreferrer noopener\">Axar.az<\/a>&nbsp;x\u0259b\u0259r verir ki, bu s\u00f6zl\u0259ri Milli M\u0259clisin deputat\u0131&nbsp;<strong>V\u00fcqar Bayramov<\/strong>&nbsp;deyib.<\/p>\n\n\n\n<p>O, art\u0131mlarla ba\u011fl\u0131 m\u00fcraci\u0259tl\u0259r\u0259 v\u0259 suallara ayd\u0131nl\u0131q g\u0259tirib:<\/p>\n\n\n\n<p>\u201cSon d\u00f6vrl\u0259r maa\u015f, pensiya, m\u00fcavin\u0259tl\u0259r, t\u0259qa\u00fcdl\u0259r, el\u0259c\u0259 d\u0259 g\u00f6zl\u0259nil\u0259n art\u0131mlarla ba\u011fl\u0131 payla\u015f\u0131mlar\u0131m\u0131za r\u0259\u011fm\u0259n, yen\u0259 d\u0259 \u00e7oxsayl\u0131 m\u00fcraci\u0259tl\u0259r t\u0259qdim olunur. T\u0259krar olmas\u0131n dey\u0259, qeyd ed\u0259k ki, bu payla\u015f\u0131m m\u00fcraci\u0259tl\u0259rin \u00e7ox olmas\u0131 s\u0259b\u0259bil\u0259 t\u0259qdim olunur. \u00c7\u00fcnki \u0259vv\u0259lki m\u00fcraci\u0259tl\u0259rimizd\u0259 bu istiqam\u0259td\u0259 fikirl\u0259rimizi b\u00f6l\u00fc\u015fm\u00fc\u015f\u00fck. T\u0259bii ki, bir s\u0131ra yeni r\u0259q\u0259ml\u0259r t\u0259qdim olunub, g\u0259l\u0259n h\u0259ft\u0259 b\u00fcdc\u0259 m\u00fczakir\u0259si olacaq. Orada da art\u0131mlarla ba\u011fl\u0131, el\u0259c\u0259 d\u0259 bir s\u0131ra m\u0259s\u0259l\u0259l\u0259r \u00f6z \u0259ksini tapacaq. Bildiyiniz kimi, bu h\u0259ft\u0259 t\u0259qdim olunan m\u0259lumata \u0259sas\u0259n, 2025-ci ild\u0259 orta pensiya m\u0259bl\u0259\u011fi 516 manat olacaq. Bu, \u0259vv\u0259lki il\u0259 m\u00fcqayis\u0259d\u0259 50 manat art\u0131m dem\u0259kdir. Art\u0131m minumum pensiya m\u0259bl\u0259\u011fi il\u0259 yox, \u00f6lk\u0259 \u00fczr\u0259 orta ayl\u0131q pensiya m\u0259bl\u0259\u011find\u0259ki art\u0131m\u0131 xarakteriz\u0259 edir. Ona g\u00f6r\u0259 d\u0259 art\u0131m birba\u015fa \u00f6lk\u0259 \u00fczr\u0259 orta ayl\u0131q pensiya m\u0259bl\u0259\u011fin\u0259 \u015famil olunacaq. \u018fm\u0259k v\u0259 \u018fhalinin Sosial M\u00fcdafi\u0259si Nazirliyi t\u0259r\u0259find\u0259n g\u00f6zl\u0259nti orta ayl\u0131q pensiya m\u0259bl\u0259\u011finin 516 manata y\u00fcks\u0259lm\u0259si il\u0259 ba\u011fl\u0131d\u0131r\u201d.<\/p>\n\n\n\n<p>Deputat b\u00fct\u00fcn n\u00f6v \u0259m\u0259k pensiyalar\u0131nda art\u0131mlar\u0131n olaca\u011f\u0131n\u0131 a\u00e7\u0131qlay\u0131b:<\/p>\n\n\n\n<p>\u201cMinumum pensiya v\u0259 minumum maa\u015f\u0131n art\u0131r\u0131lmas\u0131 il\u0259 ba\u011fl\u0131 c\u0259nab Prezident t\u0259r\u0259find\u0259n g\u00f6st\u0259ri\u015f verilib. H\u0259min g\u00f6st\u0259ri\u015f\u0259 uy\u011fun olaraq, art\u0131mla ba\u011fl\u0131 m\u0259s\u0259l\u0259l\u0259r yekunla\u015fmaq \u00fczr\u0259dir. Bizim t\u0259klifimiz ondan ibar\u0259tdir ki, 2023-2024-c\u00fc ill\u0259rd\u0259ki art\u0131m faizi, inflyasiya n\u0259z\u0259r\u0259 al\u0131nmaqla pensiya v\u0259 minimum maa\u015fda art\u0131mlar h\u0259yata ke\u00e7irilsin. Biz fiskal imkanlar \u00e7\u0259r\u00e7iv\u0259sind\u0259 daha \u00e7ox art\u0131mlar\u0131n h\u0259yata ke\u00e7m\u0259sini m\u0259qs\u0259d\u0259uy\u011fun hesab edirik. Bununla ba\u011fl\u0131 g\u0259l\u0259n h\u0259ft\u0259 ba\u015flan\u0131lacaq b\u00fcdc\u0259 m\u00fczakir\u0259l\u0259rind\u0259 d\u0259 \u00f6z t\u0259klifl\u0259rimizi t\u0259klif ed\u0259c\u0259yik. H\u0259r iki istiqam\u0259td\u0259, pensiya v\u0259 \u0259m\u0259k haqq\u0131 art\u0131mlar\u0131 n\u00f6vb\u0259ti ild\u0259n realla\u015fmal\u0131d\u0131r. Bu proses praktik olaraq yekunla\u015fmaq \u00fczr\u0259dir. Art\u0131q dekabr\u0131n sonuna do\u011fru b\u00fcdc\u0259 t\u0259sdiq olunacaq. C\u0259nab Prezident t\u0259r\u0259find\u0259n n\u00f6vb\u0259ti ilin \u0259vv\u0259lind\u0259 g\u00f6zl\u0259nil\u0259n s\u0259r\u0259ncam imzalanacaq. B\u00fct\u00fcn n\u00f6v \u0259m\u0259k pensiyalar\u0131nda art\u0131m olacaq. Bu, indeksl\u0259\u015fdirm\u0259 \u0259sas\u0131nda art\u0131md\u0131r. \u0130ndeksl\u0259\u015fdirm\u0259 inflyasiyaya \u0259sas\u0259n yox, orta ayl\u0131q art\u0131m faizin\u0259 \u0259sas\u0259n h\u0259yata ke\u00e7irilir. 2024-c\u00fc ild\u0259 orta ayl\u0131q \u0259m\u0259k haqq\u0131 n\u0259 q\u0259d\u0259r art\u0131r\u0131l\u0131bsa, pensiya da o q\u0259d\u0259r art\u0131r\u0131lacaq. Burada b\u00fct\u00fcn n\u00f6v \u0259m\u0259k pensiyalar\u0131ndan s\u00f6hb\u0259t gedir\u201d.<\/p>\n","protected":false},"excerpt":{"rendered":"<p>2025-ci ild\u0259 orta pensiya m\u0259bl\u0259\u011fi 516 manat olacaq. Bu, \u0259vv\u0259lki il\u0259 m\u00fcqayis\u0259d\u0259 50 manat art\u0131m dem\u0259kdir. Axar.az&nbsp;x\u0259b\u0259r verir ki, bu s\u00f6zl\u0259ri Milli M\u0259clisin deputat\u0131&nbsp;V\u00fcqar Bayramov&nbsp;deyib. O, art\u0131mlarla ba\u011fl\u0131 m\u00fcraci\u0259tl\u0259r\u0259 v\u0259 suallara ayd\u0131nl\u0131q g\u0259tirib: \u201cSon d\u00f6vrl\u0259r maa\u015f, pensiya, m\u00fcavin\u0259tl\u0259r, t\u0259qa\u00fcdl\u0259r, el\u0259c\u0259 d\u0259 g\u00f6zl\u0259nil\u0259n art\u0131mlarla ba\u011fl\u0131 payla\u015f\u0131mlar\u0131m\u0131za r\u0259\u011fm\u0259n, yen\u0259 d\u0259 \u00e7oxsayl\u0131 m\u00fcraci\u0259tl\u0259r t\u0259qdim olunur. T\u0259krar olmas\u0131n dey\u0259, &hellip;<\/p>\n","protected":false},"author":1,"featured_media":16648,"comment_status":"open","ping_status":"closed","sticky":false,"template":"","format":"standard","meta":{"footnotes":""},"categories":[3],"tags":[],"class_list":["post-16647","post","type-post","status-publish","format-standard","has-post-thumbnail","hentry","category-olke"],"_links":{"self":[{"href":"https:\/\/millitv.net\/index.php?rest_route=\/wp\/v2\/posts\/16647","targetHints":{"allow":["GET"]}}],"collection":[{"href":"https:\/\/millitv.net\/index.php?rest_route=\/wp\/v2\/posts"}],"about":[{"href":"https:\/\/millitv.net\/index.php?rest_route=\/wp\/v2\/types\/post"}],"author":[{"embeddable":true,"href":"https:\/\/millitv.net\/index.php?rest_route=\/wp\/v2\/users\/1"}],"replies":[{"embeddable":true,"href":"https:\/\/millitv.net\/index.php?rest_route=%2Fwp%2Fv2%2Fcomments&post=16647"}],"version-history":[{"count":1,"href":"https:\/\/millitv.net\/index.php?rest_route=\/wp\/v2\/posts\/16647\/revisions"}],"predecessor-version":[{"id":16649,"href":"https:\/\/millitv.net\/index.php?rest_route=\/wp\/v2\/posts\/16647\/revisions\/16649"}],"wp:featuredmedia":[{"embeddable":true,"href":"https:\/\/millitv.net\/index.php?rest_route=\/wp\/v2\/media\/16648"}],"wp:attachment":[{"href":"https:\/\/millitv.net\/index.php?rest_route=%2Fwp%2Fv2%2Fmedia&parent=16647"}],"wp:term":[{"taxonomy":"category","embeddable":true,"href":"https:\/\/millitv.net\/index.php?rest_route=%2Fwp%2Fv2%2Fcategories&post=16647"},{"taxonomy":"post_tag","embeddable":true,"href":"https:\/\/millitv.net\/index.php?rest_route=%2Fwp%2Fv2%2Ftags&post=16647"}],"curies":[{"name":"wp","href":"https:\/\/api.w.org\/{rel}","templated":true}]}}