{"id":1664,"date":"2023-10-14T08:54:35","date_gmt":"2023-10-14T08:54:35","guid":{"rendered":"https:\/\/millinews.az\/xeber\/pa-r%C9%99hb%C9%99ri-xalqimiz-prezident-ilham-eliyevin-%C9%99trafinda-six-birl%C9%99s%C9%99r%C9%99k-ardinca-ir%C9%99liy%C9%99-dogru-addimlayir\/"},"modified":"2023-10-14T08:54:35","modified_gmt":"2023-10-14T08:54:35","slug":"pa-r%C9%99hb%C9%99ri-xalqimiz-prezident-ilham-eliyevin-%C9%99trafinda-six-birl%C9%99s%C9%99r%C9%99k-ardinca-ir%C9%99liy%C9%99-dogru-addimlayir","status":"publish","type":"post","link":"https:\/\/millitv.net\/?p=1664","title":{"rendered":"PA r\u0259hb\u0259ri: \u201cXalq\u0131m\u0131z Prezident \u0130lham \u018fliyevin \u0259traf\u0131nda s\u0131x birl\u0259\u015f\u0259r\u0259k ard\u0131nca ir\u0259liy\u0259 do\u011fru add\u0131mlay\u0131r\u201d"},"content":{"rendered":"<p><img decoding=\"async\" src=\"https:\/\/cdn.oxu.az\/uploads\/W1siZiIsIjIwMjMvMTAvMTQvMTIvMDQvMjQvOThiNWUxNDctMmI4NS00MDZhLWEzMzAtYTNhMWJkMzJjMmJlLzdiNzVjNzI1LWZhYTctMzBiYS04Y2M1LTY4ZjMxZGEzYWFiMF84NTAuanBnIl0sWyJwIiwiZW5jb2RlIiwianBnIiwiLXF1YWxpdHkgODAiXSxbInAiLCJ0aHVtYiIsIjYyMHg0NjVcdTAwM2UiXV0?sha=b0cf15e4733b566c\" alt=\"\" title=\"\"><\/p>\n<div><a class=\"subs-in-social subs-whatsapp\" href=\"https:\/\/whatsapp.com\/channel\/0029VaAakbx89ingOoeiTp40\" target=\"_blank\" rel=\"noopener\"><\/p>\n<p>Bizim WhatsApp kanal\u0131m\u0131za buradan abun\u0259 ola bil\u0259rsiniz<\/p>\n<p><\/a><\/p>\n<p>\u201cPrezident <strong>\u0130lham \u018fliyevin<\/strong> \u00f6lk\u0259miz\u0259 r\u0259hb\u0259rlik etdiyi 2003-2023-c\u00fc ill\u0259r \u00e7ox\u0259srlik milli d\u00f6vl\u0259t\u00e7ilik tariximiz\u0259 b\u0259nz\u0259ri olmayan q\u0131z\u0131l d\u00f6vr kimi d\u00fc\u015f\u00fcb\u201d.<\/p>\n<p>\u201cReport\u201dun x\u0259b\u0259rin\u0259 g\u00f6r\u0259, bunu Prezident Administrasiyas\u0131n\u0131n r\u0259hb\u0259ri Samir Nuriyev oktyabr\u0131n 14-d\u0259 Bak\u0131da \u201cV\u0259t\u0259n\u0259, xalqa v\u0259 d\u00f6vl\u0259t\u00e7iliy\u0259 misilsiz xidm\u0259tin 20 ili\u201d m\u00f6vzusunda ke\u00e7iril\u0259n konfransda \u00e7\u0131x\u0131\u015f\u0131 zaman\u0131 deyib.<\/p>\n<p>Onun s\u00f6zl\u0259rin\u0259 g\u00f6r\u0259, bu g\u00fcn tam \u0259minlikl\u0259 dem\u0259k olar ki, tarixi kontekstd\u0259 q\u0131sa d\u00f6vr olsa da, bu 20 il Az\u0259rbaycan\u0131n qar\u015f\u0131s\u0131nda duran strateji h\u0259d\u0259fl\u0259r\u0259 nail olunmas\u0131, c\u0259r\u0259yan ed\u0259n prosesl\u0259rin, ba\u015f vermi\u015f hadis\u0259l\u0259rin z\u0259nginliyi, \u0259n \u0259sas\u0131, \u0259ld\u0259 edilmi\u015f n\u0259tic\u0259l\u0259r bax\u0131m\u0131ndan m\u00fcst\u0259sna \u0259h\u0259miyy\u0259t k\u0259sb ed\u0259n v\u0259 \u00e7ox\u0259srlik milli d\u00f6vl\u0259t\u00e7iliyimizin \u0259n parlaq s\u0259hif\u0259sin\u0259 \u00e7evrilmi\u015f yeni bir m\u0259rh\u0259l\u0259dir.<\/p>\n<p>PA r\u0259hb\u0259ri bildirib ki, Prezident \u0130lham \u018fliyevin \u00f6lk\u0259miz\u0259 r\u0259hb\u0259rlik etdiyi 2003-2023-c\u00fc ill\u0259r \u00e7ox\u0259srlik milli d\u00f6vl\u0259t\u00e7ilik tariximiz\u0259 b\u0259nz\u0259ri olmayan q\u0131z\u0131l d\u00f6vr kimi d\u00fc\u015fm\u00fc\u015f, \u0259srl\u0259rl\u0259 b\u00f6l\u00fcnm\u00fc\u015f, a\u011f\u0131r m\u0259hrumiyy\u0259tl\u0259r\u0259 m\u0259ruz qalm\u0131\u015f, amma \u00f6z q\u00fcrurunu v\u0259 milli d\u00f6vl\u0259t\u00e7ilik \u0259n\u0259n\u0259l\u0259rini qoruyub saxlam\u0131\u015f Az\u0259rbaycan xalq\u0131n\u0131n h\u0259yat\u0131nda silsil\u0259 q\u0259l\u0259b\u0259l\u0259r, misli g\u00f6r\u00fcnm\u0259mi\u015f y\u00fcks\u0259li\u015f v\u0259 t\u0259r\u0259qqi ill\u0259ri olub.<\/p>\n<p>\u201cM\u0259hz buna g\u00f6r\u0259dir ki, \u00f6t\u0259n d\u00f6vr \u0259rzind\u0259 ke\u00e7irilmi\u015f d\u00f6rd prezident se\u00e7kisind\u0259 Az\u0259rbaycan xalq\u0131 \u00f6z g\u0259l\u0259c\u0259yini yaln\u0131z Prezident \u0130lham \u018fliyev\u0259 etibar edib. Xalq\u0131m\u0131z h\u0259r zaman Prezident \u0130lham \u018fliyev\u0259 d\u0259st\u0259k olur, \u0259traf\u0131nda s\u0131x birl\u0259\u015f\u0259r\u0259k ard\u0131nca ir\u0259liy\u0259 do\u011fru add\u0131mlay\u0131r\u201d, &#8211; dey\u0259 o \u0259lav\u0259 edib.<\/p>\n<\/div>\n","protected":false},"excerpt":{"rendered":"<p>Bizim WhatsApp kanal\u0131m\u0131za buradan abun\u0259 ola bil\u0259rsiniz \u201cPrezident \u0130lham \u018fliyevin \u00f6lk\u0259miz\u0259 r\u0259hb\u0259rlik etdiyi 2003-2023-c\u00fc ill\u0259r \u00e7ox\u0259srlik milli d\u00f6vl\u0259t\u00e7ilik tariximiz\u0259 b\u0259nz\u0259ri olmayan q\u0131z\u0131l d\u00f6vr kimi d\u00fc\u015f\u00fcb\u201d. \u201cReport\u201dun x\u0259b\u0259rin\u0259 g\u00f6r\u0259, bunu Prezident Administrasiyas\u0131n\u0131n r\u0259hb\u0259ri Samir Nuriyev oktyabr\u0131n 14-d\u0259 Bak\u0131da \u201cV\u0259t\u0259n\u0259, xalqa v\u0259 d\u00f6vl\u0259t\u00e7iliy\u0259 misilsiz xidm\u0259tin 20 ili\u201d m\u00f6vzusunda ke\u00e7iril\u0259n konfransda \u00e7\u0131x\u0131\u015f\u0131 zaman\u0131 deyib. Onun s\u00f6zl\u0259rin\u0259 g\u00f6r\u0259, bu &hellip;<\/p>\n","protected":false},"author":1,"featured_media":1665,"comment_status":"open","ping_status":"closed","sticky":false,"template":"","format":"standard","meta":{"footnotes":""},"categories":[9],"tags":[],"class_list":["post-1664","post","type-post","status-publish","format-standard","has-post-thumbnail","hentry","category-xeber"],"_links":{"self":[{"href":"https:\/\/millitv.net\/index.php?rest_route=\/wp\/v2\/posts\/1664","targetHints":{"allow":["GET"]}}],"collection":[{"href":"https:\/\/millitv.net\/index.php?rest_route=\/wp\/v2\/posts"}],"about":[{"href":"https:\/\/millitv.net\/index.php?rest_route=\/wp\/v2\/types\/post"}],"author":[{"embeddable":true,"href":"https:\/\/millitv.net\/index.php?rest_route=\/wp\/v2\/users\/1"}],"replies":[{"embeddable":true,"href":"https:\/\/millitv.net\/index.php?rest_route=%2Fwp%2Fv2%2Fcomments&post=1664"}],"version-history":[{"count":0,"href":"https:\/\/millitv.net\/index.php?rest_route=\/wp\/v2\/posts\/1664\/revisions"}],"wp:featuredmedia":[{"embeddable":true,"href":"https:\/\/millitv.net\/index.php?rest_route=\/wp\/v2\/media\/1665"}],"wp:attachment":[{"href":"https:\/\/millitv.net\/index.php?rest_route=%2Fwp%2Fv2%2Fmedia&parent=1664"}],"wp:term":[{"taxonomy":"category","embeddable":true,"href":"https:\/\/millitv.net\/index.php?rest_route=%2Fwp%2Fv2%2Fcategories&post=1664"},{"taxonomy":"post_tag","embeddable":true,"href":"https:\/\/millitv.net\/index.php?rest_route=%2Fwp%2Fv2%2Ftags&post=1664"}],"curies":[{"name":"wp","href":"https:\/\/api.w.org\/{rel}","templated":true}]}}