{"id":16445,"date":"2024-11-21T13:28:34","date_gmt":"2024-11-21T13:28:34","guid":{"rendered":"https:\/\/millitv.net\/?p=16445"},"modified":"2024-11-21T13:28:35","modified_gmt":"2024-11-21T13:28:35","slug":"bu-q%C9%99d%C9%99r-m%C9%99d%C9%99niyy%C9%99tsiz-g%C9%99nc-harada-v%C9%99-niy%C9%99-yetisir","status":"publish","type":"post","link":"https:\/\/millitv.net\/?p=16445","title":{"rendered":"\u201cBu q\u0259d\u0259r m\u0259d\u0259niyy\u0259tsiz g\u0259nc harada v\u0259 niy\u0259 yeti\u015fir?\u201d"},"content":{"rendered":"\n<p><strong>Aktyor Kamran A\u011fabalayev a\u00e7\u0131qlamas\u0131 il\u0259 g\u00fcnd\u0259m\u0259 s\u0259s sal\u0131b.<\/strong><\/p>\n\n\n\n<p>OLAY yaz\u0131r ki, s\u0259n\u0259t\u00e7i sosial \u015f\u0259b\u0259k\u0259d\u0259 yay\u0131lan qeyri etik m\u0259zmunlu videolardan s\u00f6z a\u00e7\u0131b.<\/p>\n\n\n\n<p><strong>A\u011fabalayev instaqram s\u0259hif\u0259si vasit\u0259si il\u0259 M\u0259d\u0259niyy\u0259t Nazirliyin\u0259, G\u0259ncl\u0259r v\u0259 \u0130dman Nazirliyin\u0259 videom\u00fcraci\u0259t \u00fcnvanlay\u0131b:<\/strong><\/p>\n\n\n\n<p><em>\u201c\u0130ndi sosial \u015f\u0259b\u0259k\u0259l\u0259rd\u0259 payla\u015f\u0131lan v\u0259 ad\u0131na verili\u015f, prank kimi \u015feyl\u0259r\u0259 g\u00f6r\u0259, 20 il \u0259vv\u0259l h\u0259kiml\u0259r adama obsessiv-kompulsiv pozuntu diaqnozu qoyurdular. \u0130nsan\u0131n tan\u0131mad\u0131\u011f\u0131 adamlara qar\u015f\u0131 he\u00e7 bir m\u0259n\u015f\u0259yi olmayan t\u0259hqir xarakterli s\u00f6zl\u0259r i\u015fl\u0259tm\u0259yinin ba\u015fqa ad\u0131 yoxdur. B\u0259lk\u0259 var, biz bilmirik, amma siz bil\u0259rsiniz, h\u00f6rm\u0259tli, M\u0259d\u0259niyy\u0259t Nazirliyi, G\u0259ncl\u0259r v\u0259 \u0130dman Nazirliyi. \u00c7ox maraql\u0131d\u0131r ki, bu q\u0259d\u0259r m\u0259d\u0259niyy\u0259tsiz g\u0259nc harada v\u0259 niy\u0259 yeti\u015fir?\u00a0\u018fslind\u0259 f\u0259rqli prizmalardan az\u0259rbaycanl\u0131lar\u0131n 3 \u0259sas ideoloji prinsipl\u0259rin\u0259 yana\u015fsaq, avropa standartlar\u0131na g\u00f6r\u0259, adam\u0131 m\u0259hk\u0259m\u0259y\u0259 ver\u0259rl\u0259r. \u0130nancl\u0131 adamlar adama dey\u0259r ki, Allah siz\u0259 a\u011f\u0131l versin. Mentalitetl\u0259 ya\u015fayanlar is\u0259 fikirl\u0259\u015f\u0259r ki, bu, yax\u015f\u0131 \u015feydirs\u0259 n\u0259 \u0259c\u0259b videolara \u00f6z \u0259zizl\u0259rini \u00e7\u0259kmir? M\u0259n dediyimi dedim, b\u0259s siz n\u0259 deyirsiniz? N\u0259 q\u0259d\u0259r ciddi yana\u015facaqlar\u0131n\u0131 g\u00f6r\u0259c\u0259yik, bir az da sizd\u0259n, bizd\u0259n as\u0131l\u0131d\u0131r. M\u00fc\u0259yy\u0259n bu s\u0259pkili videolar \u00e7\u0259kils\u0259, payla\u015f\u0131lsa, m\u0259nc\u0259, ciddi yana\u015f\u0131lar. Sizi d\u0259 narahat edirs\u0259, m\u0259nim evim q\u0131raqdad\u0131r, dem\u0259yin, \u00e7\u0259kin, etiraz bildirin \u0259n az\u0131ndan payla\u015f\u0131n\u201d.<\/em><\/p>\n","protected":false},"excerpt":{"rendered":"<p>Aktyor Kamran A\u011fabalayev a\u00e7\u0131qlamas\u0131 il\u0259 g\u00fcnd\u0259m\u0259 s\u0259s sal\u0131b. OLAY yaz\u0131r ki, s\u0259n\u0259t\u00e7i sosial \u015f\u0259b\u0259k\u0259d\u0259 yay\u0131lan qeyri etik m\u0259zmunlu videolardan s\u00f6z a\u00e7\u0131b. A\u011fabalayev instaqram s\u0259hif\u0259si vasit\u0259si il\u0259 M\u0259d\u0259niyy\u0259t Nazirliyin\u0259, G\u0259ncl\u0259r v\u0259 \u0130dman Nazirliyin\u0259 videom\u00fcraci\u0259t \u00fcnvanlay\u0131b: \u201c\u0130ndi sosial \u015f\u0259b\u0259k\u0259l\u0259rd\u0259 payla\u015f\u0131lan v\u0259 ad\u0131na verili\u015f, prank kimi \u015feyl\u0259r\u0259 g\u00f6r\u0259, 20 il \u0259vv\u0259l h\u0259kiml\u0259r adama obsessiv-kompulsiv pozuntu diaqnozu qoyurdular. \u0130nsan\u0131n &hellip;<\/p>\n","protected":false},"author":1,"featured_media":16446,"comment_status":"open","ping_status":"closed","sticky":false,"template":"","format":"standard","meta":{"footnotes":""},"categories":[6,3],"tags":[],"class_list":["post-16445","post","type-post","status-publish","format-standard","has-post-thumbnail","hentry","category-maqazin","category-olke"],"_links":{"self":[{"href":"https:\/\/millitv.net\/index.php?rest_route=\/wp\/v2\/posts\/16445","targetHints":{"allow":["GET"]}}],"collection":[{"href":"https:\/\/millitv.net\/index.php?rest_route=\/wp\/v2\/posts"}],"about":[{"href":"https:\/\/millitv.net\/index.php?rest_route=\/wp\/v2\/types\/post"}],"author":[{"embeddable":true,"href":"https:\/\/millitv.net\/index.php?rest_route=\/wp\/v2\/users\/1"}],"replies":[{"embeddable":true,"href":"https:\/\/millitv.net\/index.php?rest_route=%2Fwp%2Fv2%2Fcomments&post=16445"}],"version-history":[{"count":1,"href":"https:\/\/millitv.net\/index.php?rest_route=\/wp\/v2\/posts\/16445\/revisions"}],"predecessor-version":[{"id":16447,"href":"https:\/\/millitv.net\/index.php?rest_route=\/wp\/v2\/posts\/16445\/revisions\/16447"}],"wp:featuredmedia":[{"embeddable":true,"href":"https:\/\/millitv.net\/index.php?rest_route=\/wp\/v2\/media\/16446"}],"wp:attachment":[{"href":"https:\/\/millitv.net\/index.php?rest_route=%2Fwp%2Fv2%2Fmedia&parent=16445"}],"wp:term":[{"taxonomy":"category","embeddable":true,"href":"https:\/\/millitv.net\/index.php?rest_route=%2Fwp%2Fv2%2Fcategories&post=16445"},{"taxonomy":"post_tag","embeddable":true,"href":"https:\/\/millitv.net\/index.php?rest_route=%2Fwp%2Fv2%2Ftags&post=16445"}],"curies":[{"name":"wp","href":"https:\/\/api.w.org\/{rel}","templated":true}]}}