{"id":16431,"date":"2024-11-21T13:11:48","date_gmt":"2024-11-21T13:11:48","guid":{"rendered":"https:\/\/millitv.net\/?p=16431"},"modified":"2024-11-21T13:11:50","modified_gmt":"2024-11-21T13:11:50","slug":"pensiyalar-bu-q%C9%99d%C9%99r-artir-qazil%C9%99rin-od%C9%99nisi-is%C9%99-aciqlandi","status":"publish","type":"post","link":"https:\/\/millitv.net\/?p=16431","title":{"rendered":"Pensiyalar bu q\u0259d\u0259r art\u0131r: Qazil\u0259rin \u00f6d\u0259ni\u015fi is\u0259&#8230; &#8211;\u00a0A\u00e7\u0131qland\u0131"},"content":{"rendered":"\n<p><strong>Haz\u0131rda Milli M\u0259clisd\u0259 2025-ci ilin b\u00fcdc\u0259 layih\u0259si m\u00fczakir\u0259 edilir. Bir s\u0131ra sah\u0259l\u0259rd\u0259 art\u0131mlar\u0131n olaca\u011f\u0131 a\u00e7\u0131qlan\u0131b. \u0130ndiki \u015f\u0259raitd\u0259 bel\u0259 bir b\u00fcdc\u0259 layih\u0259sinin t\u0259qdim edilm\u0259si m\u00fcsb\u0259t hald\u0131r. Haz\u0131rda d\u00fcnya iqtisadiyyat\u0131nda kifay\u0259t q\u0259d\u0259r ciddi probleml\u0259r var. M\u00fcharib\u0259l\u0259r v\u0259 dig\u0259r amill\u0259r iqtisadi prosesl\u0259r\u0259 t\u0259sirsiz \u00f6t\u00fc\u015fm\u00fcr.<\/strong><\/p>\n\n\n\n<p>Bunu&nbsp;<a target=\"_blank\" href=\"https:\/\/teleqraf.com\/\" rel=\"noreferrer noopener\">Teleqraf.com<\/a>-a iqtisad\u00e7\u0131 alim, \u0130stiqlal\u00e7\u0131 deputat Vahid \u018fhm\u0259dov deyib.<\/p>\n\n\n\n<p>O qeyd edib ki, b\u00fcdc\u0259 layih\u0259sind\u0259 ya\u015fay\u0131\u015f minimumu, minimum \u0259m\u0259khaqq\u0131, pensiya v\u0259 m\u00fcavin\u0259tl\u0259rin, qazil\u0259rin, \u015f\u0259hid ail\u0259l\u0259rinin \u00f6d\u0259ni\u015fl\u0259rinin art\u0131r\u0131lmas\u0131 il\u0259 ba\u011fl\u0131 m\u00fcsb\u0259t m\u0259qamlar \u00e7oxdur:<\/p>\n\n\n\n<p>\u201cBununla yana\u015f\u0131 minimum pensiya h\u0259ddin\u0259 baxmaq laz\u0131md\u0131r. Haz\u0131rda \u00f6lk\u0259d\u0259 minimum pensiya 270 manatd\u0131r. Art\u0131mlarla bu r\u0259q\u0259m 285 manat olacaq\u201d.<\/p>\n\n\n\n<p><img decoding=\"async\" alt=\"\" src=\"https:\/\/teleqraf.com\/storage\/2022\/10\/14\/vahid_ehmedov.jpg\" title=\"\">\u0130qtisad\u00e7\u0131 hesab edir ki, qiym\u0259tl\u0259rin art\u0131m\u0131, idxal\u0131n qiym\u0259t siyas\u0259tin\u0259 \u0259lav\u0259 t\u0259sirl\u0259ri, minimum pensiyan\u0131n daha \u00e7ox art\u0131r\u0131lmas\u0131 lab\u00fcdd\u00fcr:<\/p>\n\n\n\n<p>\u201cM\u00fcharib\u0259 veteranlar\u0131na veril\u0259n 80 manat\u0131n kommunal x\u0259rcl\u0259ri qar\u015f\u0131lamaq \u00fc\u00e7\u00fcn oldu\u011fu deyilirdi. Kommunal xidm\u0259tl\u0259rin qiym\u0259tind\u0259 d\u0259yi\u015fikl\u0259r olub. Ona g\u00f6r\u0259 d\u0259 qazil\u0259rin \u00f6d\u0259ni\u015fi minimum 150 manat s\u0259viyy\u0259sin\u0259 qald\u0131r\u0131lmal\u0131d\u0131r&#8221;.<\/p>\n\n\n\n<p>Vahid \u018fhm\u0259dova g\u00f6r\u0259, AB\u015e-dak\u0131 prezident se\u00e7kil\u0259rind\u0259n sonra neftin qiym\u0259ti il\u0259 ba\u011fl\u0131 m\u00fc\u0259yy\u0259n fikirl\u0259r ir\u0259li s\u00fcr\u00fcl\u00fcr:<\/p>\n\n\n\n<p>\u201cOna g\u00f6r\u0259 d\u0259, d\u00f6vl\u0259t b\u00fcdc\u0259sind\u0259 qeyri-neft sektorunun inki\u015faf\u0131 prioritet olmal\u0131d\u0131r. Bu, \u00f6lk\u0259miz \u00fc\u00e7\u00fcn \u0259h\u0259miyy\u0259tlidir. 2025-2026-c\u0131 ill\u0259rd\u0259 bir s\u0131ra probleml\u0259r yarana bil\u0259r. \u018fg\u0259r, Amerikan\u0131n yeni prezidenti Donald Tramp\u0131n dediyi kimi neftin qiym\u0259ti 40-50 dollar s\u0259viyy\u0259sin\u0259 d\u00fc\u015f\u0259rs\u0259, bu ciddi prosesl\u0259r\u0259 yol a\u00e7acaq. Bel\u0259 olan halda ixrac edil\u0259n m\u0259hsullar\u0131n strukturuna diqq\u0259t yetirilm\u0259lidir\u201d.<\/p>\n\n\n\n<p>\u0130stiqlal\u00e7\u0131 deputat bildirib ki, q\u0131sa zamanda Az\u0259rbaycanda istehsal\u0131 m\u00fcmk\u00fcn olan sah\u0259l\u0259r\u0259 diqq\u0259t art\u0131r\u0131lmal\u0131d\u0131r:<\/p>\n\n\n\n<p>\u201cRegionlarda i\u015f yerl\u0259rinin a\u00e7\u0131lmas\u0131 t\u0259min olunmal\u0131d\u0131r. 2025-2026-c\u0131 ill\u0259rd\u0259 d\u00f6vl\u0259t b\u00fcdc\u0259sinin x\u0259rc hiss\u0259sind\u0259 ciddi probleml\u0259r yarana bil\u0259r. Maliyy\u0259 naziri Samir \u015e\u0259rifov da m\u00fc\u0259yy\u0259n k\u0259sirl\u0259rin oldu\u011funu a\u00e7\u0131qlay\u0131b. B\u00fcdc\u0259nin x\u0259rc hiss\u0259sin\u0259 n\u0259zar\u0259t mexanizmi g\u00fccl\u0259ndirilm\u0259lidir. Hesablama Palatas\u0131 x\u0259rcl\u0259rin \u00fcz\u0259rind\u0259 ciddi n\u0259zar\u0259t mexanizmi h\u0259yata ke\u00e7irm\u0259lidir\u201d.<\/p>\n","protected":false},"excerpt":{"rendered":"<p>Haz\u0131rda Milli M\u0259clisd\u0259 2025-ci ilin b\u00fcdc\u0259 layih\u0259si m\u00fczakir\u0259 edilir. Bir s\u0131ra sah\u0259l\u0259rd\u0259 art\u0131mlar\u0131n olaca\u011f\u0131 a\u00e7\u0131qlan\u0131b. \u0130ndiki \u015f\u0259raitd\u0259 bel\u0259 bir b\u00fcdc\u0259 layih\u0259sinin t\u0259qdim edilm\u0259si m\u00fcsb\u0259t hald\u0131r. Haz\u0131rda d\u00fcnya iqtisadiyyat\u0131nda kifay\u0259t q\u0259d\u0259r ciddi probleml\u0259r var. M\u00fcharib\u0259l\u0259r v\u0259 dig\u0259r amill\u0259r iqtisadi prosesl\u0259r\u0259 t\u0259sirsiz \u00f6t\u00fc\u015fm\u00fcr. Bunu&nbsp;Teleqraf.com-a iqtisad\u00e7\u0131 alim, \u0130stiqlal\u00e7\u0131 deputat Vahid \u018fhm\u0259dov deyib. O qeyd edib ki, b\u00fcdc\u0259 layih\u0259sind\u0259 &hellip;<\/p>\n","protected":false},"author":1,"featured_media":16432,"comment_status":"open","ping_status":"closed","sticky":false,"template":"","format":"standard","meta":{"footnotes":""},"categories":[6,3],"tags":[],"class_list":["post-16431","post","type-post","status-publish","format-standard","has-post-thumbnail","hentry","category-maqazin","category-olke"],"_links":{"self":[{"href":"https:\/\/millitv.net\/index.php?rest_route=\/wp\/v2\/posts\/16431","targetHints":{"allow":["GET"]}}],"collection":[{"href":"https:\/\/millitv.net\/index.php?rest_route=\/wp\/v2\/posts"}],"about":[{"href":"https:\/\/millitv.net\/index.php?rest_route=\/wp\/v2\/types\/post"}],"author":[{"embeddable":true,"href":"https:\/\/millitv.net\/index.php?rest_route=\/wp\/v2\/users\/1"}],"replies":[{"embeddable":true,"href":"https:\/\/millitv.net\/index.php?rest_route=%2Fwp%2Fv2%2Fcomments&post=16431"}],"version-history":[{"count":1,"href":"https:\/\/millitv.net\/index.php?rest_route=\/wp\/v2\/posts\/16431\/revisions"}],"predecessor-version":[{"id":16433,"href":"https:\/\/millitv.net\/index.php?rest_route=\/wp\/v2\/posts\/16431\/revisions\/16433"}],"wp:featuredmedia":[{"embeddable":true,"href":"https:\/\/millitv.net\/index.php?rest_route=\/wp\/v2\/media\/16432"}],"wp:attachment":[{"href":"https:\/\/millitv.net\/index.php?rest_route=%2Fwp%2Fv2%2Fmedia&parent=16431"}],"wp:term":[{"taxonomy":"category","embeddable":true,"href":"https:\/\/millitv.net\/index.php?rest_route=%2Fwp%2Fv2%2Fcategories&post=16431"},{"taxonomy":"post_tag","embeddable":true,"href":"https:\/\/millitv.net\/index.php?rest_route=%2Fwp%2Fv2%2Ftags&post=16431"}],"curies":[{"name":"wp","href":"https:\/\/api.w.org\/{rel}","templated":true}]}}