{"id":16385,"date":"2024-11-18T13:27:12","date_gmt":"2024-11-18T13:27:12","guid":{"rendered":"https:\/\/millitv.net\/?p=16385"},"modified":"2024-11-18T13:27:14","modified_gmt":"2024-11-18T13:27:14","slug":"qadinlarin-kisiy%C9%99-inami-azalib-bu-goruntulu-danisiq-haradan-cixdi-bilmir%C9%99m-elikramin-ill%C9%99rdir-xanimina-danisdigi-yalani","status":"publish","type":"post","link":"https:\/\/millitv.net\/?p=16385","title":{"rendered":"&#8220;Qad\u0131nlar\u0131n ki\u015fiy\u0259 inam\u0131 azal\u0131b. Bu g\u00f6r\u00fcnt\u00fcl\u00fc dan\u0131\u015f\u0131q haradan \u00e7\u0131xd\u0131 bilmir\u0259m&#8221; &#8211; \u018flikram\u0131n ill\u0259rdir xan\u0131m\u0131na dan\u0131\u015fd\u0131\u011f\u0131 yalan\u0131&#8230;"},"content":{"rendered":"\n<p><strong>&#8220;Xan\u0131mlar \u00e7ox q\u0131sqancd\u0131r. Onlar\u0131n ki\u015fil\u0259r\u0259 qar\u015f\u0131 allergiyas\u0131 var. Son vaxtlar g\u00f6r\u00fcr\u0259m ki, qad\u0131nlar\u0131n ki\u015fiy\u0259 inam\u0131 azal\u0131b. Bu g\u00f6r\u00fcnt\u00fcl\u00fc dan\u0131\u015f\u0131q haradan \u00e7\u0131xd\u0131 bilmir\u0259m. Xan\u0131m\u0131m telefonda internet olmayanda bel\u0259, \u00f6z\u00fc y\u00fckl\u0259yir&#8221;.<\/strong><\/p>\n\n\n\n<p>Bu s\u00f6zl\u0259ri m\u00fc\u011f\u0259nni \u018flikram Bayramov &#8220;G\u00fcn\u0259 bax&#8221; verili\u015find\u0259 deyib. S\u0259n\u0259t\u00e7i xan\u0131m\u0131na dan\u0131\u015fd\u0131\u011f\u0131 yalan\u0131 a\u00e7\u0131qlay\u0131b:<\/p>\n\n\n\n<p>&#8220;H\u0259r zaman xan\u0131m\u0131ma deyir\u0259m ki, ilk m\u0259h\u0259bb\u0259tim s\u0259ns\u0259n, g\u00f6z\u00fcm\u00fc a\u00e7\u0131b s\u0259ni g\u00f6rm\u00fc\u015f\u0259m. Bunu ilk d\u0259f\u0259 dan\u0131\u015f\u0131ram, indi \u00f6z\u00fc d\u0259 bax\u0131r. M\u0259kt\u0259b ill\u0259rind\u0259 bir q\u0131z\u0131 d\u0259h\u015f\u0259t sevmi\u015f\u0259m. 8 Martda m\u0259kt\u0259b\u0259 getmirdim ki, ona h\u0259diyy\u0259 verm\u0259yim. \u00c7ox kas\u0131b olmu\u015fuq. 23 fevralda m\u0259kt\u0259b\u0259 getmirdim ki, m\u0259n\u0259 h\u0259diyy\u0259 verm\u0259sin. Anam dey\u0259nd\u0259 m\u0259kt\u0259b\u0259 get, ya dana, ya qoyun itirirdim ki, b\u0259han\u0259 olsun. Amma q\u0131z g\u0259tirib ev\u0259 qoyurdu h\u0259diyy\u0259ni. H\u0259r g\u00fcn g\u00fcl tap\u0131b onun ke\u00e7diyi k\u00f6rp\u00fcn\u00fcn alt\u0131ndak\u0131 suya at\u0131rd\u0131m ki, g\u00f6rs\u00fcn. Bir g\u00fcn soru\u015fdu ki, g\u00fcl\u00fc s\u0259n at\u0131rsan? Dedim, s\u0259ni sevir\u0259m. \u0130lk m\u0259h\u0259bb\u0259t ba\u015fqa olur&#8221;. (Ax\u015fam.az)<\/p>\n","protected":false},"excerpt":{"rendered":"<p>&#8220;Xan\u0131mlar \u00e7ox q\u0131sqancd\u0131r. Onlar\u0131n ki\u015fil\u0259r\u0259 qar\u015f\u0131 allergiyas\u0131 var. Son vaxtlar g\u00f6r\u00fcr\u0259m ki, qad\u0131nlar\u0131n ki\u015fiy\u0259 inam\u0131 azal\u0131b. Bu g\u00f6r\u00fcnt\u00fcl\u00fc dan\u0131\u015f\u0131q haradan \u00e7\u0131xd\u0131 bilmir\u0259m. Xan\u0131m\u0131m telefonda internet olmayanda bel\u0259, \u00f6z\u00fc y\u00fckl\u0259yir&#8221;. Bu s\u00f6zl\u0259ri m\u00fc\u011f\u0259nni \u018flikram Bayramov &#8220;G\u00fcn\u0259 bax&#8221; verili\u015find\u0259 deyib. S\u0259n\u0259t\u00e7i xan\u0131m\u0131na dan\u0131\u015fd\u0131\u011f\u0131 yalan\u0131 a\u00e7\u0131qlay\u0131b: &#8220;H\u0259r zaman xan\u0131m\u0131ma deyir\u0259m ki, ilk m\u0259h\u0259bb\u0259tim s\u0259ns\u0259n, g\u00f6z\u00fcm\u00fc a\u00e7\u0131b s\u0259ni g\u00f6rm\u00fc\u015f\u0259m. &hellip;<\/p>\n","protected":false},"author":1,"featured_media":16386,"comment_status":"open","ping_status":"closed","sticky":false,"template":"","format":"standard","meta":{"footnotes":""},"categories":[6,3],"tags":[],"class_list":["post-16385","post","type-post","status-publish","format-standard","has-post-thumbnail","hentry","category-maqazin","category-olke"],"_links":{"self":[{"href":"https:\/\/millitv.net\/index.php?rest_route=\/wp\/v2\/posts\/16385","targetHints":{"allow":["GET"]}}],"collection":[{"href":"https:\/\/millitv.net\/index.php?rest_route=\/wp\/v2\/posts"}],"about":[{"href":"https:\/\/millitv.net\/index.php?rest_route=\/wp\/v2\/types\/post"}],"author":[{"embeddable":true,"href":"https:\/\/millitv.net\/index.php?rest_route=\/wp\/v2\/users\/1"}],"replies":[{"embeddable":true,"href":"https:\/\/millitv.net\/index.php?rest_route=%2Fwp%2Fv2%2Fcomments&post=16385"}],"version-history":[{"count":1,"href":"https:\/\/millitv.net\/index.php?rest_route=\/wp\/v2\/posts\/16385\/revisions"}],"predecessor-version":[{"id":16387,"href":"https:\/\/millitv.net\/index.php?rest_route=\/wp\/v2\/posts\/16385\/revisions\/16387"}],"wp:featuredmedia":[{"embeddable":true,"href":"https:\/\/millitv.net\/index.php?rest_route=\/wp\/v2\/media\/16386"}],"wp:attachment":[{"href":"https:\/\/millitv.net\/index.php?rest_route=%2Fwp%2Fv2%2Fmedia&parent=16385"}],"wp:term":[{"taxonomy":"category","embeddable":true,"href":"https:\/\/millitv.net\/index.php?rest_route=%2Fwp%2Fv2%2Fcategories&post=16385"},{"taxonomy":"post_tag","embeddable":true,"href":"https:\/\/millitv.net\/index.php?rest_route=%2Fwp%2Fv2%2Ftags&post=16385"}],"curies":[{"name":"wp","href":"https:\/\/api.w.org\/{rel}","templated":true}]}}