{"id":16349,"date":"2024-11-18T12:52:29","date_gmt":"2024-11-18T12:52:29","guid":{"rendered":"https:\/\/millitv.net\/?p=16349"},"modified":"2024-11-18T12:52:30","modified_gmt":"2024-11-18T12:52:30","slug":"namiql%C9%99-duet-oxumagimi-arif-babayev-pis-qarsilamisdi","status":"publish","type":"post","link":"https:\/\/millitv.net\/?p=16349","title":{"rendered":"\u201cNamiql\u0259 duet oxuma\u011f\u0131m\u0131 Arif Babayev pis qar\u015f\u0131lam\u0131\u015fd\u0131\u201d"},"content":{"rendered":"\n<p><em><strong>\u201cB\u0259li, bu duet m\u0259nd\u0259n \u0259vv\u0259l Namiq Qara\u00e7uxurlu t\u0259r\u0259find\u0259n Ayg\u00fcn Kaz\u0131movaya t\u0259klif olunmu\u015fdu. Amma Ayg\u00fcn ist\u0259m\u0259diyi \u00fc\u00e7\u00fcn Namiq bu layih\u0259ni&nbsp;<em><strong>m\u0259niml\u0259&nbsp;<\/strong><\/em>etdi. Ancaq bu duet t\u0259k Ayg\u00fcn\u0259 deyil, \u00e7ox q\u0131z ifa\u00e7\u0131lara t\u0259klif olunub. Onlar da bu t\u0259klifl\u0259 raz\u0131la\u015fmay\u0131blar. O zamanlar \u00e7\u0259tin idi meyxana janr\u0131 il\u0259 estradan\u0131 qar\u0131\u015fd\u0131r\u0131b oxumaq. Dem\u0259k olar ki, bu ilk\u0259 imza atan m\u0259n oldum. O zamanlar meyxanaya bel\u0259 yana\u015fma yox idi. \u00c7\u0259kinirdil\u0259r ki, bird\u0259n al\u0131nmaz. M\u0259nim is\u0259 s\u0259n\u0259td\u0259 v\u0259 musiqid\u0259 \u00f6z ixtisas\u0131m v\u0259 sah\u0259m vard\u0131. Bu duetin s\u0259b\u0259bkar\u0131 Namiqin prod\u00fcseri v\u0259 m\u0259nim musiqi r\u0259hb\u0259rim Cabbar m\u00fc\u0259llim oldu. Onlar\u0131n h\u0259r ikisinin t\u0259\u015f\u0259bb\u00fcs\u00fc oldu. Biz d\u0259 bu t\u0259klifi q\u0259rib\u0259 qar\u015f\u0131lad\u0131q. \u0130kimiz d\u0259 susqun qald\u0131q, amma onlar dedil\u0259r ki, yax\u015f\u0131 v\u0259 \u0259la olacaq. M\u0259n\u0259 insanlar\u0131n reaksiyas\u0131 maraql\u0131 idi. Klip \u0259rs\u0259y\u0259 g\u0259l\u0259nd\u0259&nbsp;b\u00fct\u00fcn televiziya kanallar\u0131na bu dueti g\u00f6nd\u0259rmi\u015fdik. Kasetl\u0259r sat\u0131\u015fa burax\u0131ld\u0131. M\u0259n\u0259 o q\u0259d\u0259r z\u0259ngl\u0259r g\u0259lirdi ki, h\u0259tta telefonu a\u00e7ma\u011fa qorxurdum ki, bird\u0259n pis s\u00f6z e\u015fid\u0259r\u0259m. Amma ham\u0131 bir a\u011f\u0131zdan s\u00f6yl\u0259yirdi ki, \u015f\u0259h\u0259r da\u011f\u0131l\u0131r, ham\u0131 bu duet\u0259 qulaq as\u0131r. Buna inanm\u0131rd\u0131m. E\u015fitdiyim xo\u015f s\u00f6zl\u0259rd\u0259n sonra \u00fcr\u0259kl\u0259ndim\u201d.<\/strong><\/em><\/p>\n\n\n\n<p>OLAY yaz\u0131r ki, bu s\u00f6zl\u0259ri \u018fm\u0259kdar artist K\u00f6n\u00fcl K\u0259rimova qonaq oldu\u011fu \u201cRTV\u201dd\u0259 yay\u0131mlanan \u201c\u00c7\u0259r\u00e7iv\u0259d\u0259n k\u0259nar\u201d verili\u015find\u0259 deyib.<\/p>\n\n\n\n<p><strong>S\u0259n\u0259t\u00e7i bildirib ki, ill\u0259r \u0259vv\u0259l meyxana\u00e7\u0131 Namiq Qara\u00e7uxurlu il\u0259 oxudu\u011fu duet ona baha ba\u015fa g\u0259lib. Buna is\u0259 m\u00fc\u0259llimi Xalq artisti Arif Babayevin etiraz\u0131 il\u0259 qar\u015f\u0131la\u015fmas\u0131 s\u0259b\u0259b&nbsp;olub:<\/strong><\/p>\n\n\n\n<p><em>\u201cUstad\u0131m Arif Babayev Namiql\u0259 duet oxudu\u011fuma g\u00f6r\u0259 naraz\u0131 idi. M\u0259n onun bu reaksiyas\u0131n\u0131 g\u00f6zl\u0259yirdim. Bilirdim ki, o bunu birm\u0259nal\u0131 qar\u015f\u0131lamayacaq. Bir m\u00fcdd\u0259t ke\u00e7dikd\u0259n sonra Arif m\u00fc\u0259llim efir vasit\u0259si il\u0259 s\u00f6yl\u0259di ki, t\u0259l\u0259b\u0259l\u0259riml\u0259 raz\u0131yam, amma bir t\u0259k K\u00f6n\u00fcld\u0259n naraz\u0131yam. M\u0259n bu s\u00f6zl\u0259rd\u0259n sonra o q\u0259d\u0259r pis oldum ki\u2026 Depressiyaya d\u00fc\u015fd\u00fcm. M\u00fc\u0259llimimd\u0259n bu s\u00f6zl\u0259ri e\u015fitm\u0259k m\u0259nim \u00fc\u00e7\u00fcn \u00e7ox a\u011f\u0131r idi. Arif m\u00fc\u0259llim dedi ki, o boyda z\u0259hm\u0259t \u00e7\u0259kmi\u015f\u0259m, K\u00f6n\u00fcl ke\u00e7ib meyxanaya. Sintezatorun birini sa\u011f\u0131na, dig\u0259rini is\u0259 soluna qoyub\u2026 M\u0259n buna \u201c\u00fc\u00e7l\u00fckl\u0259\u201d tar, kaman v\u0259 qavalla d\u0259rs ke\u00e7mi\u015f\u0259m. O bunu \u00e7\u0259tin q\u0259bul etdi. Amma bir m\u00fcdd\u0259t ke\u00e7\u0259nd\u0259n sonra insanlar\u0131n bu duet\u0259 olan sevgisini g\u00f6r\u0259nd\u0259n sonra m\u0259ni ba\u011f\u0131\u015flad\u0131. Dedi ki, n\u0259 oxuyursan toxunur insana. Qucaqlay\u0131b, m\u0259ni \u00f6pd\u00fc v\u0259 s\u00f6yl\u0259di ki, s\u0259n\u0259 u\u011furlar. M\u0259n d\u0259&nbsp;bundan sonra rahatla\u015fd\u0131m. Y\u0259ni bu duet m\u0259n\u0259 asan ba\u015fa g\u0259lm\u0259mi\u015fdi\u201d.<\/em><\/p>\n\n\n\n<p><strong>Apar\u0131c\u0131 T\u00fcrkan M\u0259mm\u0259dlinin \u201c\u00dcr\u0259yinizd\u0259n he\u00e7 ke\u00e7di ki, ka\u015f, Namiql\u0259 duet layih\u0259l\u0259rini davam etdirim\u201d s\u00f6zl\u0259rin\u0259 K.K\u0259rimova bel\u0259 cavab verib:<\/strong><\/p>\n\n\n\n<p><em>\u201cSoru\u015furdular ki, niy\u0259 Namiql\u0259 bu duetin arxas\u0131 g\u0259lm\u0259di? \u00c7\u00fcnki biz el\u0259 c\u0259mi bir layih\u0259 d\u00fc\u015f\u00fcnm\u00fc\u015fd\u00fck. H\u0259qiq\u0259t\u0259n bu bel\u0259dir. Bunu Namiq d\u0259 t\u0259sdiql\u0259y\u0259 bil\u0259r. El\u0259 h\u0259min \u0259r\u0259f\u0259d\u0259 Namiq\u0259 \u00e7ox sayda duet t\u0259klifl\u0259ri g\u0259lirdi. Biz o zamanlar \u00f6z aram\u0131zda o t\u0259klifl\u0259r haqq\u0131nda dan\u0131\u015f\u0131rd\u0131q. M\u0259n bu dueti oxuyanda \u00f6z\u00fcm \u00e7ox narahat olmu\u015fdum v\u0259 \u0259ziyy\u0259t \u00e7\u0259kmi\u015fdim. El\u0259 bir duet m\u0259n\u0259 b\u0259s etdi. Biz d\u00fc\u015f\u00fcnm\u0259dik ki, bu layih\u0259nin davam\u0131n\u0131 ed\u0259k. \u0130ll\u0259r ke\u00e7s\u0259 d\u0259 layih\u0259 yen\u0259 d\u0259 sevilir v\u0259 g\u00f6z\u0259l qar\u015f\u0131lan\u0131r. D\u00fc\u015f\u00fcn\u00fcr\u0259m ki, duetl\u0259rimizi davam ets\u0259ydik, h\u0259r ikimiz \u00fc\u00e7\u00fcn u\u011furlu olard\u0131\u201d.<\/em><\/p>\n","protected":false},"excerpt":{"rendered":"<p>\u201cB\u0259li, bu duet m\u0259nd\u0259n \u0259vv\u0259l Namiq Qara\u00e7uxurlu t\u0259r\u0259find\u0259n Ayg\u00fcn Kaz\u0131movaya t\u0259klif olunmu\u015fdu. Amma Ayg\u00fcn ist\u0259m\u0259diyi \u00fc\u00e7\u00fcn Namiq bu layih\u0259ni&nbsp;m\u0259niml\u0259&nbsp;etdi. Ancaq bu duet t\u0259k Ayg\u00fcn\u0259 deyil, \u00e7ox q\u0131z ifa\u00e7\u0131lara t\u0259klif olunub. Onlar da bu t\u0259klifl\u0259 raz\u0131la\u015fmay\u0131blar. O zamanlar \u00e7\u0259tin idi meyxana janr\u0131 il\u0259 estradan\u0131 qar\u0131\u015fd\u0131r\u0131b oxumaq. Dem\u0259k olar ki, bu ilk\u0259 imza atan m\u0259n oldum. O &hellip;<\/p>\n","protected":false},"author":1,"featured_media":16350,"comment_status":"open","ping_status":"closed","sticky":false,"template":"","format":"standard","meta":{"footnotes":""},"categories":[6,3],"tags":[],"class_list":["post-16349","post","type-post","status-publish","format-standard","has-post-thumbnail","hentry","category-maqazin","category-olke"],"_links":{"self":[{"href":"https:\/\/millitv.net\/index.php?rest_route=\/wp\/v2\/posts\/16349","targetHints":{"allow":["GET"]}}],"collection":[{"href":"https:\/\/millitv.net\/index.php?rest_route=\/wp\/v2\/posts"}],"about":[{"href":"https:\/\/millitv.net\/index.php?rest_route=\/wp\/v2\/types\/post"}],"author":[{"embeddable":true,"href":"https:\/\/millitv.net\/index.php?rest_route=\/wp\/v2\/users\/1"}],"replies":[{"embeddable":true,"href":"https:\/\/millitv.net\/index.php?rest_route=%2Fwp%2Fv2%2Fcomments&post=16349"}],"version-history":[{"count":1,"href":"https:\/\/millitv.net\/index.php?rest_route=\/wp\/v2\/posts\/16349\/revisions"}],"predecessor-version":[{"id":16351,"href":"https:\/\/millitv.net\/index.php?rest_route=\/wp\/v2\/posts\/16349\/revisions\/16351"}],"wp:featuredmedia":[{"embeddable":true,"href":"https:\/\/millitv.net\/index.php?rest_route=\/wp\/v2\/media\/16350"}],"wp:attachment":[{"href":"https:\/\/millitv.net\/index.php?rest_route=%2Fwp%2Fv2%2Fmedia&parent=16349"}],"wp:term":[{"taxonomy":"category","embeddable":true,"href":"https:\/\/millitv.net\/index.php?rest_route=%2Fwp%2Fv2%2Fcategories&post=16349"},{"taxonomy":"post_tag","embeddable":true,"href":"https:\/\/millitv.net\/index.php?rest_route=%2Fwp%2Fv2%2Ftags&post=16349"}],"curies":[{"name":"wp","href":"https:\/\/api.w.org\/{rel}","templated":true}]}}