{"id":16254,"date":"2024-11-11T13:08:23","date_gmt":"2024-11-11T13:08:23","guid":{"rendered":"https:\/\/millitv.net\/?p=16254"},"modified":"2024-11-11T13:08:24","modified_gmt":"2024-11-11T13:08:24","slug":"cox-ciddi-v%C9%99-%C9%99zazil-idi-imkanli-bir-adam-idi-em%C9%99kdar-artist-atasindan-danisib-kovr%C9%99ldi","status":"publish","type":"post","link":"https:\/\/millitv.net\/?p=16254","title":{"rendered":"&#8220;\u00c7ox ciddi v\u0259 \u0259zazil idi, imkanl\u0131 bir adam idi&#8221; &#8211; \u018fm\u0259kdar artist atas\u0131ndan dan\u0131\u015f\u0131b k\u00f6vr\u0259ldi"},"content":{"rendered":"\n<p><strong>&#8220;Atam \u00e7ox imkanl\u0131 bir adam olub. N\u0259yi nec\u0259 etm\u0259k kimi d\u00fc\u015f\u00fcnc\u0259 bizim ail\u0259d\u0259 olmay\u0131b. \u00c7ox ciddi v\u0259 \u0259zazil biri idi. Ail\u0259d\u0259 6 u\u015fa\u011f\u0131q. O,&nbsp;bizim ail\u0259d\u0259 ham\u0131m\u0131za yoxun n\u0259 oldu\u011funu ba\u015fa sal\u0131b. H\u0259mi\u015f\u0259 var-d\u00f6vl\u0259tin i\u00e7ind\u0259 ya\u015faya-ya\u015faya yoxlu\u011fun n\u0259 oldu\u011funu bilmi\u015fik. Qon\u015fuda, qohumda bu \u015feyl\u0259ri sezmi\u015fik&#8221;.<\/strong><\/p>\n\n\n\n<p>Bu s\u00f6zl\u0259ri \u018fm\u0259kdar artist Vasif M\u0259h\u0259rr\u0259mli &#8220;G\u00fcn\u00fc bu g\u00fcn&#8221; verili\u015find\u0259 deyib. Atas\u0131ndan dan\u0131\u015fan s\u0259n\u0259t\u00e7i k\u00f6vr\u0259k anlar ya\u015fay\u0131b:<\/p>\n\n\n\n<p>&#8220;1986-c\u0131 ild\u0259 atam i\u015fd\u0259n \u00e7\u0131xar\u0131ld\u0131 v\u0259 m\u0259n bir-iki d\u0259f\u0259 ma\u011fazaya getm\u0259li oldum. H\u0259min vaxt 16 ya\u015f\u0131m var idi, o zaman atam\u0131n q\u0259drini bilm\u0259y\u0259 ba\u015flad\u0131m. Biz bilm\u0259mi\u015fik ki, \u00e7\u00f6r\u0259yi, \u0259ti, ya\u011f\u0131 nec\u0259 al\u0131rlar. Bundan \u0259lav\u0259, geyim, h\u0259r c\u00fcr \u015f\u0259rait, h\u0259y\u0259td\u0259 iki ma\u015f\u0131n&#8230; Sovet h\u00f6kum\u0259ti da\u011f\u0131ld\u0131qdan sonra \u00f6z\u00fcm\u00fcz h\u0259yata atland\u0131q. M\u0259nd\u0259n b\u00f6y\u00fck qarda\u015flar\u0131m olmas\u0131na baxmayaraq, n\u0259d\u0259ns\u0259, b\u00fct\u00fcn y\u00fck\u00fc m\u0259n hiss etdim \u00e7iynimd\u0259. G\u00f6rd\u00fcm ki, n\u0259 bac\u0131mda, n\u0259 d\u0259 qarda\u015f\u0131mda bu m\u0259suliyy\u0259t yoxdur. Bu m\u0259nim \u00fcz\u0259rim\u0259 d\u00fc\u015fm\u00fc\u015fd\u00fc. G\u00f6z\u00fcm dolur, dan\u0131\u015fa bilmir\u0259m&#8221;.\/\/Ax\u015fam.az&nbsp;<\/p>\n\n\n\n<figure class=\"wp-block-embed is-type-rich is-provider-g-mme-tutucu wp-block-embed-g-mme-tutucu wp-embed-aspect-16-9 wp-has-aspect-ratio\"><div class=\"wp-block-embed__wrapper\">\n<iframe loading=\"lazy\" title=\"G\u00fcn\u00fc bu g\u00fcn | Vasif M\u0259h\u0259rr\u0259mli m\u0259rhum atas\u0131ndan dan\u0131\u015fark\u0259n k\u00f6vr\u0259ldi\" width=\"500\" height=\"281\" src=\"https:\/\/www.youtube.com\/embed\/qZQICSKzc_k?feature=oembed\" frameborder=\"0\" allow=\"accelerometer; autoplay; clipboard-write; encrypted-media; gyroscope; picture-in-picture; web-share\" referrerpolicy=\"strict-origin-when-cross-origin\" allowfullscreen><\/iframe>\n<\/div><\/figure>\n\n\n\n<figure class=\"wp-block-image\"><a href=\"https:\/\/whatsapp.com\/channel\/0029VaQAeLP5q08j5BfDlA2a\" target=\"_blank\" rel=\"noreferrer noopener\"><img decoding=\"async\" src=\"https:\/\/cdn.musavat.com\/images\/social\/icon-whatsapp.png\" alt=\"Whatsapp\" title=\"\"><\/a><\/figure>\n\n\n\n<p><\/p>\n","protected":false},"excerpt":{"rendered":"<p>&#8220;Atam \u00e7ox imkanl\u0131 bir adam olub. N\u0259yi nec\u0259 etm\u0259k kimi d\u00fc\u015f\u00fcnc\u0259 bizim ail\u0259d\u0259 olmay\u0131b. \u00c7ox ciddi v\u0259 \u0259zazil biri idi. Ail\u0259d\u0259 6 u\u015fa\u011f\u0131q. O,&nbsp;bizim ail\u0259d\u0259 ham\u0131m\u0131za yoxun n\u0259 oldu\u011funu ba\u015fa sal\u0131b. H\u0259mi\u015f\u0259 var-d\u00f6vl\u0259tin i\u00e7ind\u0259 ya\u015faya-ya\u015faya yoxlu\u011fun n\u0259 oldu\u011funu bilmi\u015fik. Qon\u015fuda, qohumda bu \u015feyl\u0259ri sezmi\u015fik&#8221;. Bu s\u00f6zl\u0259ri \u018fm\u0259kdar artist Vasif M\u0259h\u0259rr\u0259mli &#8220;G\u00fcn\u00fc bu g\u00fcn&#8221; verili\u015find\u0259 deyib. &hellip;<\/p>\n","protected":false},"author":1,"featured_media":16256,"comment_status":"open","ping_status":"closed","sticky":false,"template":"","format":"standard","meta":{"footnotes":""},"categories":[6,3],"tags":[],"class_list":["post-16254","post","type-post","status-publish","format-standard","has-post-thumbnail","hentry","category-maqazin","category-olke"],"_links":{"self":[{"href":"https:\/\/millitv.net\/index.php?rest_route=\/wp\/v2\/posts\/16254","targetHints":{"allow":["GET"]}}],"collection":[{"href":"https:\/\/millitv.net\/index.php?rest_route=\/wp\/v2\/posts"}],"about":[{"href":"https:\/\/millitv.net\/index.php?rest_route=\/wp\/v2\/types\/post"}],"author":[{"embeddable":true,"href":"https:\/\/millitv.net\/index.php?rest_route=\/wp\/v2\/users\/1"}],"replies":[{"embeddable":true,"href":"https:\/\/millitv.net\/index.php?rest_route=%2Fwp%2Fv2%2Fcomments&post=16254"}],"version-history":[{"count":1,"href":"https:\/\/millitv.net\/index.php?rest_route=\/wp\/v2\/posts\/16254\/revisions"}],"predecessor-version":[{"id":16257,"href":"https:\/\/millitv.net\/index.php?rest_route=\/wp\/v2\/posts\/16254\/revisions\/16257"}],"wp:featuredmedia":[{"embeddable":true,"href":"https:\/\/millitv.net\/index.php?rest_route=\/wp\/v2\/media\/16256"}],"wp:attachment":[{"href":"https:\/\/millitv.net\/index.php?rest_route=%2Fwp%2Fv2%2Fmedia&parent=16254"}],"wp:term":[{"taxonomy":"category","embeddable":true,"href":"https:\/\/millitv.net\/index.php?rest_route=%2Fwp%2Fv2%2Fcategories&post=16254"},{"taxonomy":"post_tag","embeddable":true,"href":"https:\/\/millitv.net\/index.php?rest_route=%2Fwp%2Fv2%2Ftags&post=16254"}],"curies":[{"name":"wp","href":"https:\/\/api.w.org\/{rel}","templated":true}]}}