{"id":16202,"date":"2024-11-07T13:43:01","date_gmt":"2024-11-07T13:43:01","guid":{"rendered":"https:\/\/millitv.net\/?p=16202"},"modified":"2024-11-07T13:43:03","modified_gmt":"2024-11-07T13:43:03","slug":"onlara-s%C9%99hid-statusunun-verilm%C9%99si-duzgun-deyil","status":"publish","type":"post","link":"https:\/\/millitv.net\/?p=16202","title":{"rendered":"&#8220;Onlara \u015f\u0259hid statusunun verilm\u0259si d\u00fczg\u00fcn deyil&#8221;"},"content":{"rendered":"\n<p><strong>\u201cM\u00fcdd\u0259td\u0259n art\u0131q xidm\u0259t ke\u00e7m\u0259k haqq\u0131nda h\u0259rbi m\u00fcqavil\u0259 ba\u011flayan v\u0259 ya \u00e7a\u011f\u0131r\u0131\u015f \u0259sas\u0131nda xidm\u0259t ke\u00e7\u0259nl\u0259r h\u0259rbi formada avtomobil q\u0259zas\u0131na d\u00fc\u015f\u0259nd\u0259, yaxud g\u00fcnvurmadan d\u00fcnyas\u0131n\u0131 d\u0259yi\u015f\u0259nd\u0259 valideynl\u0259ri \u00e7ox zaman \u015f\u0259hid statusu t\u0259l\u0259b edirl\u0259r\u201d.<\/strong><\/p>\n\n\n\n<p><a target=\"_blank\" href=\"https:\/\/teleqraf.com\/\" rel=\"noreferrer noopener\">Teleqraf.com<\/a>&nbsp;x\u0259b\u0259r verir ki, bunu Milli M\u0259clisin deputat\u0131 Siyavu\u015f Novruzov parlamentin bu g\u00fcn ke\u00e7iril\u0259n plenar iclas\u0131nda s\u0259sl\u0259ndirib.<\/p>\n\n\n\n<p>O, bu t\u0259l\u0259bin d\u00fczg\u00fcn olmad\u0131\u011f\u0131na s\u00f6yl\u0259yib:<ins><\/ins><\/p>\n\n\n\n<p>\u201c\u00c7\u00fcnki torpaqlar\u0131m\u0131z u\u011frunda d\u00f6y\u00fc\u015f\u00fcb m\u00fcbariz\u0259 aparan insanlarla onlar\u0131n f\u0259aliyy\u0259ti \u00fcst-\u00fcst\u0259 d\u00fc\u015fm\u00fcr. Buna g\u00f6r\u0259 bu m\u0259qamlar\u0131 n\u0259z\u0259r\u0259 almal\u0131d\u0131rlar. \u015e\u0259hid ad\u0131 d\u00f6y\u00fc\u015f vaxt\u0131, \u0259n y\u00fcks\u0259k amallar u\u011frunda d\u00fcnyas\u0131n\u0131 d\u0259yi\u015f\u0259n \u015f\u0259xsl\u0259r\u0259 verilir\u201d.<\/p>\n","protected":false},"excerpt":{"rendered":"<p>\u201cM\u00fcdd\u0259td\u0259n art\u0131q xidm\u0259t ke\u00e7m\u0259k haqq\u0131nda h\u0259rbi m\u00fcqavil\u0259 ba\u011flayan v\u0259 ya \u00e7a\u011f\u0131r\u0131\u015f \u0259sas\u0131nda xidm\u0259t ke\u00e7\u0259nl\u0259r h\u0259rbi formada avtomobil q\u0259zas\u0131na d\u00fc\u015f\u0259nd\u0259, yaxud g\u00fcnvurmadan d\u00fcnyas\u0131n\u0131 d\u0259yi\u015f\u0259nd\u0259 valideynl\u0259ri \u00e7ox zaman \u015f\u0259hid statusu t\u0259l\u0259b edirl\u0259r\u201d. Teleqraf.com&nbsp;x\u0259b\u0259r verir ki, bunu Milli M\u0259clisin deputat\u0131 Siyavu\u015f Novruzov parlamentin bu g\u00fcn ke\u00e7iril\u0259n plenar iclas\u0131nda s\u0259sl\u0259ndirib. O, bu t\u0259l\u0259bin d\u00fczg\u00fcn olmad\u0131\u011f\u0131na s\u00f6yl\u0259yib: \u201c\u00c7\u00fcnki torpaqlar\u0131m\u0131z u\u011frunda &hellip;<\/p>\n","protected":false},"author":1,"featured_media":16203,"comment_status":"open","ping_status":"closed","sticky":false,"template":"","format":"standard","meta":{"footnotes":""},"categories":[3],"tags":[],"class_list":["post-16202","post","type-post","status-publish","format-standard","has-post-thumbnail","hentry","category-olke"],"_links":{"self":[{"href":"https:\/\/millitv.net\/index.php?rest_route=\/wp\/v2\/posts\/16202","targetHints":{"allow":["GET"]}}],"collection":[{"href":"https:\/\/millitv.net\/index.php?rest_route=\/wp\/v2\/posts"}],"about":[{"href":"https:\/\/millitv.net\/index.php?rest_route=\/wp\/v2\/types\/post"}],"author":[{"embeddable":true,"href":"https:\/\/millitv.net\/index.php?rest_route=\/wp\/v2\/users\/1"}],"replies":[{"embeddable":true,"href":"https:\/\/millitv.net\/index.php?rest_route=%2Fwp%2Fv2%2Fcomments&post=16202"}],"version-history":[{"count":1,"href":"https:\/\/millitv.net\/index.php?rest_route=\/wp\/v2\/posts\/16202\/revisions"}],"predecessor-version":[{"id":16204,"href":"https:\/\/millitv.net\/index.php?rest_route=\/wp\/v2\/posts\/16202\/revisions\/16204"}],"wp:featuredmedia":[{"embeddable":true,"href":"https:\/\/millitv.net\/index.php?rest_route=\/wp\/v2\/media\/16203"}],"wp:attachment":[{"href":"https:\/\/millitv.net\/index.php?rest_route=%2Fwp%2Fv2%2Fmedia&parent=16202"}],"wp:term":[{"taxonomy":"category","embeddable":true,"href":"https:\/\/millitv.net\/index.php?rest_route=%2Fwp%2Fv2%2Fcategories&post=16202"},{"taxonomy":"post_tag","embeddable":true,"href":"https:\/\/millitv.net\/index.php?rest_route=%2Fwp%2Fv2%2Ftags&post=16202"}],"curies":[{"name":"wp","href":"https:\/\/api.w.org\/{rel}","templated":true}]}}