{"id":16138,"date":"2024-11-05T08:16:48","date_gmt":"2024-11-05T08:16:48","guid":{"rendered":"https:\/\/millitv.net\/?p=16138"},"modified":"2024-11-05T08:16:50","modified_gmt":"2024-11-05T08:16:50","slug":"olimpiya-cempionu-fazil-mustafaya-cavab-verdi-bu-idman-novunun-z%C9%99ifl%C9%99m%C9%99si-haqqinda-fikirl%C9%99ri-yanlisdir","status":"publish","type":"post","link":"https:\/\/millitv.net\/?p=16138","title":{"rendered":"Olimpiya \u00e7empionu Fazil Mustafaya cavab verdi: &#8220;Bu idman n\u00f6v\u00fcn\u00fcn z\u0259ifl\u0259m\u0259si haqq\u0131nda fikirl\u0259ri  yanl\u0131\u015fd\u0131r&#8221;"},"content":{"rendered":"\n<p><strong>&#8220;Hac\u0131 \u018fliyev kimi idman\u00e7\u0131lar\u0131m\u0131z ya\u015f amiliyl\u0259 kariyeralar\u0131na son qoyurlar. \u0130dman sah\u0259sind\u0259 yeni n\u0259sil yeti\u015fir, amma onlar\u0131n formala\u015fmas\u0131 \u00fc\u00e7\u00fcn vaxt laz\u0131md\u0131r. Onlar t\u0259cr\u00fcb\u0259 toplamal\u0131, fiziki- texniki haz\u0131rl\u0131qlar\u0131 g\u00fccl\u0259ndirm\u0259lidirl\u0259r T\u0259bii ki, bu sah\u0259d\u0259 inki\u015faf gedir. Az\u0259rbaycan G\u00fcl\u0259\u015f Federasiyas\u0131 t\u0259r\u0259find\u0259n h\u0259r bir \u015f\u0259rait yarad\u0131l\u0131r&#8221;.<\/strong><br><br>Bu s\u00f6zl\u0259ri&nbsp;<a target=\"_blank\" href=\"https:\/\/teleqraf.com\/\" rel=\"noreferrer noopener\">Teleqraf.com<\/a>-a a\u00e7\u0131qlamas\u0131nda Az\u0259rbaycan Milli Olimpiya Akademiyas\u0131n\u0131n vitse-prezidenti, Az\u0259rbaycan \u0130dman Akademiyas\u0131n\u0131n prorektoru, Olimpiya \u00e7empionu F\u0259rid Mansurov mill\u0259t v\u0259kili Fazil Mustafan\u0131n s\u0259rb\u0259st g\u00fcl\u0259\u015f idman n\u00f6v\u00fc haqq\u0131nda t\u0259nqidi fikirl\u0259rin\u0259 m\u00fcnasib\u0259t bildirir\u0259rk\u0259n deyib.<\/p>\n\n\n\n<p>F\u0259rid Mansurovun s\u00f6zl\u0259rin\u0259 g\u00f6r\u0259, idman el\u0259 bir sah\u0259dir ki, qalx\u0131\u015f-eni\u015f d\u00f6vrl\u0259ri olur: &#8220;Mill\u0259t v\u0259kili Fazil Mustafaya h\u00f6rm\u0259tim var. Onun s\u00f6zl\u0259rind\u0259 h\u0259qiq\u0259t pay\u0131 az deyil. Onun fikirl\u0259ri il\u0259 tam raz\u0131yam ki, y\u00fcks\u0259k n\u0259tic\u0259 g\u00f6st\u0259r\u0259n idman\u00e7\u0131lar\u0131m\u0131z\u0131 daha \u00e7ox t\u0259bli\u011f etm\u0259li, onlar\u0131n t\u0259bli\u011fat\u0131n\u0131 aparmal\u0131y\u0131q. \u0130st\u0259r universitet, ist\u0259rs\u0259 d\u0259 m\u0259kt\u0259bl\u0259rd\u0259 idman\u00e7\u0131lar\u0131n \u015f\u0259kill\u0259ri olmal\u0131d\u0131r. Bununla g\u0259l\u0259c\u0259k n\u0259sill\u0259r idman\u00e7\u0131lar\u0131m\u0131z\u0131 tan\u0131mal\u0131d\u0131rlar.<\/p>\n\n\n\n<p>Bu idman n\u00f6v\u00fcn\u00fcn z\u0259ifl\u0259m\u0259si haqq\u0131nda fikirl\u0259ri is\u0259 yanl\u0131\u015fd\u0131r, g\u00fcl\u0259\u015fi bir Olimpiya oyunu il\u0259 m\u00fcqayis\u0259 etm\u0259k d\u00fczg\u00fcn deyil. Yeni n\u0259sil d\u0259yi\u015fikliyi var, m\u0259\u015fq\u00e7il\u0259r i\u015fl\u0259yirl\u0259r. G\u00fcl\u0259\u015f Federasiyas\u0131 onlara \u015f\u0259rait yarad\u0131r. \u0130dman\u00e7\u0131n\u0131 m\u00fc\u0259yy\u0259n s\u0259viyy\u0259y\u0259 \u00e7atd\u0131rmaq \u00fc\u00e7\u00fcn vaxt laz\u0131md\u0131r. Bu sah\u0259y\u0259 h\u0259r hans\u0131 m\u00fcdaxil\u0259 olarsa v\u0259 xo\u015fag\u0259lm\u0259z fikir s\u0259sl\u0259n\u0259rs\u0259, bu, b\u00fct\u00fcn komandan\u0131 ruhdan sal\u0131r.<\/p>\n\n\n\n<p>Amma Fazil Mustafan\u0131n b\u0259zi fikirl\u0259ri il\u0259 yuxar\u0131da qeyd etdiyim kimi tam raz\u0131yam. \u0130dman\u00e7\u0131lar\u0131n t\u0259bli\u011fat\u0131 n\u0259 q\u0259d\u0259r g\u00fccl\u00fc olarsa, bu sah\u0259y\u0259 bir o q\u0259d\u0259r ax\u0131n \u00e7oxalar. Olimpiya, d\u00fcnya v\u0259 Avropa \u00e7empionlar\u0131m\u0131z\u0131 g\u0259ncl\u0259rimiz daha art\u0131q tan\u0131nmal\u0131d\u0131rlar. Bunun \u00fc\u00e7\u00fcn G\u0259ncl\u0259r v\u0259 \u0130dman Nazirliyi, el\u0259c\u0259 d\u0259 aidiyy\u0259ti federasiyalar t\u0259\u015f\u0259bb\u00fcs g\u00f6t\u0259rm\u0259lidirl\u0259r. Q\u0259l\u0259b\u0259 qazanan idman\u00e7\u0131lar\u0131m\u0131z\u0131n h\u0259yat tarix\u00e7\u0259l\u0259ri haqq\u0131nda g\u0259ncl\u0259rimiz \u00e7ox m\u0259lumatl\u0131 olsalar, idman sah\u0259sin\u0259 maraqlar\u0131 daha da artar.<\/p>\n\n\n\n<p>Yeniyetm\u0259l\u0259rimiz, g\u0259ncl\u0259rimiz ba\u015fa d\u00fc\u015f\u0259rl\u0259r ki, u\u011fura ged\u0259n yol a\u011f\u0131r v\u0259 \u00e7\u0259tindir. Bunun \u00fc\u00e7\u00fcn s\u0259brli v\u0259 irad\u0259li olmaq laz\u0131md\u0131r.<\/p>\n\n\n\n<p>Medal\u0131n iki \u00fcz\u00fc var &#8211; g\u00f6r\u00fcn\u0259n v\u0259 g\u00f6r\u00fcnm\u0259y\u0259n t\u0259r\u0259fi. G\u00f6r\u00fcn\u0259n t\u0259r\u0259fi ham\u0131 g\u00f6r\u00fcr, dig\u0259r t\u0259r\u0259fini \u00e7ox az adam bilir. Yax\u015f\u0131 olar ki, bizim y\u00fcks\u0259k n\u0259tic\u0259 \u0259ld\u0259 etmi\u015f idman\u00e7\u0131lar\u0131m\u0131z medal\u0131n o biri \u00fcz\u00fcnd\u0259n d\u0259 dan\u0131\u015fs\u0131nlar. Bu u\u015faqlarda bu sah\u0259y\u0259 mara\u011f\u0131 daha da art\u0131racaq&#8221;.<\/p>\n\n\n\n<p>F\u0259rid Mansurov hesab edir ki, Az\u0259rbaycan G\u00fcl\u0259\u015f Federasiyas\u0131n\u0131n prezidenti Mikay\u0131l Cabbarov bu idman n\u00f6v\u00fcn\u00fcn inki\u015faf\u0131 il\u0259 ba\u011fl\u0131 laz\u0131mi add\u0131mlar\u0131 at\u0131r v\u0259 m\u00fcvafiq t\u00f6vsiy\u0259l\u0259rini verir: &#8220;Laz\u0131m olan h\u0259r \u015f\u0259rait yarad\u0131l\u0131b v\u0259 idman\u00e7\u0131lar\u0131m\u0131z qay\u011f\u0131 il\u0259 \u0259hat\u0259 olunublar. Biz d\u0259 h\u0259min tap\u015f\u0131r\u0131qlar\u0131 tam m\u0259suliyy\u0259tl\u0259 yerin\u0259 yetirm\u0259y\u0259 \u00e7al\u0131\u015f\u0131r\u0131q. Amma i\u015fimizi daha da t\u0259kmill\u0259\u015fdirm\u0259liyik. Federasiyalar\u0131m\u0131z bu sah\u0259d\u0259 y\u00fcks\u0259k i\u015fl\u0259r g\u00f6r\u00fcrl\u0259r. M\u0259s\u0259l\u0259n, G\u00fcl\u0259\u015f v\u0259 C\u00fcdo Federasiyalar\u0131 buna n\u00fcmun\u0259dir. Onu da deyim ki, i\u015fl\u0259m\u0259y\u0259n federasiyalar\u0131m\u0131z da var&#8221;.<\/p>\n\n\n\n<p>Qeyd ed\u0259k ki, Fazil Mustafa g\u00fcl\u0259\u015f idman n\u00f6v\u00fcnd\u0259 son ill\u0259r u\u011furlar\u0131n z\u0259if oldu\u011funu bildirib.<\/p>\n","protected":false},"excerpt":{"rendered":"<p>&#8220;Hac\u0131 \u018fliyev kimi idman\u00e7\u0131lar\u0131m\u0131z ya\u015f amiliyl\u0259 kariyeralar\u0131na son qoyurlar. \u0130dman sah\u0259sind\u0259 yeni n\u0259sil yeti\u015fir, amma onlar\u0131n formala\u015fmas\u0131 \u00fc\u00e7\u00fcn vaxt laz\u0131md\u0131r. Onlar t\u0259cr\u00fcb\u0259 toplamal\u0131, fiziki- texniki haz\u0131rl\u0131qlar\u0131 g\u00fccl\u0259ndirm\u0259lidirl\u0259r T\u0259bii ki, bu sah\u0259d\u0259 inki\u015faf gedir. Az\u0259rbaycan G\u00fcl\u0259\u015f Federasiyas\u0131 t\u0259r\u0259find\u0259n h\u0259r bir \u015f\u0259rait yarad\u0131l\u0131r&#8221;.Bu s\u00f6zl\u0259ri&nbsp;Teleqraf.com-a a\u00e7\u0131qlamas\u0131nda Az\u0259rbaycan Milli Olimpiya Akademiyas\u0131n\u0131n vitse-prezidenti, Az\u0259rbaycan \u0130dman Akademiyas\u0131n\u0131n prorektoru, Olimpiya \u00e7empionu F\u0259rid &hellip;<\/p>\n","protected":false},"author":1,"featured_media":16139,"comment_status":"open","ping_status":"closed","sticky":false,"template":"","format":"standard","meta":{"footnotes":""},"categories":[1,3],"tags":[],"class_list":["post-16138","post","type-post","status-publish","format-standard","has-post-thumbnail","hentry","category-idman","category-olke"],"_links":{"self":[{"href":"https:\/\/millitv.net\/index.php?rest_route=\/wp\/v2\/posts\/16138","targetHints":{"allow":["GET"]}}],"collection":[{"href":"https:\/\/millitv.net\/index.php?rest_route=\/wp\/v2\/posts"}],"about":[{"href":"https:\/\/millitv.net\/index.php?rest_route=\/wp\/v2\/types\/post"}],"author":[{"embeddable":true,"href":"https:\/\/millitv.net\/index.php?rest_route=\/wp\/v2\/users\/1"}],"replies":[{"embeddable":true,"href":"https:\/\/millitv.net\/index.php?rest_route=%2Fwp%2Fv2%2Fcomments&post=16138"}],"version-history":[{"count":1,"href":"https:\/\/millitv.net\/index.php?rest_route=\/wp\/v2\/posts\/16138\/revisions"}],"predecessor-version":[{"id":16140,"href":"https:\/\/millitv.net\/index.php?rest_route=\/wp\/v2\/posts\/16138\/revisions\/16140"}],"wp:featuredmedia":[{"embeddable":true,"href":"https:\/\/millitv.net\/index.php?rest_route=\/wp\/v2\/media\/16139"}],"wp:attachment":[{"href":"https:\/\/millitv.net\/index.php?rest_route=%2Fwp%2Fv2%2Fmedia&parent=16138"}],"wp:term":[{"taxonomy":"category","embeddable":true,"href":"https:\/\/millitv.net\/index.php?rest_route=%2Fwp%2Fv2%2Fcategories&post=16138"},{"taxonomy":"post_tag","embeddable":true,"href":"https:\/\/millitv.net\/index.php?rest_route=%2Fwp%2Fv2%2Ftags&post=16138"}],"curies":[{"name":"wp","href":"https:\/\/api.w.org\/{rel}","templated":true}]}}