{"id":16061,"date":"2024-11-02T17:14:08","date_gmt":"2024-11-02T17:14:08","guid":{"rendered":"https:\/\/millitv.net\/?p=16061"},"modified":"2024-11-02T17:14:09","modified_gmt":"2024-11-02T17:14:09","slug":"bilal-eliyev-avtobusda-ona-n%C9%99-olub-video","status":"publish","type":"post","link":"https:\/\/millitv.net\/?p=16061","title":{"rendered":"Bilal \u018fliyev avtobusda: Ona n\u0259 olub? &#8211; V\u0130DEO"},"content":{"rendered":"\n<p><strong>Xalq artisti Bilal \u018fliyev payla\u015f\u0131m\u0131 il\u0259 g\u00fcnd\u0259m\u0259 g\u0259lib.&nbsp;<\/strong><\/p>\n\n\n\n<p>M\u00fc\u011f\u0259nni ictimai n\u0259qliyyatdan istifad\u0259 etdiyini bildirib.&nbsp;<\/p>\n\n\n\n<p>B.\u018fliyev avtobusda \u00e7\u0259kdiyi videosunu sosial \u015f\u0259b\u0259k\u0259 hesablar\u0131nda yay\u0131mlay\u0131b.\/\/Ax\u015fam.az&nbsp;<\/p>\n\n\n\n<p><a href=\"https:\/\/ok.ru\/videoembed\/8158513466068?nochat=1\" target=\"_blank\" rel=\"noopener\">https:\/\/ok.ru\/videoembed\/8158513466068?nochat=1<\/a><\/p>\n","protected":false},"excerpt":{"rendered":"<p>Xalq artisti Bilal \u018fliyev payla\u015f\u0131m\u0131 il\u0259 g\u00fcnd\u0259m\u0259 g\u0259lib.&nbsp; M\u00fc\u011f\u0259nni ictimai n\u0259qliyyatdan istifad\u0259 etdiyini bildirib.&nbsp; B.\u018fliyev avtobusda \u00e7\u0259kdiyi videosunu sosial \u015f\u0259b\u0259k\u0259 hesablar\u0131nda yay\u0131mlay\u0131b.\/\/Ax\u015fam.az&nbsp; https:\/\/ok.ru\/videoembed\/8158513466068?nochat=1<\/p>\n","protected":false},"author":1,"featured_media":16062,"comment_status":"open","ping_status":"closed","sticky":false,"template":"","format":"standard","meta":{"footnotes":""},"categories":[6,3],"tags":[],"class_list":["post-16061","post","type-post","status-publish","format-standard","has-post-thumbnail","hentry","category-maqazin","category-olke"],"_links":{"self":[{"href":"https:\/\/millitv.net\/index.php?rest_route=\/wp\/v2\/posts\/16061","targetHints":{"allow":["GET"]}}],"collection":[{"href":"https:\/\/millitv.net\/index.php?rest_route=\/wp\/v2\/posts"}],"about":[{"href":"https:\/\/millitv.net\/index.php?rest_route=\/wp\/v2\/types\/post"}],"author":[{"embeddable":true,"href":"https:\/\/millitv.net\/index.php?rest_route=\/wp\/v2\/users\/1"}],"replies":[{"embeddable":true,"href":"https:\/\/millitv.net\/index.php?rest_route=%2Fwp%2Fv2%2Fcomments&post=16061"}],"version-history":[{"count":1,"href":"https:\/\/millitv.net\/index.php?rest_route=\/wp\/v2\/posts\/16061\/revisions"}],"predecessor-version":[{"id":16063,"href":"https:\/\/millitv.net\/index.php?rest_route=\/wp\/v2\/posts\/16061\/revisions\/16063"}],"wp:featuredmedia":[{"embeddable":true,"href":"https:\/\/millitv.net\/index.php?rest_route=\/wp\/v2\/media\/16062"}],"wp:attachment":[{"href":"https:\/\/millitv.net\/index.php?rest_route=%2Fwp%2Fv2%2Fmedia&parent=16061"}],"wp:term":[{"taxonomy":"category","embeddable":true,"href":"https:\/\/millitv.net\/index.php?rest_route=%2Fwp%2Fv2%2Fcategories&post=16061"},{"taxonomy":"post_tag","embeddable":true,"href":"https:\/\/millitv.net\/index.php?rest_route=%2Fwp%2Fv2%2Ftags&post=16061"}],"curies":[{"name":"wp","href":"https:\/\/api.w.org\/{rel}","templated":true}]}}