{"id":16043,"date":"2024-10-31T14:41:28","date_gmt":"2024-10-31T14:41:28","guid":{"rendered":"https:\/\/millitv.net\/?p=16043"},"modified":"2024-10-31T14:41:29","modified_gmt":"2024-10-31T14:41:29","slug":"em%C9%99kdar-artist-goz-yasina-boguldu-kas-ki-sag-olaydi","status":"publish","type":"post","link":"https:\/\/millitv.net\/?p=16043","title":{"rendered":"\u018fm\u0259kdar artist\u00a0G\u00d6Z YA\u015eINA BO\u011eULDU:\u00a0&#8220;Ka\u015f ki sa\u011f olayd\u0131&#8221;"},"content":{"rendered":"\n<p><strong>\u201cAtam\u0131 13 ya\u015f\u0131m olanda itirdim. Ka\u015f atam-anam sa\u011f olayd\u0131 v\u0259 m\u0259nim qazanc\u0131m onlara da qism\u0259t olayd\u0131\u201d.<\/strong><\/p>\n\n\n\n<p>Yenicag.az x\u0259b\u0259r verir ki, bu s\u00f6zl\u0259ri tan\u0131nm\u0131\u015f m\u00fc\u011f\u0259nni, \u018fm\u0259kdar artist<strong>&nbsp;Zakir \u018fliyev<\/strong>&nbsp;\u201cG\u00fcnayd\u0131n Az\u0259rbaycan\u201d verili\u015find\u0259 deyib.<\/p>\n\n\n\n<p>S\u0259n\u0259t\u00e7i h\u0259yatdan vaxts\u0131z k\u00f6\u00e7\u0259n atas\u0131ndan dan\u0131\u015f\u0131b, h\u0259yata ke\u00e7m\u0259y\u0259n nakam arzular\u0131n\u0131 yada salaraq k\u00f6vr\u0259lib:<\/p>\n\n\n\n<p>\u201cAtam musiqini o d\u0259r\u0259c\u0259d\u0259 \u00e7ox sevirdi, musiqiy\u0259 ba\u011fl\u0131 insan idi. Y\u0259qin ki, o m\u0259ni s\u0259hn\u0259d\u0259 g\u00f6rs\u0259ydi, n\u0259 q\u0259d\u0259r x\u0259st\u0259 olsayd\u0131 da bel\u0259, Allah ona o q\u0259d\u0259r b\u00f6y\u00fck enerji ver\u0259rdi, o ya\u015fayard\u0131. \u00c7\u00fcnki valideyn \u00f6vladla n\u0259f\u0259s al\u0131r\u201d.<\/p>\n","protected":false},"excerpt":{"rendered":"<p>\u201cAtam\u0131 13 ya\u015f\u0131m olanda itirdim. Ka\u015f atam-anam sa\u011f olayd\u0131 v\u0259 m\u0259nim qazanc\u0131m onlara da qism\u0259t olayd\u0131\u201d. Yenicag.az x\u0259b\u0259r verir ki, bu s\u00f6zl\u0259ri tan\u0131nm\u0131\u015f m\u00fc\u011f\u0259nni, \u018fm\u0259kdar artist&nbsp;Zakir \u018fliyev&nbsp;\u201cG\u00fcnayd\u0131n Az\u0259rbaycan\u201d verili\u015find\u0259 deyib. S\u0259n\u0259t\u00e7i h\u0259yatdan vaxts\u0131z k\u00f6\u00e7\u0259n atas\u0131ndan dan\u0131\u015f\u0131b, h\u0259yata ke\u00e7m\u0259y\u0259n nakam arzular\u0131n\u0131 yada salaraq k\u00f6vr\u0259lib: \u201cAtam musiqini o d\u0259r\u0259c\u0259d\u0259 \u00e7ox sevirdi, musiqiy\u0259 ba\u011fl\u0131 insan idi. Y\u0259qin ki, &hellip;<\/p>\n","protected":false},"author":1,"featured_media":16044,"comment_status":"open","ping_status":"closed","sticky":false,"template":"","format":"standard","meta":{"footnotes":""},"categories":[6,3],"tags":[],"class_list":["post-16043","post","type-post","status-publish","format-standard","has-post-thumbnail","hentry","category-maqazin","category-olke"],"_links":{"self":[{"href":"https:\/\/millitv.net\/index.php?rest_route=\/wp\/v2\/posts\/16043","targetHints":{"allow":["GET"]}}],"collection":[{"href":"https:\/\/millitv.net\/index.php?rest_route=\/wp\/v2\/posts"}],"about":[{"href":"https:\/\/millitv.net\/index.php?rest_route=\/wp\/v2\/types\/post"}],"author":[{"embeddable":true,"href":"https:\/\/millitv.net\/index.php?rest_route=\/wp\/v2\/users\/1"}],"replies":[{"embeddable":true,"href":"https:\/\/millitv.net\/index.php?rest_route=%2Fwp%2Fv2%2Fcomments&post=16043"}],"version-history":[{"count":1,"href":"https:\/\/millitv.net\/index.php?rest_route=\/wp\/v2\/posts\/16043\/revisions"}],"predecessor-version":[{"id":16045,"href":"https:\/\/millitv.net\/index.php?rest_route=\/wp\/v2\/posts\/16043\/revisions\/16045"}],"wp:featuredmedia":[{"embeddable":true,"href":"https:\/\/millitv.net\/index.php?rest_route=\/wp\/v2\/media\/16044"}],"wp:attachment":[{"href":"https:\/\/millitv.net\/index.php?rest_route=%2Fwp%2Fv2%2Fmedia&parent=16043"}],"wp:term":[{"taxonomy":"category","embeddable":true,"href":"https:\/\/millitv.net\/index.php?rest_route=%2Fwp%2Fv2%2Fcategories&post=16043"},{"taxonomy":"post_tag","embeddable":true,"href":"https:\/\/millitv.net\/index.php?rest_route=%2Fwp%2Fv2%2Ftags&post=16043"}],"curies":[{"name":"wp","href":"https:\/\/api.w.org\/{rel}","templated":true}]}}