{"id":16025,"date":"2024-10-30T14:19:46","date_gmt":"2024-10-30T14:19:46","guid":{"rendered":"https:\/\/millitv.net\/?p=16025"},"modified":"2024-10-30T14:20:03","modified_gmt":"2024-10-30T14:20:03","slug":"vicdan-ya-olur-ya-olmur-o-bazarda-satilmir-ki-gedib-alasan","status":"publish","type":"post","link":"https:\/\/millitv.net\/?p=16025","title":{"rendered":"&#8220;Vicdan ya olur, ya olmur. Bazarda sat\u0131lm\u0131r ki, gedib alasan&#8221;"},"content":{"rendered":"\n<p><strong>\u201cB\u0259z\u0259n pislik ed\u0259nl\u0259r fikirl\u0259\u015firl\u0259r ki, pislik etdim, k\u0259nara \u00e7\u0259kildim, bununla bitdi. Amma onu Allaha h\u0259vala edirs\u0259n, s\u0259n\u0259 etdiyinin min qat\u0131n\u0131 ya\u015fay\u0131r\u201d.&nbsp;<\/strong><\/p>\n\n\n\n<p>Bu s\u00f6zl\u0259ri \u201cG\u00fcn\u0259 bax\u201d verili\u015find\u0259 m\u00fc\u011f\u0259nni Naz\u0259nin Salayeva deyib. O, fikirl\u0259rin\u0259 bunlar\u0131 da \u0259lav\u0259 edib:<\/p>\n\n\n\n<p>\u201cAdam var, el\u0259 \u015f\u0259r-b\u00f6htan at\u0131r ki&#8230; H\u0259l\u0259 inand\u0131rmaq \u00fc\u00e7\u00fcn deyir ki, m\u0259nim yan\u0131mda da bel\u0259 edib. Deyir\u0259m, niy\u0259 bel\u0259 deyirs\u0259n? S\u00f6yl\u0259yir ki, bel\u0259 dem\u0259s\u0259m, inanmayacaq. \u015eeytan\u0131 azd\u0131ran insanlar var. El\u0259 oynay\u0131rlar. Efir\u0259 d\u0259 oynay\u0131rlar. Pisliyin i\u00e7ind\u0259dir, \u015f\u0259r-b\u00f6htan at\u0131r&#8230; Efird\u0259 el\u0259 dan\u0131\u015f\u0131r ki, guya bundan t\u0259miz, namuslu insan yoxdur. Bir insanda vicdan ya olur, ya olmur. O, bazarda sat\u0131lm\u0131r ki, gedib alasan. N\u0259 xo\u015f o insana ki, vicdanl\u0131 do\u011fulur. Pislik ed\u0259n adama \u00e7atm\u0131r ki, n\u0259 vaxtsa ona ikiqat\u0131 g\u0259l\u0259c\u0259k\u201d.\/\/Olay.az<\/p>\n\n\n\n<figure class=\"wp-block-image\"><img decoding=\"async\" src=\"https:\/\/olay.az\/uploads\/posts\/2024-10\/1669405414_unknown_283011336_5011295588961379_8072873244913047596_n.webp\" alt=\"\" title=\"\"><\/figure>\n\n\n\n<p>Payla\u015f:<\/p>\n","protected":false},"excerpt":{"rendered":"<p>\u201cB\u0259z\u0259n pislik ed\u0259nl\u0259r fikirl\u0259\u015firl\u0259r ki, pislik etdim, k\u0259nara \u00e7\u0259kildim, bununla bitdi. Amma onu Allaha h\u0259vala edirs\u0259n, s\u0259n\u0259 etdiyinin min qat\u0131n\u0131 ya\u015fay\u0131r\u201d.&nbsp; Bu s\u00f6zl\u0259ri \u201cG\u00fcn\u0259 bax\u201d verili\u015find\u0259 m\u00fc\u011f\u0259nni Naz\u0259nin Salayeva deyib. O, fikirl\u0259rin\u0259 bunlar\u0131 da \u0259lav\u0259 edib: \u201cAdam var, el\u0259 \u015f\u0259r-b\u00f6htan at\u0131r ki&#8230; H\u0259l\u0259 inand\u0131rmaq \u00fc\u00e7\u00fcn deyir ki, m\u0259nim yan\u0131mda da bel\u0259 edib. Deyir\u0259m, niy\u0259 bel\u0259 &hellip;<\/p>\n","protected":false},"author":1,"featured_media":16026,"comment_status":"open","ping_status":"closed","sticky":false,"template":"","format":"standard","meta":{"footnotes":""},"categories":[6,3],"tags":[],"class_list":["post-16025","post","type-post","status-publish","format-standard","has-post-thumbnail","hentry","category-maqazin","category-olke"],"_links":{"self":[{"href":"https:\/\/millitv.net\/index.php?rest_route=\/wp\/v2\/posts\/16025","targetHints":{"allow":["GET"]}}],"collection":[{"href":"https:\/\/millitv.net\/index.php?rest_route=\/wp\/v2\/posts"}],"about":[{"href":"https:\/\/millitv.net\/index.php?rest_route=\/wp\/v2\/types\/post"}],"author":[{"embeddable":true,"href":"https:\/\/millitv.net\/index.php?rest_route=\/wp\/v2\/users\/1"}],"replies":[{"embeddable":true,"href":"https:\/\/millitv.net\/index.php?rest_route=%2Fwp%2Fv2%2Fcomments&post=16025"}],"version-history":[{"count":2,"href":"https:\/\/millitv.net\/index.php?rest_route=\/wp\/v2\/posts\/16025\/revisions"}],"predecessor-version":[{"id":16028,"href":"https:\/\/millitv.net\/index.php?rest_route=\/wp\/v2\/posts\/16025\/revisions\/16028"}],"wp:featuredmedia":[{"embeddable":true,"href":"https:\/\/millitv.net\/index.php?rest_route=\/wp\/v2\/media\/16026"}],"wp:attachment":[{"href":"https:\/\/millitv.net\/index.php?rest_route=%2Fwp%2Fv2%2Fmedia&parent=16025"}],"wp:term":[{"taxonomy":"category","embeddable":true,"href":"https:\/\/millitv.net\/index.php?rest_route=%2Fwp%2Fv2%2Fcategories&post=16025"},{"taxonomy":"post_tag","embeddable":true,"href":"https:\/\/millitv.net\/index.php?rest_route=%2Fwp%2Fv2%2Ftags&post=16025"}],"curies":[{"name":"wp","href":"https:\/\/api.w.org\/{rel}","templated":true}]}}