{"id":15981,"date":"2024-10-29T14:18:13","date_gmt":"2024-10-29T14:18:13","guid":{"rendered":"https:\/\/millitv.net\/?p=15981"},"modified":"2024-10-29T14:18:14","modified_gmt":"2024-10-29T14:18:14","slug":"qirmizi-adamin-%C9%99sl-adi-gorun-n%C9%99dir-sevgilim-buna-gor%C9%99-ayrildi-r%C9%99fiq%C9%99si-dedi-ki","status":"publish","type":"post","link":"https:\/\/millitv.net\/?p=15981","title":{"rendered":"&#8220;Q\u0131rm\u0131z\u0131 adam&#8221;\u0131n \u0259sl ad\u0131 g\u00f6r\u00fcn n\u0259dir -&#8220;Sevgilim buna g\u00f6r\u0259 ayr\u0131ld\u0131, r\u0259fiq\u0259si dedi ki&#8230;&#8221;"},"content":{"rendered":"\n<p><strong>Baku TV-nin &#8220;Qapqara&#8221; verili\u015finin yeni burax\u0131l\u0131\u015f\u0131 yay\u0131mlan\u0131b.<\/strong><\/p>\n\n\n\n<p>Verili\u015fin bud\u0259f\u0259ki say\u0131n\u0131n qona\u011f\u0131 &#8220;Q\u0131rm\u0131z\u0131 adam&#8221; layih\u0259si il\u0259 tan\u0131nan Faiq A\u011fayevdir.<\/p>\n\n\n\n<p>O, t\u0259b\u0259ss\u00fcm, g\u00fcl\u00fc\u015f g\u00f6rm\u0259kd\u0259n motivasiya ald\u0131\u011f\u0131n\u0131 dey\u0259r\u0259k \u00e7\u0259kili\u015fl\u0259r zaman\u0131 zarafat ed\u0259c\u0259yi insanlar\u0131 nec\u0259 se\u00e7m\u0259sind\u0259n dan\u0131\u015f\u0131b:<\/p>\n\n\n\n<p>&#8220;M\u0259n ad\u0259t\u0259n a\u011fsaqqallara yax\u0131nla\u015f\u0131ram. Aralar\u0131nda \u00e7ox \u015firin insanlar olur. Simalar\u0131ndan onlar\u0131 ay\u0131rd ed\u0259 bilir\u0259m. S\u00f6y\u00fc\u015f s\u00f6y\u0259n, tama\u015fa\u00e7\u0131da aqressiya yarada bil\u0259c\u0259k neqativ insanlara yax\u0131nla\u015fm\u0131ram. B\u0259zi a\u011fsaqqallar m\u0259nim m\u0259\u015fhur penc\u0259yimi g\u00f6r\u0259nd\u0259 qa\u00e7\u0131b harasa girirl\u0259r&#8221;.<\/p>\n\n\n\n<p>&#8220;Q\u0131rm\u0131z\u0131 adam&#8221; qeyd edib ki, onu videolar\u0131na g\u00f6r\u0259 h\u0259d\u0259l\u0259y\u0259nl\u0259r, m\u0259hk\u0259m\u0259y\u0259 ver\u0259nl\u0259r bel\u0259 olub.<\/p>\n\n\n\n<p>&#8220;Z\u0259ng edib hans\u0131sa qohumunun oldu\u011fu videonu silm\u0259yimi ist\u0259yirl\u0259r. H\u00f6rm\u0259tl\u0259 yana\u015f\u0131b h\u0259min hiss\u0259ni sosial \u015f\u0259b\u0259k\u0259l\u0259rd\u0259n silir\u0259m. Amma insanlar da ba\u015fa d\u00fc\u015fs\u00fcnl\u0259r ki, &#8220;Q\u0131rm\u0131z\u0131 adam&#8221; d\u00f6vr\u00fcn ki\u00e7ik bir q\u0259hr\u0259man\u0131d\u0131r. Bir-iki il m\u0259ni yola versinl\u0259r. \u00dc\u00e7 ildir m\u0259ni tap\u0131b d\u00f6y\u0259c\u0259kl\u0259rini deyirl\u0259r. Amma h\u0259l\u0259 bel\u0259 bir \u015fey olmay\u0131b&#8221;, &#8211; dey\u0259 F.A\u011fayev s\u00f6yl\u0259yib<\/p>\n\n\n\n<p>Apar\u0131c\u0131n\u0131n &#8220;Niy\u0259 evl\u0259nmirsiniz?&#8221; sual\u0131na is\u0259 &#8220;Q\u0131rm\u0131z\u0131 adam&#8221;\u0131n cavab\u0131 bel\u0259 olub: &#8220;Geyindiyim kostyum ail\u0259 qurma\u011f\u0131m\u0131n qar\u015f\u0131s\u0131n\u0131 alan amill\u0259rd\u0259n biri olub. Ail\u0259m m\u0259nim \u00fc\u00e7\u00fcn hans\u0131sa q\u0131zla maraqlananda deyibl\u0259r ki, bel\u0259 bir i\u015fl\u0259 m\u0259\u015f\u011ful olan adam\u0131 ist\u0259mirik&#8221;.<\/p>\n\n\n\n<p>\u018ftrafl\u0131 s\u00fcjetd\u0259:<\/p>\n\n\n\n<figure class=\"wp-block-image\"><img decoding=\"async\" src=\"https:\/\/img.youtube.com\/vi\/idqMAmWQNxU\/sddefault.jpg\" alt=\"\" title=\"\"><\/figure>\n\n\n\n<p><a href=\"javascript:void(0)\"><\/a><\/p>\n","protected":false},"excerpt":{"rendered":"<p>Baku TV-nin &#8220;Qapqara&#8221; verili\u015finin yeni burax\u0131l\u0131\u015f\u0131 yay\u0131mlan\u0131b. Verili\u015fin bud\u0259f\u0259ki say\u0131n\u0131n qona\u011f\u0131 &#8220;Q\u0131rm\u0131z\u0131 adam&#8221; layih\u0259si il\u0259 tan\u0131nan Faiq A\u011fayevdir. O, t\u0259b\u0259ss\u00fcm, g\u00fcl\u00fc\u015f g\u00f6rm\u0259kd\u0259n motivasiya ald\u0131\u011f\u0131n\u0131 dey\u0259r\u0259k \u00e7\u0259kili\u015fl\u0259r zaman\u0131 zarafat ed\u0259c\u0259yi insanlar\u0131 nec\u0259 se\u00e7m\u0259sind\u0259n dan\u0131\u015f\u0131b: &#8220;M\u0259n ad\u0259t\u0259n a\u011fsaqqallara yax\u0131nla\u015f\u0131ram. Aralar\u0131nda \u00e7ox \u015firin insanlar olur. Simalar\u0131ndan onlar\u0131 ay\u0131rd ed\u0259 bilir\u0259m. S\u00f6y\u00fc\u015f s\u00f6y\u0259n, tama\u015fa\u00e7\u0131da aqressiya yarada bil\u0259c\u0259k neqativ insanlara &hellip;<\/p>\n","protected":false},"author":1,"featured_media":15982,"comment_status":"open","ping_status":"closed","sticky":false,"template":"","format":"standard","meta":{"footnotes":""},"categories":[6,3],"tags":[],"class_list":["post-15981","post","type-post","status-publish","format-standard","has-post-thumbnail","hentry","category-maqazin","category-olke"],"_links":{"self":[{"href":"https:\/\/millitv.net\/index.php?rest_route=\/wp\/v2\/posts\/15981","targetHints":{"allow":["GET"]}}],"collection":[{"href":"https:\/\/millitv.net\/index.php?rest_route=\/wp\/v2\/posts"}],"about":[{"href":"https:\/\/millitv.net\/index.php?rest_route=\/wp\/v2\/types\/post"}],"author":[{"embeddable":true,"href":"https:\/\/millitv.net\/index.php?rest_route=\/wp\/v2\/users\/1"}],"replies":[{"embeddable":true,"href":"https:\/\/millitv.net\/index.php?rest_route=%2Fwp%2Fv2%2Fcomments&post=15981"}],"version-history":[{"count":1,"href":"https:\/\/millitv.net\/index.php?rest_route=\/wp\/v2\/posts\/15981\/revisions"}],"predecessor-version":[{"id":15983,"href":"https:\/\/millitv.net\/index.php?rest_route=\/wp\/v2\/posts\/15981\/revisions\/15983"}],"wp:featuredmedia":[{"embeddable":true,"href":"https:\/\/millitv.net\/index.php?rest_route=\/wp\/v2\/media\/15982"}],"wp:attachment":[{"href":"https:\/\/millitv.net\/index.php?rest_route=%2Fwp%2Fv2%2Fmedia&parent=15981"}],"wp:term":[{"taxonomy":"category","embeddable":true,"href":"https:\/\/millitv.net\/index.php?rest_route=%2Fwp%2Fv2%2Fcategories&post=15981"},{"taxonomy":"post_tag","embeddable":true,"href":"https:\/\/millitv.net\/index.php?rest_route=%2Fwp%2Fv2%2Ftags&post=15981"}],"curies":[{"name":"wp","href":"https:\/\/api.w.org\/{rel}","templated":true}]}}