{"id":15953,"date":"2024-10-28T11:44:15","date_gmt":"2024-10-28T11:44:15","guid":{"rendered":"https:\/\/millitv.net\/?p=15953"},"modified":"2024-10-28T11:44:16","modified_gmt":"2024-10-28T11:44:16","slug":"oglu-cinsini-d%C9%99yisdi-s%C9%99si-batdi-h%C9%99yat-yoldasi-ondan-ayrildi-az%C9%99rbaycanli-m%C9%99shurun-d%C9%99hs%C9%99tli-h%C9%99yati","status":"publish","type":"post","link":"https:\/\/millitv.net\/?p=15953","title":{"rendered":"O\u011flu cinsini d\u0259yi\u015fdi, s\u0259si batd\u0131, h\u0259yat yolda\u015f\u0131 ondan ayr\u0131ld\u0131 &#8211; Az\u0259rbaycanl\u0131 m\u0259\u015fhurun d\u0259h\u015f\u0259tli h\u0259yat\u0131"},"content":{"rendered":"\n<p>Yetim Eyvaz t\u0259x\u0259ll\u00fcs\u00fc il\u0259 tan\u0131nan \u015fair Eyvaz Qurbanov haqq\u0131nda maraql\u0131 faktlar\u0131 t\u0259qdim ediik.<\/p>\n\n\n\n<p>Eyvaz Qurbanov 26 fevral, 1952-ci ild\u0259 do\u011fulub. B\u00fct\u00fcn m\u0259nb\u0259l\u0259rd\u0259 onun Siy\u0259z\u0259nd\u0259 do\u011fuldu\u011fu deyils\u0259 d\u0259, 2012-ci ild\u0259 verdiyi m\u00fcsahib\u0259d\u0259 o, indiki \u015eabran, ke\u00e7mi\u015f D\u0259v\u0259\u00e7i rayonunda anadan oldu\u011funu deyib.<\/p>\n\n\n\n<p>***<\/p>\n\n\n\n<p>Onun 40 ya\u015f\u0131n\u0131n tamam oldu\u011fu g\u00fcn Xocal\u0131 faci\u0259si ba\u015f verir v\u0259 Eyvaz\u0131n 40 ya\u015f\u0131ndan sonrak\u0131 b\u00fct\u00fcn do\u011fum g\u00fcnl\u0259ri faci\u0259y\u0259 t\u0259sad\u00fcf etdiyind\u0259n h\u0259min g\u00fcn do\u011fum g\u00fcn\u00fcn\u00fc qeyd etmir.<\/p>\n\n\n\n<p>***<\/p>\n\n\n\n<p>Eyvaz Qurbanov h\u0259m\u00e7inin Xocal\u0131da \u015f\u0259hid olan \u018flif Hac\u0131yevin h\u0259rbi xidm\u0259t yolda\u015f\u0131 olub.<\/p>\n\n\n\n<p>O, 1958-ci ild\u0259 Siy\u0259z\u0259n \u015f\u0259h\u0259r C\u0259f\u0259r Cabbarl\u0131 ad\u0131na 1 n\u00f6mr\u0259li m\u0259kt\u0259bin ilk sinfin\u0259 daxil olub. Orta m\u0259kt\u0259bi bitirdikd\u0259n sonra h\u0259rbi xidm\u0259t\u0259 yollan\u0131b. Uzun ill\u0259r toylarda m\u00fc\u011f\u0259nnilik f\u0259aliyy\u0259ti il\u0259 m\u0259\u015f\u011ful olub. \u018fm\u0259liyyat olunduqdan sonra s\u0259si bat\u0131b. Ard\u0131nca 21 il avtobus s\u00fcr\u00fcc\u00fcs\u00fc i\u015fl\u0259yib. 14 ya\u015f\u0131ndan \u015feir yazma\u011fa ba\u015flayan Eyvaz Yetim t\u0259x\u0259ll\u00fcs\u00fcn\u00fc s\u00fcr\u00fcc\u00fc i\u015fl\u0259diyi zamanlarda qazan\u0131b. \u00d6z\u00fc bar\u0259d\u0259 tez-tez \u201cyetim u\u015fa\u011fam\u201d dey\u0259n Eyvaz qarajdak\u0131 dig\u0259r s\u00fcr\u00fcc\u00fcl\u0259r t\u0259r\u0259find\u0259n yetim adland\u0131r\u0131l\u0131b.<\/p>\n\n\n\n<p>***<\/p>\n\n\n\n<p>O, dostu \u015eir\u0259linin telefonunda Az\u0259rbaycana yay\u0131lan \u201cYaz ya\u011f\u0131\u015f\u0131\u201d \u015feiri il\u0259 m\u0259\u015fhurla\u015f\u0131b.<\/p>\n\n\n\n<p>***<\/p>\n\n\n\n<p>Yetim Eyvaz \u00f6z\u00fcn\u0259 he\u00e7 vaxt \u015fair dem\u0259yib. V\u0259 \u015fair adland\u0131r\u0131lma\u011f\u0131n\u0131 da q\u0259bul etm\u0259yib. O, m\u00fcsahib\u0259sind\u0259 deyir ki, F\u00fczuli olan yerd\u0259 m\u0259nim \u00f6z\u00fcm\u0259 \u015fair dem\u0259yim ay\u0131bd\u0131.<\/p>\n\n\n\n<p>***<\/p>\n\n\n\n<p>2500-d\u0259n \u00e7ox \u015feir v\u0259 q\u0259z\u0259li var. T\u0259\u0259ss\u00fcf ki, h\u0259min \u015feirl\u0259rin b\u00f6y\u00fck hiss\u0259si itib. \u00c7\u00fcnki Eyvaz \u00f6z\u00fc sin\u0259d\u0259ft\u0259r oldu\u011fundan h\u0259min \u015feirl\u0259rin qeydin\u0259 qalmay\u0131b. Bu g\u00fcn sosial \u015f\u0259b\u0259k\u0259l\u0259rd\u0259 \u015fairin \u00f6z dilind\u0259n s\u0259sl\u0259n\u0259n \u015feirl\u0259rd\u0259n savay\u0131, dem\u0259k olar ki, he\u00e7 bir m\u0259tni yoxdu.<\/p>\n\n\n\n<p>Onun \u201cYaz ya\u011f\u0131\u015f\u0131\u201d adl\u0131 kitab\u0131 n\u0259\u015fr olunsa da, haz\u0131rda h\u0259min kitab da m\u0259nb\u0259 kimi qalmay\u0131b.<\/p>\n\n\n\n<p>***\u00c7oxu onu savads\u0131z adam hesab ets\u0259 d\u0259, Yetim Eyvaz Q\u0259rb \u0259d\u0259biyyat\u0131ndan H\u00fcqo, Bayron, \u015eekspir v\u0259 ba\u015fqalar\u0131n\u0131n \u0259s\u0259rl\u0259rini, eyni zamanda \u015e\u0259rq klassikas\u0131n\u0131 m\u00fctali\u0259 edib.<\/p>\n\n\n\n<p>***<\/p>\n\n\n\n<p>Bir d\u0259f\u0259 q\u0131\u015fda piv\u0259 i\u00e7diyin\u0259 g\u00f6r\u0259 bir restoranda la\u011fa qoyulub. Onunla m\u0259z\u0259l\u0259n\u0259n o\u011flanla \u00e7\u00f6l\u0259 \u00e7\u0131x\u0131blar. H\u0259min \u015f\u0259xs restoran\u0131n sahibin qarda\u015f\u0131 imi\u015f. Eyvaz h\u0259min o\u011flan\u0131 m\u00fcdafi\u0259 el\u0259y\u0259nl\u0259r\u0259 deyib ki, bu adam o\u011fra\u015fd\u0131. Onu d\u00f6ym\u0259k ist\u0259dikl\u0259ri an biri soru\u015fub ki, b\u0259s s\u0259n n\u0259s\u0259n? Eyvaz da deyib ki, m\u0259n Yetim Eyvazam. Bu s\u00f6zd\u0259n sonra ham\u0131 ondan \u00fczr ist\u0259yib.<\/p>\n\n\n\n<p>\u00d6z\u00fc m\u00fcsahib\u0259sind\u0259 deyir ki, ail\u0259si il\u0259 \u015feir\u0259 g\u00f6r\u0259 bo\u015fan\u0131b. \u00d6vladlar\u0131n\u0131 evl\u0259ndirdikd\u0259n sonra h\u0259yat yolda\u015f\u0131 il\u0259 \u015feir \u00fcst\u00fcnd\u0259 m\u00fcbahis\u0259 edib. Yolda\u015f\u0131 ondan \u015feirl\u0259rind\u0259ki qad\u0131n\u0131n kim oldu\u011funu soru\u015fub. D\u0259f\u0259l\u0259rl\u0259 t\u0259krarlanan bu hadis\u0259d\u0259n sonra Eyvaz evd\u0259n bird\u0259f\u0259lik gedib.<\/p>\n\n\n\n<p>***<\/p>\n\n\n\n<p>2016-c\u0131 ild\u0259 \u0259m\u0259liyyat olunur. H\u0259kim ona spirtli i\u00e7kini qada\u011fan ets\u0259 d\u0259, Eyvaz bunu q\u0259bul etmir: \u201cM\u0259n ham\u0131ya demi\u015f\u0259m, p\u0259nco-p\u0259nco i\u00e7\u0259s\u0259n g\u0259r\u0259k. \u0130ndi nec\u0259 deyim ki, p\u0259hrizd\u0259y\u0259m. Allah\u0131n verdiyi \u00f6m\u00fcr n\u0259dirs\u0259, onu da ya\u015fayacam\u201d.<\/p>\n\n\n\n<p>***<\/p>\n\n\n\n<p>Yetim Eyvaz bu s\u00f6zl\u0259rd\u0259n bir ne\u00e7\u0259 ay sonra, 2017-ci ilin 23 iyulunda trombdan v\u0259fat edib.<\/p>\n\n\n\n<p>***<\/p>\n\n\n\n<p>Eyvaz Qurbanovun 2 q\u0131z\u0131 v\u0259 2 o\u011flu var. Yetim Eyvaz\u0131n ayr\u0131ld\u0131\u011f\u0131 h\u0259yat yolda\u015f\u0131nda qalan \u00f6vladlar\u0131ndan biri Aq\u015finin 2018-ci ild\u0259 cinsini d\u0259yi\u015fm\u0259si il\u0259 ba\u011fl\u0131 x\u0259b\u0259rl\u0259r yay\u0131l\u0131b. M\u0259tbuat\u0131n yazd\u0131\u011f\u0131na g\u00f6r\u0259, Aq\u015fin d\u0259 m\u00fc\u011f\u0259nnilik f\u0259aliyy\u0259ti il\u0259 m\u0259\u015f\u011ful olub. H\u0259tta s\u0259s yar\u0131\u015fmas\u0131na da qat\u0131lan Aq\u015finin cinsini T\u00fcrkiy\u0259d\u0259 d\u0259yi\u015fib v\u0259 haz\u0131rda hans\u0131 ad\u0131 da\u015f\u0131d\u0131\u011f\u0131 bilinmir.<\/p>\n\n\n\n<p>***<\/p>\n\n\n\n<p>M\u0259tbuat onu da yazm\u0131\u015fd\u0131 ki, Aq\u015fin he\u00e7 atas\u0131n\u0131n yas\u0131nda, d\u0259fnind\u0259 d\u0259 i\u015ftirak etm\u0259yib.<\/p>\n\n\n\n<p>Eyvaz Qurbanovun o\u011flu Aq\u015fin Qurbanov s\u0259rt v\u0259 a\u015fa\u011f\u0131lay\u0131c\u0131 s\u00f6zl\u0259rl\u0259 onu \u201cGay\u201d olmaqda ittiham ed\u0259nl\u0259rin cavab\u0131n\u0131 ver\u0259r\u0259k anas\u0131n\u0131n onlar\u0131 \u0259ziyy\u0259tl\u0259 b\u00f6y\u00fcd\u00fcy\u00fcn\u00fc bildirib:<\/p>\n\n\n\n<p>\u201cAnam \u00e7\u00f6r\u0259k, xlor sat\u0131b bizi doland\u0131r\u0131b. M\u0259n \u00f6z\u00fcm\u00fc tan\u0131yandan atam narkotik, i\u00e7ki alud\u0259\u00e7isi olub. Evimizd\u0259ki soyuducumuz, \u00e7arpay\u0131m\u0131z, \u0259\u015fyalar\u0131m\u0131z borclara gedirdi. H\u0259r g\u00fcn evd\u0259 g\u00f6z ya\u015f\u0131 g\u00f6r\u00fcrd\u00fcm. Anam h\u0259r g\u00fcn a\u011flay\u0131rd\u0131. M\u0259n ondan atal\u0131q g\u00f6rm\u0259mi\u015f\u0259m. O q\u0259d\u0259r yazd\u0131lar ki, heyif o ki\u015fid\u0259n ki bel\u0259 o\u011flu var. Ax\u0131rda d\u00f6zm\u0259yib intihar etm\u0259k q\u0259rar\u0131na g\u0259ldim. M\u0259ni g\u00fccl\u0259 polisl\u0259r bu fikrimd\u0259n da\u015f\u0131nd\u0131rd\u0131. M\u0259n \u0259n b\u00f6y\u00fck travmalar\u0131 qohumlar\u0131mdan alm\u0131\u015fam. U\u015faql\u0131qdan m\u0259n\u0259 qul kimi yana\u015f\u0131blar. Qohumlar\u0131m yediyim tik\u0259ni d\u0259 say\u0131rd\u0131lar. Atam\u0131 \u00f6ld\u00fcr\u0259n el\u0259 onlar oldu. B\u00fct\u00fcn g\u00fcn\u00fc ondan anama, anamdan ona x\u0259b\u0259r apar\u0131rd\u0131lar. Yaz\u0131q ki\u015fi ax\u0131rda \u00f6z\u00fcn\u00fc yand\u0131rd\u0131 da. \u00c7oxlar\u0131 monitor arxas\u0131nda \u015fir olur. Dey\u0259nd\u0259 ki, g\u0259l g\u00f6r\u00fcm, kimsiz, h\u0259min an dov\u015fan olurlar. El\u0259 insanlara dem\u0259k ist\u0259yir\u0259m ki, kim\u0259 n\u0259 m\u0259nim h\u0259yat\u0131mdan? Ki\u015fiy\u0259m, gey\u0259m, transam, \u00f6z\u00fcm bil\u0259r\u0259m. \u015e\u0259rhl\u0259r\u0259 fikir verirdim. Gec\u0259nin bir yar\u0131s\u0131 a\u011f\u0131zlar\u0131na n\u0259 g\u0259ldi yaz\u0131rd\u0131lar\u201d. (Kulis.az)<\/p>\n\n\n\n<p>***<\/p>\n\n\n\n<p>Kulis.az Yetim Eyvaz haqq\u0131nda maraql\u0131 faktlar\u0131 t\u0259qdim edir.<\/p>\n\n\n\n<figure class=\"wp-block-embed is-type-rich is-provider-g-mme-tutucu wp-block-embed-g-mme-tutucu wp-embed-aspect-4-3 wp-has-aspect-ratio\"><div class=\"wp-block-embed__wrapper\">\n<iframe loading=\"lazy\" title=\"O\u011flu Cinsini D\u0259yi\u015fdi. S\u0259si Batd\u0131.  H\u0259yat Yolda\u015f\u0131 Ondan Niy\u0259 Ayr\u0131ld\u0131? - Yetim Eyvaz - Maraql\u0131 Faktlar\" width=\"500\" height=\"375\" src=\"https:\/\/www.youtube.com\/embed\/hUCbLe4Q5iY?feature=oembed\" frameborder=\"0\" allow=\"accelerometer; autoplay; clipboard-write; encrypted-media; gyroscope; picture-in-picture; web-share\" referrerpolicy=\"strict-origin-when-cross-origin\" allowfullscreen><\/iframe>\n<\/div><\/figure>\n","protected":false},"excerpt":{"rendered":"<p>Yetim Eyvaz t\u0259x\u0259ll\u00fcs\u00fc il\u0259 tan\u0131nan \u015fair Eyvaz Qurbanov haqq\u0131nda maraql\u0131 faktlar\u0131 t\u0259qdim ediik. Eyvaz Qurbanov 26 fevral, 1952-ci ild\u0259 do\u011fulub. B\u00fct\u00fcn m\u0259nb\u0259l\u0259rd\u0259 onun Siy\u0259z\u0259nd\u0259 do\u011fuldu\u011fu deyils\u0259 d\u0259, 2012-ci ild\u0259 verdiyi m\u00fcsahib\u0259d\u0259 o, indiki \u015eabran, ke\u00e7mi\u015f D\u0259v\u0259\u00e7i rayonunda anadan oldu\u011funu deyib. *** Onun 40 ya\u015f\u0131n\u0131n tamam oldu\u011fu g\u00fcn Xocal\u0131 faci\u0259si ba\u015f verir v\u0259 Eyvaz\u0131n 40 ya\u015f\u0131ndan &hellip;<\/p>\n","protected":false},"author":1,"featured_media":15954,"comment_status":"open","ping_status":"closed","sticky":false,"template":"","format":"standard","meta":{"footnotes":""},"categories":[6,3],"tags":[],"class_list":["post-15953","post","type-post","status-publish","format-standard","has-post-thumbnail","hentry","category-maqazin","category-olke"],"_links":{"self":[{"href":"https:\/\/millitv.net\/index.php?rest_route=\/wp\/v2\/posts\/15953","targetHints":{"allow":["GET"]}}],"collection":[{"href":"https:\/\/millitv.net\/index.php?rest_route=\/wp\/v2\/posts"}],"about":[{"href":"https:\/\/millitv.net\/index.php?rest_route=\/wp\/v2\/types\/post"}],"author":[{"embeddable":true,"href":"https:\/\/millitv.net\/index.php?rest_route=\/wp\/v2\/users\/1"}],"replies":[{"embeddable":true,"href":"https:\/\/millitv.net\/index.php?rest_route=%2Fwp%2Fv2%2Fcomments&post=15953"}],"version-history":[{"count":1,"href":"https:\/\/millitv.net\/index.php?rest_route=\/wp\/v2\/posts\/15953\/revisions"}],"predecessor-version":[{"id":15956,"href":"https:\/\/millitv.net\/index.php?rest_route=\/wp\/v2\/posts\/15953\/revisions\/15956"}],"wp:featuredmedia":[{"embeddable":true,"href":"https:\/\/millitv.net\/index.php?rest_route=\/wp\/v2\/media\/15954"}],"wp:attachment":[{"href":"https:\/\/millitv.net\/index.php?rest_route=%2Fwp%2Fv2%2Fmedia&parent=15953"}],"wp:term":[{"taxonomy":"category","embeddable":true,"href":"https:\/\/millitv.net\/index.php?rest_route=%2Fwp%2Fv2%2Fcategories&post=15953"},{"taxonomy":"post_tag","embeddable":true,"href":"https:\/\/millitv.net\/index.php?rest_route=%2Fwp%2Fv2%2Ftags&post=15953"}],"curies":[{"name":"wp","href":"https:\/\/api.w.org\/{rel}","templated":true}]}}