{"id":15930,"date":"2024-10-28T10:57:13","date_gmt":"2024-10-28T10:57:13","guid":{"rendered":"https:\/\/millitv.net\/?p=15930"},"modified":"2024-10-28T10:57:14","modified_gmt":"2024-10-28T10:57:14","slug":"az%C9%99rbaycan-kisisi-hambal-olmalidir-qadini-is%C9%99-xalq-artisti","status":"publish","type":"post","link":"https:\/\/millitv.net\/?p=15930","title":{"rendered":"\u201cAz\u0259rbaycan ki\u015fisi hambal olmal\u0131d\u0131r, qad\u0131n\u0131 is\u0259&#8230;\u201d &#8211; Xalq artisti"},"content":{"rendered":"\n<p><strong>&#8220;Babam h\u0259mmi\u015f\u0259 biz\u0259 deyirdi ki, siz o\u011flanlar bilin ki oxusan\u0131z da bel\u0259 sizin aln\u0131n\u0131za n\u00f6k\u0259rlik, k\u00f6l\u0259lik, qulluq yaz\u0131l\u0131b. Y\u0259ni g\u0259l\u0259c\u0259kd\u0259 sizin taleyiniz bel\u0259 olacaq. Y\u0259ni s\u0259n ev\u0259 d\u0259 s\u0259n baxmal\u0131san, bazarl\u0131\u011f\u0131 da s\u0259n etm\u0259lis\u0259n. M\u0259nim babam da, atam da v\u0259 m\u0259n d\u0259 bel\u0259 olmu\u015fam&#8221;.&nbsp;<\/strong><\/p>\n\n\n\n<p>Millitv.net olay-a istinad\u0259n bildirir ki, bu s\u00f6zl\u0259ri Xalq artisti \u0130lham Namiq Kamal qonaq oldu\u011fu &#8220;YouTube&#8221;da yay\u0131mlanan &#8220;K\u00fcnc-Bucaq&#8221; layih\u0259sind\u0259 deyib.<\/p>\n\n\n\n<p>Akademik Musiqili Teatr\u0131n\u0131n aktyoru bildirib ki, az\u0259rbaycan ki\u015fisi hambal olmal\u0131d\u0131r:<\/p>\n\n\n\n<p>&#8220;Az\u0259rbaycan ki\u015fisi hambal kimi olmal\u0131d\u0131r. B\u0259li, \u0259sl ki\u015fi hambal olmal\u0131d\u0131r v\u0259 hamballar\u0131n q\u0259drini bilm\u0259k laz\u0131md\u0131r. Amma m\u0259n e\u015fidir\u0259m ki, el\u0259 xan\u0131mlar var ki, hamballar\u0131n q\u0259drini bilmirl\u0259r. M\u0259n ail\u0259nin hambal\u0131ndan dan\u0131\u015f\u0131ram. Ail\u0259nin hambal\u0131 ail\u0259nin qalxan\u0131, can g\u00fcd\u0259nidir. Qad\u0131n da ail\u0259nin bi\u015f-d\u00fc\u015f\u00fcr\u00fc olmal\u0131d\u0131r&#8221;.<\/p>\n\n\n\n<p><a href=\"https:\/\/newstube.az\/embed\/173774\" target=\"_blank\" rel=\"noopener\">https:\/\/newstube.az\/embed\/173774<\/a><\/p>\n","protected":false},"excerpt":{"rendered":"<p>&#8220;Babam h\u0259mmi\u015f\u0259 biz\u0259 deyirdi ki, siz o\u011flanlar bilin ki oxusan\u0131z da bel\u0259 sizin aln\u0131n\u0131za n\u00f6k\u0259rlik, k\u00f6l\u0259lik, qulluq yaz\u0131l\u0131b. Y\u0259ni g\u0259l\u0259c\u0259kd\u0259 sizin taleyiniz bel\u0259 olacaq. Y\u0259ni s\u0259n ev\u0259 d\u0259 s\u0259n baxmal\u0131san, bazarl\u0131\u011f\u0131 da s\u0259n etm\u0259lis\u0259n. M\u0259nim babam da, atam da v\u0259 m\u0259n d\u0259 bel\u0259 olmu\u015fam&#8221;.&nbsp; Millitv.net olay-a istinad\u0259n bildirir ki, bu s\u00f6zl\u0259ri Xalq artisti \u0130lham Namiq &hellip;<\/p>\n","protected":false},"author":1,"featured_media":15931,"comment_status":"open","ping_status":"closed","sticky":false,"template":"","format":"standard","meta":{"footnotes":""},"categories":[6],"tags":[],"class_list":["post-15930","post","type-post","status-publish","format-standard","has-post-thumbnail","hentry","category-maqazin"],"_links":{"self":[{"href":"https:\/\/millitv.net\/index.php?rest_route=\/wp\/v2\/posts\/15930","targetHints":{"allow":["GET"]}}],"collection":[{"href":"https:\/\/millitv.net\/index.php?rest_route=\/wp\/v2\/posts"}],"about":[{"href":"https:\/\/millitv.net\/index.php?rest_route=\/wp\/v2\/types\/post"}],"author":[{"embeddable":true,"href":"https:\/\/millitv.net\/index.php?rest_route=\/wp\/v2\/users\/1"}],"replies":[{"embeddable":true,"href":"https:\/\/millitv.net\/index.php?rest_route=%2Fwp%2Fv2%2Fcomments&post=15930"}],"version-history":[{"count":1,"href":"https:\/\/millitv.net\/index.php?rest_route=\/wp\/v2\/posts\/15930\/revisions"}],"predecessor-version":[{"id":15932,"href":"https:\/\/millitv.net\/index.php?rest_route=\/wp\/v2\/posts\/15930\/revisions\/15932"}],"wp:featuredmedia":[{"embeddable":true,"href":"https:\/\/millitv.net\/index.php?rest_route=\/wp\/v2\/media\/15931"}],"wp:attachment":[{"href":"https:\/\/millitv.net\/index.php?rest_route=%2Fwp%2Fv2%2Fmedia&parent=15930"}],"wp:term":[{"taxonomy":"category","embeddable":true,"href":"https:\/\/millitv.net\/index.php?rest_route=%2Fwp%2Fv2%2Fcategories&post=15930"},{"taxonomy":"post_tag","embeddable":true,"href":"https:\/\/millitv.net\/index.php?rest_route=%2Fwp%2Fv2%2Ftags&post=15930"}],"curies":[{"name":"wp","href":"https:\/\/api.w.org\/{rel}","templated":true}]}}