{"id":15905,"date":"2024-10-28T09:29:27","date_gmt":"2024-10-28T09:29:27","guid":{"rendered":"https:\/\/millitv.net\/?p=15905"},"modified":"2024-10-28T09:29:28","modified_gmt":"2024-10-28T09:29:28","slug":"onlari-liftd%C9%99-gor%C9%99nd%C9%99-m%C9%99ni-%C9%99sm%C9%99-tutdu","status":"publish","type":"post","link":"https:\/\/millitv.net\/?p=15905","title":{"rendered":"&#8220;Onlar\u0131 liftd\u0259 g\u00f6r\u0259nd\u0259 m\u0259ni \u0259sm\u0259 tutdu&#8221;"},"content":{"rendered":"\n<p><strong>&#8220;2018-ci ild\u0259 \u0130taliyada konsertimiz olanda erm\u0259nil\u0259r provokasiyalar etdil\u0259r. H\u0259r vasit\u0259d\u0259n istifad\u0259 etdil\u0259r ki, bizim konsertimiz ba\u015f tutmas\u0131n&#8221;.<\/strong><\/p>\n\n\n\n<p><strong>Musavat.com<\/strong>&nbsp;x\u0259b\u0259r verir ki, bunu \u018fm\u0259kdar artist \u0130lkin \u018fhm\u0259dov deyib.<\/p>\n\n\n\n<p>Xan\u0259nd\u0259 bildirib ki, Fransada da az\u0259rbaycanl\u0131 s\u0259n\u0259tkarlar erm\u0259nil\u0259rin t\u0259xribat\u0131 il\u0259 \u00fczl\u0259\u015fibl\u0259r.<\/p>\n\n\n\n<p>&#8220;V\u0259t\u0259n m\u00fcharib\u0259sind\u0259n sonra is\u0259 v\u0259ziyy\u0259t d\u0259yi\u015fib. He\u00e7 biri \u00fcz\u0259 \u00e7\u0131xm\u0131r. \u0130ndi onlar\u0131n \u00fcz\u00fc yoxdur. X\u0259cal\u0259td\u0259n \u00f6l\u00fcrl\u0259r. Ordu dedikl\u0259ri terror\u00e7u qruplar\u0131n Az\u0259rbaycan t\u0259r\u0259find\u0259n m\u0259hvi erm\u0259nil\u0259r\u0259 \u00e7ox b\u00f6y\u00fck z\u0259rb\u0259 olub. H\u0259dl\u0259rini bildirdik, dedik, ay murdarlar, gedin yerinizd\u0259 oturun. Terror\u00e7u tayfas\u0131 yeti\u015fdir\u0259n ki\u00e7ik qrupsunuz.<\/p>\n\n\n\n<p>M\u00fcharib\u0259d\u0259n \u00f6nc\u0259 Pekind\u0259 t\u0259dbird\u0259 idik. Qald\u0131\u011f\u0131m\u0131z hoteld\u0259 s\u0259n dem\u0259 m\u0259nfurlardan da varm\u0131\u015f. Liftd\u0259 olark\u0259n 2-3 n\u0259f\u0259r d\u0259 biziml\u0259 birlikd\u0259 qalxd\u0131. Onlar d\u00fc\u015f\u00fcb ged\u0259nd\u0259n sonra b\u0259l\u0259d\u00e7imiz dedi ki, h\u0259min \u015f\u0259xsl\u0259r erm\u0259nil\u0259r imi\u015f. Bunu bil\u0259nd\u0259 m\u0259ni \u0259sm\u0259 tutdu ki, g\u00f6r hans\u0131 murdarlarla birg\u0259 lift\u0259 minmi\u015f\u0259m. H\u0259min g\u00fcn \u00e7ox sars\u0131nt\u0131 ke\u00e7irdim. Dedim, g\u00f6r nec\u0259 murdarlar\u0131n qar\u015f\u0131s\u0131nda aciz qalm\u0131\u015f\u0131q. Amma indi qar\u015f\u0131ma \u00e7\u0131xm\u0131rlar, m\u0259\u011flub olmalar\u0131ndan utan\u0131rlar&#8221;, &#8211;&nbsp;\u0130lkin \u018fhm\u0259dov qeyd edib.<\/p>\n","protected":false},"excerpt":{"rendered":"<p>&#8220;2018-ci ild\u0259 \u0130taliyada konsertimiz olanda erm\u0259nil\u0259r provokasiyalar etdil\u0259r. H\u0259r vasit\u0259d\u0259n istifad\u0259 etdil\u0259r ki, bizim konsertimiz ba\u015f tutmas\u0131n&#8221;. Musavat.com&nbsp;x\u0259b\u0259r verir ki, bunu \u018fm\u0259kdar artist \u0130lkin \u018fhm\u0259dov deyib. Xan\u0259nd\u0259 bildirib ki, Fransada da az\u0259rbaycanl\u0131 s\u0259n\u0259tkarlar erm\u0259nil\u0259rin t\u0259xribat\u0131 il\u0259 \u00fczl\u0259\u015fibl\u0259r. &#8220;V\u0259t\u0259n m\u00fcharib\u0259sind\u0259n sonra is\u0259 v\u0259ziyy\u0259t d\u0259yi\u015fib. He\u00e7 biri \u00fcz\u0259 \u00e7\u0131xm\u0131r. \u0130ndi onlar\u0131n \u00fcz\u00fc yoxdur. X\u0259cal\u0259td\u0259n \u00f6l\u00fcrl\u0259r. Ordu dedikl\u0259ri &hellip;<\/p>\n","protected":false},"author":1,"featured_media":15906,"comment_status":"open","ping_status":"closed","sticky":false,"template":"","format":"standard","meta":{"footnotes":""},"categories":[6,3],"tags":[],"class_list":["post-15905","post","type-post","status-publish","format-standard","has-post-thumbnail","hentry","category-maqazin","category-olke"],"_links":{"self":[{"href":"https:\/\/millitv.net\/index.php?rest_route=\/wp\/v2\/posts\/15905","targetHints":{"allow":["GET"]}}],"collection":[{"href":"https:\/\/millitv.net\/index.php?rest_route=\/wp\/v2\/posts"}],"about":[{"href":"https:\/\/millitv.net\/index.php?rest_route=\/wp\/v2\/types\/post"}],"author":[{"embeddable":true,"href":"https:\/\/millitv.net\/index.php?rest_route=\/wp\/v2\/users\/1"}],"replies":[{"embeddable":true,"href":"https:\/\/millitv.net\/index.php?rest_route=%2Fwp%2Fv2%2Fcomments&post=15905"}],"version-history":[{"count":1,"href":"https:\/\/millitv.net\/index.php?rest_route=\/wp\/v2\/posts\/15905\/revisions"}],"predecessor-version":[{"id":15907,"href":"https:\/\/millitv.net\/index.php?rest_route=\/wp\/v2\/posts\/15905\/revisions\/15907"}],"wp:featuredmedia":[{"embeddable":true,"href":"https:\/\/millitv.net\/index.php?rest_route=\/wp\/v2\/media\/15906"}],"wp:attachment":[{"href":"https:\/\/millitv.net\/index.php?rest_route=%2Fwp%2Fv2%2Fmedia&parent=15905"}],"wp:term":[{"taxonomy":"category","embeddable":true,"href":"https:\/\/millitv.net\/index.php?rest_route=%2Fwp%2Fv2%2Fcategories&post=15905"},{"taxonomy":"post_tag","embeddable":true,"href":"https:\/\/millitv.net\/index.php?rest_route=%2Fwp%2Fv2%2Ftags&post=15905"}],"curies":[{"name":"wp","href":"https:\/\/api.w.org\/{rel}","templated":true}]}}