{"id":15865,"date":"2024-10-25T20:07:10","date_gmt":"2024-10-25T20:07:10","guid":{"rendered":"https:\/\/millitv.net\/?p=15865"},"modified":"2024-10-25T20:07:11","modified_gmt":"2024-10-25T20:07:11","slug":"m%C9%99n-el%C9%99-bilirdim-erm%C9%99nil%C9%99ri-bagislamaram-indi-is%C9%99-faiq-agayevd%C9%99n-sok-etiraflar","status":"publish","type":"post","link":"https:\/\/millitv.net\/?p=15865","title":{"rendered":"&#8220;M\u0259n el\u0259 bilirdim, erm\u0259nil\u0259ri ba\u011f\u0131\u015flamaram. \u0130ndi is\u0259&#8230;&#8221; &#8211; Faiq A\u011fayevd\u0259n \u015eOK ET\u0130RAFLAR"},"content":{"rendered":"\n<p><strong>\u201cPis v\u0259rdi\u015fl\u0259rim var. O da siqaret \u00e7\u0259km\u0259kdir. \u00c7ox pis v\u0259rdi\u015fdir. Amma onu azaltma\u011fa ba\u015flam\u0131\u015fam. \u00d6z\u00fcm\u00fc s\u00f6z vermi\u015f\u0259m ki, h\u0259r saatda bir d\u0259f\u0259 \u00e7\u0259k\u0259c\u0259y\u0259m. Yava\u015f-yava\u015f azald\u0131b, yox ed\u0259c\u0259y\u0259m\u201d.<\/strong><\/p>\n\n\n\n<p>Millitv.net olay-a istinadla x\u0259b\u0259r verir ki, bunu Xalq artisti Faiq A\u011fayev RTV-d\u0259 yay\u0131mlanan \u201c\u00c7\u0259r\u00e7iv\u0259d\u0259n k\u0259nar\u201d verili\u015find\u0259 deyib.<\/p>\n\n\n\n<p>O bildirib: \u201cQar\u0131nqululuq pis v\u0259rdi\u015fdir? M\u0259nd\u0259n hiss olunmur (g\u00fcl\u00fcr). Qar\u0131nqulunun pad\u015fah\u0131yam. Dadl\u0131 yem\u0259kl\u0259ri sevir\u0259m. Yem\u0259kd\u0259n z\u00f6vq al\u0131ram. M\u0259n l\u0259l\u00f6y\u00fcn\u0259m\u201d.<\/p>\n\n\n\n<figure class=\"wp-block-embed is-type-video is-provider-youtube wp-block-embed-youtube wp-embed-aspect-16-9 wp-has-aspect-ratio\"><div class=\"wp-block-embed__wrapper\">\n<iframe loading=\"lazy\" title=\"&quot;M\u0259n el\u0259 bilirdim, erm\u0259nil\u0259ri ba\u011f\u0131\u015flamaram. \u0130ndi is\u0259...&quot; - Faiq A\u011fayev - \u201c\u00c7\u0259r\u00e7iv\u0259d\u0259n k\u0259nar\u201d - RTV\" width=\"500\" height=\"281\" src=\"https:\/\/www.youtube.com\/embed\/4_oBmIGdIPE?feature=oembed\" frameborder=\"0\" allow=\"accelerometer; autoplay; clipboard-write; encrypted-media; gyroscope; picture-in-picture; web-share\" referrerpolicy=\"strict-origin-when-cross-origin\" allowfullscreen><\/iframe>\n<\/div><\/figure>\n","protected":false},"excerpt":{"rendered":"<p>\u201cPis v\u0259rdi\u015fl\u0259rim var. O da siqaret \u00e7\u0259km\u0259kdir. \u00c7ox pis v\u0259rdi\u015fdir. Amma onu azaltma\u011fa ba\u015flam\u0131\u015fam. \u00d6z\u00fcm\u00fc s\u00f6z vermi\u015f\u0259m ki, h\u0259r saatda bir d\u0259f\u0259 \u00e7\u0259k\u0259c\u0259y\u0259m. Yava\u015f-yava\u015f azald\u0131b, yox ed\u0259c\u0259y\u0259m\u201d. Millitv.net olay-a istinadla x\u0259b\u0259r verir ki, bunu Xalq artisti Faiq A\u011fayev RTV-d\u0259 yay\u0131mlanan \u201c\u00c7\u0259r\u00e7iv\u0259d\u0259n k\u0259nar\u201d verili\u015find\u0259 deyib. O bildirib: \u201cQar\u0131nqululuq pis v\u0259rdi\u015fdir? M\u0259nd\u0259n hiss olunmur (g\u00fcl\u00fcr). Qar\u0131nqulunun pad\u015fah\u0131yam. &hellip;<\/p>\n","protected":false},"author":1,"featured_media":15867,"comment_status":"open","ping_status":"closed","sticky":false,"template":"","format":"standard","meta":{"footnotes":""},"categories":[6,3],"tags":[],"class_list":["post-15865","post","type-post","status-publish","format-standard","has-post-thumbnail","hentry","category-maqazin","category-olke"],"_links":{"self":[{"href":"https:\/\/millitv.net\/index.php?rest_route=\/wp\/v2\/posts\/15865","targetHints":{"allow":["GET"]}}],"collection":[{"href":"https:\/\/millitv.net\/index.php?rest_route=\/wp\/v2\/posts"}],"about":[{"href":"https:\/\/millitv.net\/index.php?rest_route=\/wp\/v2\/types\/post"}],"author":[{"embeddable":true,"href":"https:\/\/millitv.net\/index.php?rest_route=\/wp\/v2\/users\/1"}],"replies":[{"embeddable":true,"href":"https:\/\/millitv.net\/index.php?rest_route=%2Fwp%2Fv2%2Fcomments&post=15865"}],"version-history":[{"count":1,"href":"https:\/\/millitv.net\/index.php?rest_route=\/wp\/v2\/posts\/15865\/revisions"}],"predecessor-version":[{"id":15868,"href":"https:\/\/millitv.net\/index.php?rest_route=\/wp\/v2\/posts\/15865\/revisions\/15868"}],"wp:featuredmedia":[{"embeddable":true,"href":"https:\/\/millitv.net\/index.php?rest_route=\/wp\/v2\/media\/15867"}],"wp:attachment":[{"href":"https:\/\/millitv.net\/index.php?rest_route=%2Fwp%2Fv2%2Fmedia&parent=15865"}],"wp:term":[{"taxonomy":"category","embeddable":true,"href":"https:\/\/millitv.net\/index.php?rest_route=%2Fwp%2Fv2%2Fcategories&post=15865"},{"taxonomy":"post_tag","embeddable":true,"href":"https:\/\/millitv.net\/index.php?rest_route=%2Fwp%2Fv2%2Ftags&post=15865"}],"curies":[{"name":"wp","href":"https:\/\/api.w.org\/{rel}","templated":true}]}}