{"id":15861,"date":"2024-10-25T20:01:55","date_gmt":"2024-10-25T20:01:55","guid":{"rendered":"https:\/\/millitv.net\/?p=15861"},"modified":"2024-10-25T20:01:57","modified_gmt":"2024-10-25T20:01:57","slug":"o-elcilikd%C9%99-deyildi-ki-bizim-it%C9%99-verm%C9%99y%C9%99-adamimiz-olar-amma-yetim%C9%99-verm%C9%99y%C9%99-qizimiz-yoxdur","status":"publish","type":"post","link":"https:\/\/millitv.net\/?p=15861","title":{"rendered":"\u201cO el\u00e7ilikd\u0259 deyildi ki, bizim it\u0259 verm\u0259y\u0259 adam\u0131m\u0131z olar, amma yetim\u0259 verm\u0259y\u0259 q\u0131z\u0131m\u0131z yoxdur&#8221;"},"content":{"rendered":"\n<p>\u201cM\u0259nim g\u00fcnah\u0131md\u0131r da, boynuma al\u0131ram. M\u0259n niy\u0259 o ya\u015flarda anam\u0131 m\u0259cbur edib el\u00e7i g\u00f6nd\u0259rm\u0259li idim?!\u201d<\/p>\n\n\n\n<p>News24.az x\u0259b\u0259r verir ki, bunu &#8220;Liatris&#8221; Holdinqin r\u0259hb\u0259ri, tan\u0131nm\u0131\u015f i\u015f xan\u0131m\u0131 Ruhiyy\u0259 \u018fliyevan\u0131n yeni layih\u0259si olan &#8220;Qaranl\u0131qda h\u0259qiq\u0259t&#8221;in qona\u011f\u0131 \u015fair M\u0259mm\u0259d \u0130smay\u0131l deyib.<\/p>\n\n\n\n<p>\u015eair h\u0259min&nbsp;el\u00e7ilikd\u0259 onlara qar\u015f\u0131 a\u011f\u0131r s\u00f6z deyildiyini bildirib:<\/p>\n\n\n\n<p>\u201cO el\u00e7ilikd\u0259 deyildi ki, bizim it\u0259 verm\u0259y\u0259 adam\u0131m\u0131z olar, amma yetim\u0259 verm\u0259y\u0259 q\u0131z\u0131m\u0131z yoxdur. Anam el\u00e7ilikd\u0259n g\u0259ldikd\u0259n sonra 3 g\u00fcn 3 gec\u0259 g\u00f6z ya\u015flar\u0131 il\u0259 deyirdi ki, gorun \u00e7atlas\u0131n ay M\u00fcr\u015fid (atas\u0131), g\u00f6r n\u0259 g\u00fcnl\u0259r\u0259 qald\u0131q ki, s\u0259nin o\u011fluna, q\u0131z\u0131l g\u00f6zl\u00fc balana q\u0131z verm\u0259dil\u0259r. Sevdi, amma ona q\u0131z verm\u0259dil\u0259r\u201d.<\/p>\n\n\n\n<p>Daha \u0259trafl\u0131&nbsp;<a href=\"https:\/\/youtu.be\/LBi_yJ-L-bw?si=6ZpXgpwIj3b7QZSa\" target=\"_blank\" rel=\"noopener\">RTV<\/a>-d\u0259 izl\u0259y\u0259 bil\u0259rsiniz.<\/p>\n\n\n\n<figure class=\"wp-block-embed is-type-video is-provider-youtube wp-block-embed-youtube wp-embed-aspect-16-9 wp-has-aspect-ratio\"><div class=\"wp-block-embed__wrapper\">\n<iframe loading=\"lazy\" title=\"&quot;M\u0259mm\u0259d \u0130smay\u0131la xalq \u015fairi ad\u0131 laz\u0131m deyil&quot;- Professor \u0130lham R\u0259himov - QARANLIQDA H\u018fQ\u0130Q\u018fT\" width=\"500\" height=\"281\" src=\"https:\/\/www.youtube.com\/embed\/LBi_yJ-L-bw?feature=oembed\" frameborder=\"0\" allow=\"accelerometer; autoplay; clipboard-write; encrypted-media; gyroscope; picture-in-picture; web-share\" referrerpolicy=\"strict-origin-when-cross-origin\" allowfullscreen><\/iframe>\n<\/div><\/figure>\n","protected":false},"excerpt":{"rendered":"<p>\u201cM\u0259nim g\u00fcnah\u0131md\u0131r da, boynuma al\u0131ram. M\u0259n niy\u0259 o ya\u015flarda anam\u0131 m\u0259cbur edib el\u00e7i g\u00f6nd\u0259rm\u0259li idim?!\u201d News24.az x\u0259b\u0259r verir ki, bunu &#8220;Liatris&#8221; Holdinqin r\u0259hb\u0259ri, tan\u0131nm\u0131\u015f i\u015f xan\u0131m\u0131 Ruhiyy\u0259 \u018fliyevan\u0131n yeni layih\u0259si olan &#8220;Qaranl\u0131qda h\u0259qiq\u0259t&#8221;in qona\u011f\u0131 \u015fair M\u0259mm\u0259d \u0130smay\u0131l deyib. \u015eair h\u0259min&nbsp;el\u00e7ilikd\u0259 onlara qar\u015f\u0131 a\u011f\u0131r s\u00f6z deyildiyini bildirib: \u201cO el\u00e7ilikd\u0259 deyildi ki, bizim it\u0259 verm\u0259y\u0259 adam\u0131m\u0131z olar, &hellip;<\/p>\n","protected":false},"author":1,"featured_media":15863,"comment_status":"open","ping_status":"closed","sticky":false,"template":"","format":"standard","meta":{"footnotes":""},"categories":[6,3],"tags":[],"class_list":["post-15861","post","type-post","status-publish","format-standard","has-post-thumbnail","hentry","category-maqazin","category-olke"],"_links":{"self":[{"href":"https:\/\/millitv.net\/index.php?rest_route=\/wp\/v2\/posts\/15861","targetHints":{"allow":["GET"]}}],"collection":[{"href":"https:\/\/millitv.net\/index.php?rest_route=\/wp\/v2\/posts"}],"about":[{"href":"https:\/\/millitv.net\/index.php?rest_route=\/wp\/v2\/types\/post"}],"author":[{"embeddable":true,"href":"https:\/\/millitv.net\/index.php?rest_route=\/wp\/v2\/users\/1"}],"replies":[{"embeddable":true,"href":"https:\/\/millitv.net\/index.php?rest_route=%2Fwp%2Fv2%2Fcomments&post=15861"}],"version-history":[{"count":1,"href":"https:\/\/millitv.net\/index.php?rest_route=\/wp\/v2\/posts\/15861\/revisions"}],"predecessor-version":[{"id":15864,"href":"https:\/\/millitv.net\/index.php?rest_route=\/wp\/v2\/posts\/15861\/revisions\/15864"}],"wp:featuredmedia":[{"embeddable":true,"href":"https:\/\/millitv.net\/index.php?rest_route=\/wp\/v2\/media\/15863"}],"wp:attachment":[{"href":"https:\/\/millitv.net\/index.php?rest_route=%2Fwp%2Fv2%2Fmedia&parent=15861"}],"wp:term":[{"taxonomy":"category","embeddable":true,"href":"https:\/\/millitv.net\/index.php?rest_route=%2Fwp%2Fv2%2Fcategories&post=15861"},{"taxonomy":"post_tag","embeddable":true,"href":"https:\/\/millitv.net\/index.php?rest_route=%2Fwp%2Fv2%2Ftags&post=15861"}],"curies":[{"name":"wp","href":"https:\/\/api.w.org\/{rel}","templated":true}]}}