{"id":15836,"date":"2024-10-21T08:33:53","date_gmt":"2024-10-21T08:33:53","guid":{"rendered":"https:\/\/millitv.net\/?p=15836"},"modified":"2024-10-21T08:33:54","modified_gmt":"2024-10-21T08:33:54","slug":"s%C9%99yyadin-olumund%C9%99n-sonra-x%C9%99cal%C9%99t-c%C9%99kirik-biri-birimizin-evin%C9%99-getm%C9%99y%C9%99-d%C9%99-utaniriq","status":"publish","type":"post","link":"https:\/\/millitv.net\/?p=15836","title":{"rendered":"&#8220;S\u0259yyad\u0131n \u00f6l\u00fcm\u00fcnd\u0259n sonra x\u0259cal\u0259t \u00e7\u0259kirik, biri-birimizin evin\u0259 getm\u0259y\u0259 d\u0259 utan\u0131r\u0131q&#8221;"},"content":{"rendered":"\n<p><strong>&#8220;S\u0259yyad\u0131n \u00f6l\u00fcm\u00fcnd\u0259n sonra ham\u0131m\u0131z par\u00e7aland\u0131q. Biri-birimizin evin\u0259 getm\u0259y\u0259 d\u0259 utan\u0131r\u0131q. El\u0259 bil onun \u00f6l\u00fcm\u00fcnd\u0259 biz g\u00fcnahkar\u0131q. Ham\u0131m\u0131z x\u0259cal\u0259t \u00e7\u0259kirik ki, ona k\u00f6m\u0259k ed\u0259, ya\u015fada bilm\u0259dik. Amma o k\u00f6m\u0259k ed\u0259rdi&#8221;.<\/strong><\/p>\n\n\n\n<p>Millitv.net Ax\u015fam.az-a istinadla x\u0259b\u0259r verir ki, bu s\u00f6zl\u0259ri m\u0259rhum m\u00fc\u011f\u0259nni S\u0259yyad \u018flizad\u0259nin bac\u0131s\u0131 &#8220;X\u0259z\u0259r ax\u015fam\u0131&#8221; verili\u015fin\u0259 m\u00fcsahib\u0259sind\u0259 deyib. S\u0259n\u0259t\u00e7inin \u00f6vlad\u0131 Atab\u0259y is\u0259 \u0259kiz qarda\u015f\u0131 M\u0259h\u0259mm\u0259din m\u0259zar\u0131 \u00f6n\u00fcnd\u0259 onun \u00f6l\u00fcm\u00fcnd\u0259n dan\u0131\u015f\u0131b:<\/p>\n\n\n\n<p>&#8220;Qarda\u015f\u0131m 2006-c\u0131 ild\u0259 1 ya\u015f\u0131nda qaraciy\u0259r \u00e7at\u0131\u015fmazl\u0131\u011f\u0131ndan v\u0259fat edib. O d\u00fcnyas\u0131n\u0131 d\u0259yi\u015f\u0259nd\u0259n sonra atam depressiyaya d\u00fc\u015fd\u00fc. Atam qarda\u015f\u0131m\u0131n 3 b\u00f6y\u00fck portretini \u00e7\u0259kdirmi\u015fdi. Amma \u00fcr\u0259yind\u0259ki alovu s\u00f6nm\u00fcrd\u00fc. 2007-ci ild\u0259 &#8220;S\u0259ni m\u0259n \u00e7ox axtarm\u0131\u015fam&#8221; mahn\u0131s\u0131 yazd\u0131rd\u0131. Bu mahn\u0131 qarda\u015f\u0131ma h\u0259sr olunub&#8221;.<\/p>\n\n\n\n<p>Qeyd ed\u0259k ki, S\u0259yyad \u018flizad\u0259 2021-ci ilin sentyabr\u0131nda koronavirusdan d\u00fcnyas\u0131n\u0131 d\u0259yi\u015fib.<\/p>\n","protected":false},"excerpt":{"rendered":"<p>&#8220;S\u0259yyad\u0131n \u00f6l\u00fcm\u00fcnd\u0259n sonra ham\u0131m\u0131z par\u00e7aland\u0131q. Biri-birimizin evin\u0259 getm\u0259y\u0259 d\u0259 utan\u0131r\u0131q. El\u0259 bil onun \u00f6l\u00fcm\u00fcnd\u0259 biz g\u00fcnahkar\u0131q. Ham\u0131m\u0131z x\u0259cal\u0259t \u00e7\u0259kirik ki, ona k\u00f6m\u0259k ed\u0259, ya\u015fada bilm\u0259dik. Amma o k\u00f6m\u0259k ed\u0259rdi&#8221;. Millitv.net Ax\u015fam.az-a istinadla x\u0259b\u0259r verir ki, bu s\u00f6zl\u0259ri m\u0259rhum m\u00fc\u011f\u0259nni S\u0259yyad \u018flizad\u0259nin bac\u0131s\u0131 &#8220;X\u0259z\u0259r ax\u015fam\u0131&#8221; verili\u015fin\u0259 m\u00fcsahib\u0259sind\u0259 deyib. S\u0259n\u0259t\u00e7inin \u00f6vlad\u0131 Atab\u0259y is\u0259 \u0259kiz qarda\u015f\u0131 M\u0259h\u0259mm\u0259din m\u0259zar\u0131 &hellip;<\/p>\n","protected":false},"author":1,"featured_media":15837,"comment_status":"open","ping_status":"closed","sticky":false,"template":"","format":"standard","meta":{"footnotes":""},"categories":[6,3],"tags":[],"class_list":["post-15836","post","type-post","status-publish","format-standard","has-post-thumbnail","hentry","category-maqazin","category-olke"],"_links":{"self":[{"href":"https:\/\/millitv.net\/index.php?rest_route=\/wp\/v2\/posts\/15836","targetHints":{"allow":["GET"]}}],"collection":[{"href":"https:\/\/millitv.net\/index.php?rest_route=\/wp\/v2\/posts"}],"about":[{"href":"https:\/\/millitv.net\/index.php?rest_route=\/wp\/v2\/types\/post"}],"author":[{"embeddable":true,"href":"https:\/\/millitv.net\/index.php?rest_route=\/wp\/v2\/users\/1"}],"replies":[{"embeddable":true,"href":"https:\/\/millitv.net\/index.php?rest_route=%2Fwp%2Fv2%2Fcomments&post=15836"}],"version-history":[{"count":1,"href":"https:\/\/millitv.net\/index.php?rest_route=\/wp\/v2\/posts\/15836\/revisions"}],"predecessor-version":[{"id":15838,"href":"https:\/\/millitv.net\/index.php?rest_route=\/wp\/v2\/posts\/15836\/revisions\/15838"}],"wp:featuredmedia":[{"embeddable":true,"href":"https:\/\/millitv.net\/index.php?rest_route=\/wp\/v2\/media\/15837"}],"wp:attachment":[{"href":"https:\/\/millitv.net\/index.php?rest_route=%2Fwp%2Fv2%2Fmedia&parent=15836"}],"wp:term":[{"taxonomy":"category","embeddable":true,"href":"https:\/\/millitv.net\/index.php?rest_route=%2Fwp%2Fv2%2Fcategories&post=15836"},{"taxonomy":"post_tag","embeddable":true,"href":"https:\/\/millitv.net\/index.php?rest_route=%2Fwp%2Fv2%2Ftags&post=15836"}],"curies":[{"name":"wp","href":"https:\/\/api.w.org\/{rel}","templated":true}]}}