{"id":15777,"date":"2024-10-14T14:31:04","date_gmt":"2024-10-14T14:31:04","guid":{"rendered":"https:\/\/millitv.net\/?p=15777"},"modified":"2024-10-14T14:31:06","modified_gmt":"2024-10-14T14:31:06","slug":"elnar%C9%99-gorun-hansi-m%C9%99shurun-bacisi-qizidir-heyrete-geleceksiniz","status":"publish","type":"post","link":"https:\/\/millitv.net\/?p=15777","title":{"rendered":"Elnar\u0259 g\u00f6r\u00fcn hans\u0131 m\u0259\u015fhurun bac\u0131s\u0131 q\u0131z\u0131d\u0131r &#8211; HEYR\u018fT\u018f G\u018fL\u018fC\u018fKS\u0130N\u0130Z"},"content":{"rendered":"\n<p>G\u0259nc ifa\u00e7\u0131 Minan\u0131n &#8220;5\/5&#8243;d\u0259 etdiyi etiraf h\u0259r k\u0259si m\u0259\u0259tt\u0259l qoyub.<\/p>\n\n\n\n<p>Mina n\u0259sill\u0259rind\u0259n olan m\u0259\u015fhur az\u0259rbaycanl\u0131 s\u0259n\u0259t\u00e7il\u0259rin ad\u0131n\u0131 a\u00e7\u0131qlay\u0131b:&#8221;Bizim n\u0259sild\u0259 m\u0259n t\u0259k deyil\u0259m m\u00fc\u011f\u0259nni. B\u0259st\u0259kar da var, xalq artisti r\u0259qqas da var &#8211; \u018flibaba Abdullayev, xalq artisti. Onun \u0259misi n\u0259v\u0259siy\u0259m. Sonra, b\u0259st\u0259kar Nail\u0259 Mirm\u0259mm\u0259dlinin \u0259misi n\u0259v\u0259siy\u0259m. Elnar\u0259 var, xalam Almaz Sarayl\u0131, do\u011fma xalamd\u0131r&#8221;.<\/p>\n\n\n\n<p>Minan\u0131n son a\u00e7\u0131qlamas\u0131na Zaur Kamal t\u0259\u0259cc\u00fcbl\u0259 &#8220;Almaz Sarayl\u0131? Do\u011frudan?&#8221; reaksiyas\u0131n\u0131 verib. (milli.az)<\/p>\n\n\n\n<figure class=\"wp-block-image\"><img decoding=\"async\" src=\"https:\/\/news24.az\/uploads\/posts\/2024-10\/4d782f16d6c62b4a45e3a411f62fe513.webp\" alt=\"\" title=\"\"><\/figure>\n","protected":false},"excerpt":{"rendered":"<p>G\u0259nc ifa\u00e7\u0131 Minan\u0131n &#8220;5\/5&#8243;d\u0259 etdiyi etiraf h\u0259r k\u0259si m\u0259\u0259tt\u0259l qoyub. Mina n\u0259sill\u0259rind\u0259n olan m\u0259\u015fhur az\u0259rbaycanl\u0131 s\u0259n\u0259t\u00e7il\u0259rin ad\u0131n\u0131 a\u00e7\u0131qlay\u0131b:&#8221;Bizim n\u0259sild\u0259 m\u0259n t\u0259k deyil\u0259m m\u00fc\u011f\u0259nni. B\u0259st\u0259kar da var, xalq artisti r\u0259qqas da var &#8211; \u018flibaba Abdullayev, xalq artisti. Onun \u0259misi n\u0259v\u0259siy\u0259m. Sonra, b\u0259st\u0259kar Nail\u0259 Mirm\u0259mm\u0259dlinin \u0259misi n\u0259v\u0259siy\u0259m. Elnar\u0259 var, xalam Almaz Sarayl\u0131, do\u011fma xalamd\u0131r&#8221;. Minan\u0131n son a\u00e7\u0131qlamas\u0131na &hellip;<\/p>\n","protected":false},"author":1,"featured_media":15778,"comment_status":"open","ping_status":"closed","sticky":false,"template":"","format":"standard","meta":{"footnotes":""},"categories":[6,3],"tags":[],"class_list":["post-15777","post","type-post","status-publish","format-standard","has-post-thumbnail","hentry","category-maqazin","category-olke"],"_links":{"self":[{"href":"https:\/\/millitv.net\/index.php?rest_route=\/wp\/v2\/posts\/15777","targetHints":{"allow":["GET"]}}],"collection":[{"href":"https:\/\/millitv.net\/index.php?rest_route=\/wp\/v2\/posts"}],"about":[{"href":"https:\/\/millitv.net\/index.php?rest_route=\/wp\/v2\/types\/post"}],"author":[{"embeddable":true,"href":"https:\/\/millitv.net\/index.php?rest_route=\/wp\/v2\/users\/1"}],"replies":[{"embeddable":true,"href":"https:\/\/millitv.net\/index.php?rest_route=%2Fwp%2Fv2%2Fcomments&post=15777"}],"version-history":[{"count":1,"href":"https:\/\/millitv.net\/index.php?rest_route=\/wp\/v2\/posts\/15777\/revisions"}],"predecessor-version":[{"id":15779,"href":"https:\/\/millitv.net\/index.php?rest_route=\/wp\/v2\/posts\/15777\/revisions\/15779"}],"wp:featuredmedia":[{"embeddable":true,"href":"https:\/\/millitv.net\/index.php?rest_route=\/wp\/v2\/media\/15778"}],"wp:attachment":[{"href":"https:\/\/millitv.net\/index.php?rest_route=%2Fwp%2Fv2%2Fmedia&parent=15777"}],"wp:term":[{"taxonomy":"category","embeddable":true,"href":"https:\/\/millitv.net\/index.php?rest_route=%2Fwp%2Fv2%2Fcategories&post=15777"},{"taxonomy":"post_tag","embeddable":true,"href":"https:\/\/millitv.net\/index.php?rest_route=%2Fwp%2Fv2%2Ftags&post=15777"}],"curies":[{"name":"wp","href":"https:\/\/api.w.org\/{rel}","templated":true}]}}