{"id":1574,"date":"2023-10-13T23:23:58","date_gmt":"2023-10-13T23:23:58","guid":{"rendered":"https:\/\/millinews.az\/xeber\/oxu-az-iordaniya-israill%C9%99-s%C9%99rh%C9%99dl%C9%99ri-bagladi\/"},"modified":"2023-10-13T23:23:58","modified_gmt":"2023-10-13T23:23:58","slug":"oxu-az-iordaniya-israill%C9%99-s%C9%99rh%C9%99dl%C9%99ri-bagladi","status":"publish","type":"post","link":"https:\/\/millitv.net\/?p=1574","title":{"rendered":"Millinews.az &#8211; \u0130ordaniya \u0130sraill\u0259 s\u0259rh\u0259dl\u0259ri ba\u011flad\u0131"},"content":{"rendered":"<p><img decoding=\"async\" src=\"https:\/\/cdn.oxu.az\/uploads\/W1siZiIsIjIwMjMvMTAvMTQvMDAvNTIvMTUvM2VjYzQ5YWMtOWE3Mi00ZmVlLWFkYjMtOTZiYTQzOTRhZWUzL0ZvdG9KZXQgLSAyMDIzLTEwLTE0VDAwNTIwOC4yODUuanBnIl0sWyJwIiwiZW5jb2RlIiwianBnIiwiLXF1YWxpdHkgODAiXSxbInAiLCJ0aHVtYiIsIjYyMHg0NjVcdTAwM2UiXV0?sha=3015ec66a34505b8\" alt=\"\" title=\"\"><\/p>\n<div><a class=\"subs-in-social subs-whatsapp\" href=\"https:\/\/whatsapp.com\/channel\/0029VaAakbx89ingOoeiTp40\" target=\"_blank\" rel=\"noopener\"><\/p>\n<p>Bizim WhatsApp kanal\u0131m\u0131za buradan abun\u0259 ola bil\u0259rsiniz<\/p>\n<p><\/a><\/p>\n<p>\u0130ordaniya \u0130sraill\u0259 m\u00f6vcud 3 s\u0259rh\u0259d qap\u0131s\u0131ndan 2-nin ba\u011flanmas\u0131na q\u0259rar verib.<\/p>\n<p>Buna s\u0259b\u0259b i\u015f\u011fal alt\u0131ndak\u0131 \u0130ordan \u00e7ay\u0131n\u0131n q\u0259rb sahilind\u0259 qar\u015f\u0131durmalar\u0131n v\u0259 g\u0259rginliyin artmas\u0131 olub.<\/p>\n<p>Bununla ba\u011fl\u0131 \u0130ordaniya Daxili \u0130\u015fl\u0259r Nazirliyinin \u0130ctimai T\u0259hl\u00fck\u0259sizlik \u0130dar\u0259si a\u00e7\u0131qlama verib.<\/p>\n<p>A\u00e7\u0131qlamada bildirilib ki, sad\u0259c\u0259 1000 n\u0259f\u0259rin ke\u00e7m\u0259sin\u0259 icaz\u0259 verildikd\u0259n sonra \u0130ctimai T\u0259hl\u00fck\u0259sizlik \u0130dar\u0259si t\u0259r\u0259find\u0259n s\u0259rni\u015fin v\u0259 y\u00fck da\u015f\u0131malar\u0131 \u00fc\u00e7\u00fcn istifad\u0259 edil\u0259n Kral H\u00fcseyn k\u00f6rp\u00fcs\u00fc, h\u0259m\u00e7inin s\u0259rh\u0259d qap\u0131s\u0131 ba\u011flan\u0131b.<\/p>\n<p>A\u00e7\u0131qlamada\u00a0Vadi Araba s\u0259rh\u0259d qap\u0131s\u0131n\u0131n normal \u015f\u0259raitd\u0259 f\u0259aliyy\u0259tini davam etdir\u0259c\u0259yi qeyd edilib.<\/p>\n<p>Xat\u0131rladaq ki, daha \u0259vv\u0259l \u0130ordaniya F\u0259l\u0259stin \u0259razisind\u0259 artan qar\u015f\u0131durma v\u0259 g\u0259rginlik s\u0259b\u0259bind\u0259n Kral H\u00fcseyn s\u0259rh\u0259d qap\u0131s\u0131n\u0131n m\u00fc\u0259yy\u0259n saatlarda f\u0259aliyy\u0259t g\u00f6st\u0259r\u0259c\u0259yini a\u00e7\u0131qlam\u0131\u015fd\u0131.<\/p>\n<p>Qeyd ed\u0259k ki, \u0130ordaniya v\u0259 \u0130srail aras\u0131nda \u015eeyx H\u00fcseyn, Kral H\u00fcseyn v\u0259 Vadi Araba olmaqla \u00fc\u00e7 s\u0259rh\u0259d qap\u0131s\u0131 var.<\/p>\n<p>M\u0259nb\u0259: Haber Global<\/p>\n<\/div>\n","protected":false},"excerpt":{"rendered":"<p>Bizim WhatsApp kanal\u0131m\u0131za buradan abun\u0259 ola bil\u0259rsiniz \u0130ordaniya \u0130sraill\u0259 m\u00f6vcud 3 s\u0259rh\u0259d qap\u0131s\u0131ndan 2-nin ba\u011flanmas\u0131na q\u0259rar verib. Buna s\u0259b\u0259b i\u015f\u011fal alt\u0131ndak\u0131 \u0130ordan \u00e7ay\u0131n\u0131n q\u0259rb sahilind\u0259 qar\u015f\u0131durmalar\u0131n v\u0259 g\u0259rginliyin artmas\u0131 olub. Bununla ba\u011fl\u0131 \u0130ordaniya Daxili \u0130\u015fl\u0259r Nazirliyinin \u0130ctimai T\u0259hl\u00fck\u0259sizlik \u0130dar\u0259si a\u00e7\u0131qlama verib. A\u00e7\u0131qlamada bildirilib ki, sad\u0259c\u0259 1000 n\u0259f\u0259rin ke\u00e7m\u0259sin\u0259 icaz\u0259 verildikd\u0259n sonra \u0130ctimai T\u0259hl\u00fck\u0259sizlik \u0130dar\u0259si t\u0259r\u0259find\u0259n &hellip;<\/p>\n","protected":false},"author":1,"featured_media":1575,"comment_status":"open","ping_status":"closed","sticky":false,"template":"","format":"standard","meta":{"footnotes":""},"categories":[9],"tags":[],"class_list":["post-1574","post","type-post","status-publish","format-standard","has-post-thumbnail","hentry","category-xeber"],"_links":{"self":[{"href":"https:\/\/millitv.net\/index.php?rest_route=\/wp\/v2\/posts\/1574","targetHints":{"allow":["GET"]}}],"collection":[{"href":"https:\/\/millitv.net\/index.php?rest_route=\/wp\/v2\/posts"}],"about":[{"href":"https:\/\/millitv.net\/index.php?rest_route=\/wp\/v2\/types\/post"}],"author":[{"embeddable":true,"href":"https:\/\/millitv.net\/index.php?rest_route=\/wp\/v2\/users\/1"}],"replies":[{"embeddable":true,"href":"https:\/\/millitv.net\/index.php?rest_route=%2Fwp%2Fv2%2Fcomments&post=1574"}],"version-history":[{"count":0,"href":"https:\/\/millitv.net\/index.php?rest_route=\/wp\/v2\/posts\/1574\/revisions"}],"wp:featuredmedia":[{"embeddable":true,"href":"https:\/\/millitv.net\/index.php?rest_route=\/wp\/v2\/media\/1575"}],"wp:attachment":[{"href":"https:\/\/millitv.net\/index.php?rest_route=%2Fwp%2Fv2%2Fmedia&parent=1574"}],"wp:term":[{"taxonomy":"category","embeddable":true,"href":"https:\/\/millitv.net\/index.php?rest_route=%2Fwp%2Fv2%2Fcategories&post=1574"},{"taxonomy":"post_tag","embeddable":true,"href":"https:\/\/millitv.net\/index.php?rest_route=%2Fwp%2Fv2%2Ftags&post=1574"}],"curies":[{"name":"wp","href":"https:\/\/api.w.org\/{rel}","templated":true}]}}