{"id":15585,"date":"2024-10-03T13:22:55","date_gmt":"2024-10-03T13:22:55","guid":{"rendered":"https:\/\/millitv.net\/?p=15585"},"modified":"2024-10-03T13:22:56","modified_gmt":"2024-10-03T13:22:56","slug":"qazil%C9%99rin-muavin%C9%99ti-bu-q%C9%99d%C9%99r-olacaq-em%C9%99khaqqi-artimi-is%C9%99-tarix-aciqlandi","status":"publish","type":"post","link":"https:\/\/millitv.net\/?p=15585","title":{"rendered":"Qazil\u0259rin m\u00fcavin\u0259ti bu q\u0259d\u0259r olacaq: \u018fm\u0259khaqq\u0131 art\u0131m\u0131 is\u0259&#8230; &#8211;\u00a0Tarix a\u00e7\u0131qland\u0131"},"content":{"rendered":"\n<p><strong>\u00d6lk\u0259 ba\u015f\u00e7\u0131s\u0131 parlamentin ilk iclas\u0131nda g\u0259l\u0259n il pensiya v\u0259 minimum \u0259m\u0259khaqqlar\u0131n\u0131n art\u0131r\u0131laca\u011f\u0131n\u0131 b\u0259yan etdi. Bu, olduqca m\u00fch\u00fcm q\u0259rard\u0131r. D\u00f6vl\u0259t b\u00fcdc\u0259si il\u0259 ba\u011fl\u0131 m\u0259s\u0259l\u0259l\u0259r m\u00fczakir\u0259 edil\u0259n zaman minimum \u0259m\u0259khaqq\u0131 da diqq\u0259td\u0259 olur. \u00c7\u00fcnki minimum \u0259m\u0259khaqq\u0131n\u0131n art\u0131r\u0131lmas\u0131 m\u00fc\u0259yy\u0259n sah\u0259l\u0259r\u0259 m\u00fcsb\u0259t t\u0259sir g\u00f6st\u0259rir.<\/strong><\/p>\n\n\n\n<p>Bunu&nbsp;<a target=\"_blank\" href=\"https:\/\/teleqraf.com\/\" rel=\"noreferrer noopener\">Teleqraf.com<\/a>-a iqtisad\u00e7\u0131 alim Vahid \u018fhm\u0259dov deyib.<\/p>\n\n\n\n<p>O qeyd edib ki, haz\u0131rda \u00f6lk\u0259d\u0259 minimum \u0259m\u0259khaqq\u0131 345 manatd\u0131r:<\/p>\n\n\n\n<p>\u201cG\u0259l\u0259n ild\u0259n is\u0259 bu sah\u0259d\u0259 hans\u0131 s\u0259viyy\u0259d\u0259 art\u0131m\u0131n olaca\u011f\u0131n\u0131 d\u0259qiq s\u00f6yl\u0259m\u0259k \u00e7\u0259tindir. Bu, Maliyy\u0259 Nazirliyinin hesablamalar\u0131ndan as\u0131l\u0131 olan m\u0259s\u0259l\u0259dir. Ona g\u00f6r\u0259 d\u0259, d\u00f6vl\u0259t b\u00fcdc\u0259si m\u00fczakir\u0259y\u0259 \u00e7\u0131xar\u0131lan zaman bu m\u0259s\u0259l\u0259y\u0259 m\u00fctl\u0259q bax\u0131lmal\u0131d\u0131r\u201d.<\/p>\n\n\n\n<p>\u0130qtisad\u00e7\u0131 hesab edir ki, dig\u0259r sosial m\u0259s\u0259l\u0259l\u0259rin d\u0259 h\u0259lli vacibdir:<\/p>\n\n\n\n<p>\u201c\u015e\u0259hid ail\u0259l\u0259ri v\u0259 qazil\u0259rin sosial durumuna diqq\u0259t yetirilm\u0259lidir. Yeni formala\u015fm\u0131\u015f Milli M\u0259clisin deputatlar\u0131n\u0131n bununla ba\u011fl\u0131 t\u0259klifl\u0259ri var. Hesablamalar apar\u0131ld\u0131qdan, d\u00f6vl\u0259t b\u00fcdc\u0259sinin g\u0259lir v\u0259 x\u0259rcl\u0259ri m\u00fc\u0259yy\u0259n edildikd\u0259n sonra art\u0131m\u0131n n\u0259 q\u0259d\u0259r olaca\u011f\u0131 d\u0259qiq bilin\u0259c\u0259k\u201d.<\/p>\n\n\n\n<p>Vahid \u018fhm\u0259dova g\u00f6r\u0259, qazil\u0259r\u0259 veril\u0259n 80 manat\u0131n art\u0131r\u0131lmas\u0131 \u0259sas m\u0259s\u0259l\u0259l\u0259rd\u0259n biridir:<\/p>\n\n\n\n<p>\u201cBurada say kifay\u0259t q\u0259d\u0259r \u00e7oxdur. Bu s\u00f6zs\u00fcz ki, b\u00f6y\u00fck v\u0259sait t\u0259l\u0259b edir. He\u00e7 olmasa 80 manat\u0131 bir q\u0259d\u0259r art\u0131r\u0131b 150 manat s\u0259viyy\u0259sind\u0259 saxlamaq laz\u0131md\u0131r. G\u00f6zl\u0259ntil\u0259r odur ki, b\u00fcdc\u0259 layih\u0259si \u00e7\u0259r\u00e7iv\u0259sind\u0259 bu m\u0259s\u0259l\u0259 d\u0259 m\u00fczakir\u0259 edil\u0259c\u0259k\u201d.<\/p>\n","protected":false},"excerpt":{"rendered":"<p>\u00d6lk\u0259 ba\u015f\u00e7\u0131s\u0131 parlamentin ilk iclas\u0131nda g\u0259l\u0259n il pensiya v\u0259 minimum \u0259m\u0259khaqqlar\u0131n\u0131n art\u0131r\u0131laca\u011f\u0131n\u0131 b\u0259yan etdi. Bu, olduqca m\u00fch\u00fcm q\u0259rard\u0131r. D\u00f6vl\u0259t b\u00fcdc\u0259si il\u0259 ba\u011fl\u0131 m\u0259s\u0259l\u0259l\u0259r m\u00fczakir\u0259 edil\u0259n zaman minimum \u0259m\u0259khaqq\u0131 da diqq\u0259td\u0259 olur. \u00c7\u00fcnki minimum \u0259m\u0259khaqq\u0131n\u0131n art\u0131r\u0131lmas\u0131 m\u00fc\u0259yy\u0259n sah\u0259l\u0259r\u0259 m\u00fcsb\u0259t t\u0259sir g\u00f6st\u0259rir. Bunu&nbsp;Teleqraf.com-a iqtisad\u00e7\u0131 alim Vahid \u018fhm\u0259dov deyib. O qeyd edib ki, haz\u0131rda \u00f6lk\u0259d\u0259 minimum \u0259m\u0259khaqq\u0131 345 &hellip;<\/p>\n","protected":false},"author":1,"featured_media":15586,"comment_status":"open","ping_status":"closed","sticky":false,"template":"","format":"standard","meta":{"footnotes":""},"categories":[3],"tags":[],"class_list":["post-15585","post","type-post","status-publish","format-standard","has-post-thumbnail","hentry","category-olke"],"_links":{"self":[{"href":"https:\/\/millitv.net\/index.php?rest_route=\/wp\/v2\/posts\/15585","targetHints":{"allow":["GET"]}}],"collection":[{"href":"https:\/\/millitv.net\/index.php?rest_route=\/wp\/v2\/posts"}],"about":[{"href":"https:\/\/millitv.net\/index.php?rest_route=\/wp\/v2\/types\/post"}],"author":[{"embeddable":true,"href":"https:\/\/millitv.net\/index.php?rest_route=\/wp\/v2\/users\/1"}],"replies":[{"embeddable":true,"href":"https:\/\/millitv.net\/index.php?rest_route=%2Fwp%2Fv2%2Fcomments&post=15585"}],"version-history":[{"count":1,"href":"https:\/\/millitv.net\/index.php?rest_route=\/wp\/v2\/posts\/15585\/revisions"}],"predecessor-version":[{"id":15587,"href":"https:\/\/millitv.net\/index.php?rest_route=\/wp\/v2\/posts\/15585\/revisions\/15587"}],"wp:featuredmedia":[{"embeddable":true,"href":"https:\/\/millitv.net\/index.php?rest_route=\/wp\/v2\/media\/15586"}],"wp:attachment":[{"href":"https:\/\/millitv.net\/index.php?rest_route=%2Fwp%2Fv2%2Fmedia&parent=15585"}],"wp:term":[{"taxonomy":"category","embeddable":true,"href":"https:\/\/millitv.net\/index.php?rest_route=%2Fwp%2Fv2%2Fcategories&post=15585"},{"taxonomy":"post_tag","embeddable":true,"href":"https:\/\/millitv.net\/index.php?rest_route=%2Fwp%2Fv2%2Ftags&post=15585"}],"curies":[{"name":"wp","href":"https:\/\/api.w.org\/{rel}","templated":true}]}}