{"id":15499,"date":"2024-09-30T13:09:48","date_gmt":"2024-09-30T13:09:48","guid":{"rendered":"https:\/\/millitv.net\/?p=15499"},"modified":"2024-09-30T13:09:50","modified_gmt":"2024-09-30T13:09:50","slug":"em%C9%99kdar-artist-govh%C9%99r-rzayeva-n%C9%99v%C9%99sini-efir%C9%99-g%C9%99tirdi-22-yasi-var-ist%C9%99yir%C9%99m-ki","status":"publish","type":"post","link":"https:\/\/millitv.net\/?p=15499","title":{"rendered":"\u018fm\u0259kdar artist G\u00f6vh\u0259r Rzayeva n\u0259v\u0259sini efir\u0259 g\u0259tirdi: 22 ya\u015f\u0131 var, ist\u0259yir\u0259m ki&#8230;"},"content":{"rendered":"\n<p><strong>\u018fm\u0259kdar artist G\u00f6vh\u0259r Rzayeva bu d\u0259f\u0259 n\u0259v\u0259si il\u0259 efir\u0259 \u00e7\u0131x\u0131b.<\/strong><\/p>\n\n\n\n<p>Millitv.net\u00a0ax\u015fam.az-a istinad\u0259n bildirir ki, qarmon ifa\u00e7\u0131s\u0131 n\u0259v\u0259sini &#8220;Elgizl\u0259 izl\u0259&#8221; proqram\u0131na g\u0259tir\u0259r\u0259k apar\u0131c\u0131 olmas\u0131n\u0131 ist\u0259diyini bildirib.<\/p>\n\n\n\n<p>&#8220;22 ya\u015f\u0131m var, ikinci t\u0259hsilimi al\u0131ram. Evd\u0259kil\u0259r dedi ki, get efir\u0259 v\u0259 \u00f6z\u00fcn\u00fc apar\u0131c\u0131 kimi s\u0131na&#8221; dey\u0259, musiqi\u00e7inin n\u0259v\u0259si bildirib.<\/p>\n","protected":false},"excerpt":{"rendered":"<p>\u018fm\u0259kdar artist G\u00f6vh\u0259r Rzayeva bu d\u0259f\u0259 n\u0259v\u0259si il\u0259 efir\u0259 \u00e7\u0131x\u0131b. Millitv.net\u00a0ax\u015fam.az-a istinad\u0259n bildirir ki, qarmon ifa\u00e7\u0131s\u0131 n\u0259v\u0259sini &#8220;Elgizl\u0259 izl\u0259&#8221; proqram\u0131na g\u0259tir\u0259r\u0259k apar\u0131c\u0131 olmas\u0131n\u0131 ist\u0259diyini bildirib. &#8220;22 ya\u015f\u0131m var, ikinci t\u0259hsilimi al\u0131ram. Evd\u0259kil\u0259r dedi ki, get efir\u0259 v\u0259 \u00f6z\u00fcn\u00fc apar\u0131c\u0131 kimi s\u0131na&#8221; dey\u0259, musiqi\u00e7inin n\u0259v\u0259si bildirib.<\/p>\n","protected":false},"author":1,"featured_media":15500,"comment_status":"open","ping_status":"closed","sticky":false,"template":"","format":"standard","meta":{"footnotes":""},"categories":[6,3],"tags":[],"class_list":["post-15499","post","type-post","status-publish","format-standard","has-post-thumbnail","hentry","category-maqazin","category-olke"],"_links":{"self":[{"href":"https:\/\/millitv.net\/index.php?rest_route=\/wp\/v2\/posts\/15499","targetHints":{"allow":["GET"]}}],"collection":[{"href":"https:\/\/millitv.net\/index.php?rest_route=\/wp\/v2\/posts"}],"about":[{"href":"https:\/\/millitv.net\/index.php?rest_route=\/wp\/v2\/types\/post"}],"author":[{"embeddable":true,"href":"https:\/\/millitv.net\/index.php?rest_route=\/wp\/v2\/users\/1"}],"replies":[{"embeddable":true,"href":"https:\/\/millitv.net\/index.php?rest_route=%2Fwp%2Fv2%2Fcomments&post=15499"}],"version-history":[{"count":1,"href":"https:\/\/millitv.net\/index.php?rest_route=\/wp\/v2\/posts\/15499\/revisions"}],"predecessor-version":[{"id":15501,"href":"https:\/\/millitv.net\/index.php?rest_route=\/wp\/v2\/posts\/15499\/revisions\/15501"}],"wp:featuredmedia":[{"embeddable":true,"href":"https:\/\/millitv.net\/index.php?rest_route=\/wp\/v2\/media\/15500"}],"wp:attachment":[{"href":"https:\/\/millitv.net\/index.php?rest_route=%2Fwp%2Fv2%2Fmedia&parent=15499"}],"wp:term":[{"taxonomy":"category","embeddable":true,"href":"https:\/\/millitv.net\/index.php?rest_route=%2Fwp%2Fv2%2Fcategories&post=15499"},{"taxonomy":"post_tag","embeddable":true,"href":"https:\/\/millitv.net\/index.php?rest_route=%2Fwp%2Fv2%2Ftags&post=15499"}],"curies":[{"name":"wp","href":"https:\/\/api.w.org\/{rel}","templated":true}]}}