{"id":1548,"date":"2023-10-13T20:19:45","date_gmt":"2023-10-13T20:19:45","guid":{"rendered":"https:\/\/millinews.az\/xeber\/oxu-az-reutersin-%C9%99m%C9%99kdasi-livanda-atisma-zamani-h%C9%99lak-oldu\/"},"modified":"2023-10-13T20:19:45","modified_gmt":"2023-10-13T20:19:45","slug":"oxu-az-reutersin-%C9%99m%C9%99kdasi-livanda-atisma-zamani-h%C9%99lak-oldu","status":"publish","type":"post","link":"https:\/\/millitv.net\/?p=1548","title":{"rendered":"Millinews.az &#8211; \u201cReuters\u201din \u0259m\u0259kda\u015f\u0131 Livanda at\u0131\u015fma zaman\u0131 h\u0259lak oldu"},"content":{"rendered":"<p><img decoding=\"async\" src=\"https:\/\/cdn.oxu.az\/uploads\/W1siZiIsIjIwMjMvMTAvMTMvMjMvNDUvMzQvODQ4OTMzYzItODU4Yy00NDBjLTk3MzQtZmE4ZWM1ZjExYjIyL0ZvdG9KZXQgLSAyMDIzLTEwLTEzVDIzNDUyNi4zNjUuanBnIl0sWyJwIiwiZW5jb2RlIiwianBnIiwiLXF1YWxpdHkgODAiXSxbInAiLCJ0aHVtYiIsIjYyMHg0NjVcdTAwM2UiXV0?sha=6873821d933a06a8\" alt=\"\" title=\"\"><\/p>\n<div><a class=\"subs-in-social subs-whatsapp\" href=\"https:\/\/whatsapp.com\/channel\/0029VaAakbx89ingOoeiTp40\" target=\"_blank\" rel=\"noopener\"><\/p>\n<p>Bizim WhatsApp kanal\u0131m\u0131za buradan abun\u0259 ola bil\u0259rsiniz<\/p>\n<p><\/a><\/p>\n<p>M\u0259\u015fhur \u201cReuters\u201d x\u0259b\u0259r agentliyinin videooperatoru \u0130ssam Abdalla Livan\u0131n c\u0259nubunda at\u0131\u015fma n\u0259tic\u0259sind\u0259 h\u0259lak olub.<\/p>\n<p>Bu bar\u0259d\u0259 agentliyin verdiyi b\u0259yanatda bildirilib.<\/p>\n<p>\u201cVideooperatorumuz \u0130ssam Abdallan\u0131n \u00f6ld\u00fcy\u00fcn\u00fc \u00f6yr\u0259nm\u0259k bizi \u00e7ox k\u0259d\u0259rl\u0259ndirdi. Biz t\u0259cili olaraq \u0259lav\u0259 m\u0259lumat \u0259ld\u0259 etm\u0259y\u0259 \u00e7al\u0131\u015f\u0131r\u0131q, regional hakimiyy\u0259t orqanlar\u0131 il\u0259 i\u015fl\u0259yirik v\u0259 \u0130ssam\u0131n ail\u0259sini, h\u0259mkarlar\u0131n\u0131 d\u0259st\u0259yimizi ifad\u0259 edirik\u201d, &#8211; dey\u0259 b\u0259yanatda qeyd edilib.<\/p>\n<p>Bildirilib ki, \u0130ssam Abdalla Livan\u0131n c\u0259nubunda canl\u0131 videoyay\u0131m\u0131 h\u0259yata ke\u00e7ir\u0259n \u201cReuters\u201din \u00e7\u0259kili\u015f qrupunun t\u0259rkibind\u0259 olub.<\/p>\n<p>\u201c\u018fl-C\u0259zir\u0259\u201d telekanal\u0131 x\u0259b\u0259r yay\u0131b ki, Livan\u0131n c\u0259nubunda \u0130srail\u00a0t\u0259r\u0259find\u0259n a\u00e7\u0131lan at\u0259\u015f n\u0259tic\u0259sind\u0259 az\u0131 bir jurnalist h\u0259lak olub, \u00fc\u00e7\u00fc is\u0259 yaralan\u0131b.<\/p>\n<p>Telekanal\u0131n m\u0259lumat\u0131na\u00a0g\u00f6r\u0259, \u201c\u018fl-C\u0259zir\u0259\u201d, \u201cReuters\u201d v\u0259 AFP-nin jurnalistl\u0259ri tank at\u0259\u015fin\u0259 m\u0259ruz qal\u0131blar. Yaral\u0131lar aras\u0131nda \u201c\u018fl-C\u0259zir\u0259\u201dnin m\u00fcxbiri Karmen Cuhadar v\u0259 operatoru Eli Brakya da var.<\/p>\n<p><iframe loading=\"lazy\" allowfullscreen=\"\" frameborder=\"0\" height=\"315\" src=\"https:\/\/baku.tv\/embed\/102706\" width=\"560\"><\/iframe><\/p>\n<p>M\u0259nb\u0259: Meduza<\/p>\n<\/div>\n","protected":false},"excerpt":{"rendered":"<p>Bizim WhatsApp kanal\u0131m\u0131za buradan abun\u0259 ola bil\u0259rsiniz M\u0259\u015fhur \u201cReuters\u201d x\u0259b\u0259r agentliyinin videooperatoru \u0130ssam Abdalla Livan\u0131n c\u0259nubunda at\u0131\u015fma n\u0259tic\u0259sind\u0259 h\u0259lak olub. Bu bar\u0259d\u0259 agentliyin verdiyi b\u0259yanatda bildirilib. \u201cVideooperatorumuz \u0130ssam Abdallan\u0131n \u00f6ld\u00fcy\u00fcn\u00fc \u00f6yr\u0259nm\u0259k bizi \u00e7ox k\u0259d\u0259rl\u0259ndirdi. Biz t\u0259cili olaraq \u0259lav\u0259 m\u0259lumat \u0259ld\u0259 etm\u0259y\u0259 \u00e7al\u0131\u015f\u0131r\u0131q, regional hakimiyy\u0259t orqanlar\u0131 il\u0259 i\u015fl\u0259yirik v\u0259 \u0130ssam\u0131n ail\u0259sini, h\u0259mkarlar\u0131n\u0131 d\u0259st\u0259yimizi ifad\u0259 edirik\u201d, &#8211; &hellip;<\/p>\n","protected":false},"author":1,"featured_media":1549,"comment_status":"open","ping_status":"closed","sticky":false,"template":"","format":"standard","meta":{"footnotes":""},"categories":[9],"tags":[],"class_list":["post-1548","post","type-post","status-publish","format-standard","has-post-thumbnail","hentry","category-xeber"],"_links":{"self":[{"href":"https:\/\/millitv.net\/index.php?rest_route=\/wp\/v2\/posts\/1548","targetHints":{"allow":["GET"]}}],"collection":[{"href":"https:\/\/millitv.net\/index.php?rest_route=\/wp\/v2\/posts"}],"about":[{"href":"https:\/\/millitv.net\/index.php?rest_route=\/wp\/v2\/types\/post"}],"author":[{"embeddable":true,"href":"https:\/\/millitv.net\/index.php?rest_route=\/wp\/v2\/users\/1"}],"replies":[{"embeddable":true,"href":"https:\/\/millitv.net\/index.php?rest_route=%2Fwp%2Fv2%2Fcomments&post=1548"}],"version-history":[{"count":0,"href":"https:\/\/millitv.net\/index.php?rest_route=\/wp\/v2\/posts\/1548\/revisions"}],"wp:featuredmedia":[{"embeddable":true,"href":"https:\/\/millitv.net\/index.php?rest_route=\/wp\/v2\/media\/1549"}],"wp:attachment":[{"href":"https:\/\/millitv.net\/index.php?rest_route=%2Fwp%2Fv2%2Fmedia&parent=1548"}],"wp:term":[{"taxonomy":"category","embeddable":true,"href":"https:\/\/millitv.net\/index.php?rest_route=%2Fwp%2Fv2%2Fcategories&post=1548"},{"taxonomy":"post_tag","embeddable":true,"href":"https:\/\/millitv.net\/index.php?rest_route=%2Fwp%2Fv2%2Ftags&post=1548"}],"curies":[{"name":"wp","href":"https:\/\/api.w.org\/{rel}","templated":true}]}}