{"id":15475,"date":"2024-09-27T14:49:45","date_gmt":"2024-09-27T14:49:45","guid":{"rendered":"https:\/\/millitv.net\/?p=15475"},"modified":"2024-09-27T14:49:46","modified_gmt":"2024-09-27T14:49:46","slug":"bu-taninmis-aktyor-namiq-qaracuxurlunun-qardasidir-video","status":"publish","type":"post","link":"https:\/\/millitv.net\/?p=15475","title":{"rendered":"Bu tan\u0131nm\u0131\u015f aktyor Namiq Qara\u00e7uxurlunun qarda\u015f\u0131d\u0131r &#8211; V\u0130DEO"},"content":{"rendered":"\n<p><strong>Aktyor Anar \u015e\u00fck\u00fcrov tan\u0131nm\u0131\u015f meyxana\u00e7\u0131 Namiq Qara\u00e7uxurlunun qarda\u015f\u0131 imi\u015f.<\/strong><\/p>\n\n\n\n<p>Bu bar\u0259d\u0259 &#8220;X\u0259z\u0259r ax\u015fam\u0131&#8221; verili\u015find\u0259 a\u00e7\u0131qlama verilib. Anar \u015e\u00fck\u00fcrov &#8220;X\u0259z\u0259r ax\u015fam\u0131&#8221; verili\u015find\u0259 meyxana\u00e7\u0131n\u0131n ona verdiyi d\u0259st\u0259kd\u0259n dan\u0131\u015f\u0131b. O bildirib ki, \u0259vv\u0259ll\u0259r meyxana dem\u0259y\u0259 c\u0259hd ets\u0259 d\u0259, bu onda al\u0131nmay\u0131b.<\/p>\n\n\n\n<figure class=\"wp-block-embed is-type-video is-provider-youtube wp-block-embed-youtube wp-embed-aspect-16-9 wp-has-aspect-ratio\"><div class=\"wp-block-embed__wrapper\">\n<iframe loading=\"lazy\" title=\"Tan\u0131nm\u0131\u015f Aktyorun Namiq Qara\u00e7uxurlunun Qarda\u015f\u0131 Oldu\u011funu Bilirdinizmi?\" width=\"500\" height=\"281\" src=\"https:\/\/www.youtube.com\/embed\/806WMpsVoq4?feature=oembed\" frameborder=\"0\" allow=\"accelerometer; autoplay; clipboard-write; encrypted-media; gyroscope; picture-in-picture; web-share\" referrerpolicy=\"strict-origin-when-cross-origin\" allowfullscreen><\/iframe>\n<\/div><\/figure>\n","protected":false},"excerpt":{"rendered":"<p>Aktyor Anar \u015e\u00fck\u00fcrov tan\u0131nm\u0131\u015f meyxana\u00e7\u0131 Namiq Qara\u00e7uxurlunun qarda\u015f\u0131 imi\u015f. Bu bar\u0259d\u0259 &#8220;X\u0259z\u0259r ax\u015fam\u0131&#8221; verili\u015find\u0259 a\u00e7\u0131qlama verilib. Anar \u015e\u00fck\u00fcrov &#8220;X\u0259z\u0259r ax\u015fam\u0131&#8221; verili\u015find\u0259 meyxana\u00e7\u0131n\u0131n ona verdiyi d\u0259st\u0259kd\u0259n dan\u0131\u015f\u0131b. O bildirib ki, \u0259vv\u0259ll\u0259r meyxana dem\u0259y\u0259 c\u0259hd ets\u0259 d\u0259, bu onda al\u0131nmay\u0131b.<\/p>\n","protected":false},"author":1,"featured_media":15477,"comment_status":"open","ping_status":"closed","sticky":false,"template":"","format":"standard","meta":{"footnotes":""},"categories":[6,3],"tags":[],"class_list":["post-15475","post","type-post","status-publish","format-standard","has-post-thumbnail","hentry","category-maqazin","category-olke"],"_links":{"self":[{"href":"https:\/\/millitv.net\/index.php?rest_route=\/wp\/v2\/posts\/15475","targetHints":{"allow":["GET"]}}],"collection":[{"href":"https:\/\/millitv.net\/index.php?rest_route=\/wp\/v2\/posts"}],"about":[{"href":"https:\/\/millitv.net\/index.php?rest_route=\/wp\/v2\/types\/post"}],"author":[{"embeddable":true,"href":"https:\/\/millitv.net\/index.php?rest_route=\/wp\/v2\/users\/1"}],"replies":[{"embeddable":true,"href":"https:\/\/millitv.net\/index.php?rest_route=%2Fwp%2Fv2%2Fcomments&post=15475"}],"version-history":[{"count":1,"href":"https:\/\/millitv.net\/index.php?rest_route=\/wp\/v2\/posts\/15475\/revisions"}],"predecessor-version":[{"id":15478,"href":"https:\/\/millitv.net\/index.php?rest_route=\/wp\/v2\/posts\/15475\/revisions\/15478"}],"wp:featuredmedia":[{"embeddable":true,"href":"https:\/\/millitv.net\/index.php?rest_route=\/wp\/v2\/media\/15477"}],"wp:attachment":[{"href":"https:\/\/millitv.net\/index.php?rest_route=%2Fwp%2Fv2%2Fmedia&parent=15475"}],"wp:term":[{"taxonomy":"category","embeddable":true,"href":"https:\/\/millitv.net\/index.php?rest_route=%2Fwp%2Fv2%2Fcategories&post=15475"},{"taxonomy":"post_tag","embeddable":true,"href":"https:\/\/millitv.net\/index.php?rest_route=%2Fwp%2Fv2%2Ftags&post=15475"}],"curies":[{"name":"wp","href":"https:\/\/api.w.org\/{rel}","templated":true}]}}