{"id":15430,"date":"2024-09-26T14:44:41","date_gmt":"2024-09-26T14:44:41","guid":{"rendered":"https:\/\/millitv.net\/?p=15430"},"modified":"2024-09-26T14:44:43","modified_gmt":"2024-09-26T14:44:43","slug":"3-cu-d%C9%99f%C9%99-evl%C9%99n%C9%99n-bloger-aysel-sukurun-yeni-mulku-video","status":"publish","type":"post","link":"https:\/\/millitv.net\/?p=15430","title":{"rendered":"3-c\u00fc d\u0259f\u0259 evl\u0259n\u0259n bloger Aysel \u015e\u00fck\u00fcr\u00fcn yeni m\u00fclk\u00fc &#8211; V\u0130DEO"},"content":{"rendered":"\n<p><strong>Bloger Aysel \u015e\u00fck\u00fcr yeni ev al\u0131b.<\/strong><\/p>\n\n\n\n<p>Bununla ba\u011fl\u0131 influenser sosial \u015f\u0259b\u0259k\u0259 hesab\u0131nda m\u0259lumat yay\u0131b.<\/p>\n\n\n\n<p><strong>Geni\u015f h\u0259y\u0259ti v\u0259 hovuzu olan yeni evinin g\u00f6r\u00fcnt\u00fcl\u0259rini izl\u0259yicil\u0259ri il\u0259 b\u00f6l\u00fc\u015f\u0259n Aysel bu m\u00fclkd\u0259n raz\u0131 qalmas\u0131n\u0131 dil\u0259 g\u0259tirib.<\/strong><\/p>\n\n\n\n<p>Xat\u0131rladaq ki, Aysel aylar \u0259vv\u0259l Kapadokiyada \u00fc\u00e7\u00fcnc\u00fc d\u0259f\u0259 ail\u0259 qurub.&nbsp;<\/p>\n\n\n\n<p>Qeyd ed\u0259k ki, A.\u015e\u00fck\u00fcr ilk \u0259ri El\u015f\u0259n \u018fsg\u0259rlid\u0259n qalmaqall\u0131 \u015f\u0259kild\u0259 ayr\u0131l\u0131b. O, daha sonra Oqtay \u018fhm\u0259dovla ail\u0259 qurub. Ayselin ilk nikahdan bir, ikinci evliliyind\u0259n is\u0259 iki o\u011ful \u00f6vlad\u0131 var.<\/p>\n\n\n\n<p>Aysel ke\u00e7mi\u015f Bak\u0131 Lift T\u0259mir \u0130stehsalat Birliyinin ba\u015f direktoru Q\u00fcdr\u0259t \u015e\u00fck\u00fcrovun q\u0131z\u0131d\u0131r.\u00a0\/\/Olay.az<\/p>\n\n\n\n<p><a href=\"https:\/\/ok.ru\/videoembed\/7461198367241\u00a0\" target=\"_blank\" rel=\"noopener\">https:\/\/ok.ru\/videoembed\/7461198367241\u00a0<\/a><\/p>\n\n\n\n<figure class=\"wp-block-image\"><img decoding=\"async\" src=\"https:\/\/olay.az\/uploads\/posts\/2024-09\/savevid_net_461316934_18361332520115606_4443062043974630726_n.webp\" alt=\"\" title=\"\"><\/figure>\n","protected":false},"excerpt":{"rendered":"<p>Bloger Aysel \u015e\u00fck\u00fcr yeni ev al\u0131b. Bununla ba\u011fl\u0131 influenser sosial \u015f\u0259b\u0259k\u0259 hesab\u0131nda m\u0259lumat yay\u0131b. Geni\u015f h\u0259y\u0259ti v\u0259 hovuzu olan yeni evinin g\u00f6r\u00fcnt\u00fcl\u0259rini izl\u0259yicil\u0259ri il\u0259 b\u00f6l\u00fc\u015f\u0259n Aysel bu m\u00fclkd\u0259n raz\u0131 qalmas\u0131n\u0131 dil\u0259 g\u0259tirib. Xat\u0131rladaq ki, Aysel aylar \u0259vv\u0259l Kapadokiyada \u00fc\u00e7\u00fcnc\u00fc d\u0259f\u0259 ail\u0259 qurub.&nbsp; Qeyd ed\u0259k ki, A.\u015e\u00fck\u00fcr ilk \u0259ri El\u015f\u0259n \u018fsg\u0259rlid\u0259n qalmaqall\u0131 \u015f\u0259kild\u0259 ayr\u0131l\u0131b. O, daha &hellip;<\/p>\n","protected":false},"author":1,"featured_media":15431,"comment_status":"open","ping_status":"closed","sticky":false,"template":"","format":"standard","meta":{"footnotes":""},"categories":[6,3],"tags":[],"class_list":["post-15430","post","type-post","status-publish","format-standard","has-post-thumbnail","hentry","category-maqazin","category-olke"],"_links":{"self":[{"href":"https:\/\/millitv.net\/index.php?rest_route=\/wp\/v2\/posts\/15430","targetHints":{"allow":["GET"]}}],"collection":[{"href":"https:\/\/millitv.net\/index.php?rest_route=\/wp\/v2\/posts"}],"about":[{"href":"https:\/\/millitv.net\/index.php?rest_route=\/wp\/v2\/types\/post"}],"author":[{"embeddable":true,"href":"https:\/\/millitv.net\/index.php?rest_route=\/wp\/v2\/users\/1"}],"replies":[{"embeddable":true,"href":"https:\/\/millitv.net\/index.php?rest_route=%2Fwp%2Fv2%2Fcomments&post=15430"}],"version-history":[{"count":1,"href":"https:\/\/millitv.net\/index.php?rest_route=\/wp\/v2\/posts\/15430\/revisions"}],"predecessor-version":[{"id":15432,"href":"https:\/\/millitv.net\/index.php?rest_route=\/wp\/v2\/posts\/15430\/revisions\/15432"}],"wp:featuredmedia":[{"embeddable":true,"href":"https:\/\/millitv.net\/index.php?rest_route=\/wp\/v2\/media\/15431"}],"wp:attachment":[{"href":"https:\/\/millitv.net\/index.php?rest_route=%2Fwp%2Fv2%2Fmedia&parent=15430"}],"wp:term":[{"taxonomy":"category","embeddable":true,"href":"https:\/\/millitv.net\/index.php?rest_route=%2Fwp%2Fv2%2Fcategories&post=15430"},{"taxonomy":"post_tag","embeddable":true,"href":"https:\/\/millitv.net\/index.php?rest_route=%2Fwp%2Fv2%2Ftags&post=15430"}],"curies":[{"name":"wp","href":"https:\/\/api.w.org\/{rel}","templated":true}]}}