{"id":1543,"date":"2023-10-13T20:03:53","date_gmt":"2023-10-13T20:03:53","guid":{"rendered":"https:\/\/millinews.az\/xeber\/oxu-az-uc-il-%C9%99vv%C9%99l-isgaldan-azad-edil%C9%99n-%C9%99razil%C9%99r\/"},"modified":"2023-10-13T20:03:53","modified_gmt":"2023-10-13T20:03:53","slug":"oxu-az-uc-il-%C9%99vv%C9%99l-isgaldan-azad-edil%C9%99n-%C9%99razil%C9%99r","status":"publish","type":"post","link":"https:\/\/millitv.net\/?p=1543","title":{"rendered":"Millinews.az &#8211; \u00dc\u00e7 il \u0259vv\u0259l i\u015f\u011faldan azad edil\u0259n \u0259razil\u0259r"},"content":{"rendered":"<p><img decoding=\"async\" src=\"https:\/\/cdn.oxu.az\/uploads\/W1siZiIsIjIwMjMvMTAvMTMvMTYvNTMvNTkvNDIxYTE0MzUtMWFiOS00NjY0LTlmYWUtYWRlYWFhNThiZDE3LzM4Njg4NTA3MF8xNDAzNTc4Njc3MTY4ODY1XzI5ODM3Mzc4MTI3MTMxNjUzMzFfbi5qcGciXSxbInAiLCJlbmNvZGUiLCJqcGciLCItcXVhbGl0eSA4MCJdLFsicCIsInRodW1iIiwiNjIweDQ2NVx1MDAzZSJdXQ?sha=08ca5d357875f5b5\" alt=\"\" title=\"\"><\/p>\n<div><a class=\"subs-in-social subs-whatsapp\" href=\"https:\/\/whatsapp.com\/channel\/0029VaAakbx89ingOoeiTp40\" target=\"_blank\" rel=\"noopener\"><\/p>\n<p>Bizim WhatsApp kanal\u0131m\u0131za buradan abun\u0259 ola bil\u0259rsiniz<\/p>\n<p><\/a><\/p>\n<p>\u00dc\u00e7 il bundan \u00f6nc\u0259 m\u0259hz bu g\u00fcn m\u00fcz\u0259ff\u0259r ordumuz F\u00fczuli v\u0259 Xocav\u0259nd\u00a0rayonlar\u0131\u00a0istiqam\u0259tl\u0259rind\u0259 bir s\u0131ra u\u011furlar qazan\u0131b.<\/p>\n<p><strong>Oxu.Az<\/strong>\u00a0xat\u0131rlad\u0131r ki,\u00a0Az\u0259rbaycan Ordusu h\u0259min g\u00fcn F\u00fczuli rayonunun Qarada\u011fl\u0131, Xat\u0131nbulaq, Qarakollu k\u0259ndl\u0259rini d\u00fc\u015fm\u0259n tapda\u011f\u0131ndan azad edib.\u00a0<\/p>\n<p>Eyni g\u00fcnd\u0259 Xocav\u0259nd rayonunun be\u015f k\u0259ndi d\u0259 Erm\u0259nistan i\u015f\u011fal\u00e7\u0131lar\u0131ndan t\u0259mizl\u0259nib.<\/p>\n<p>H\u0259min k\u0259ndl\u0259r bunlard\u0131r: Bulutan, M\u0259likcanl\u0131, Q\u0131rm\u0131z\u0131qaya, Da\u011fd\u00f6\u015f\u00fc, Ta\u011faser k\u0259ndl\u0259ri.<\/p>\n<p>Bildir\u0259k ki, Prezident q\u0259l\u0259b\u0259 sevincini \u201ctweet\u201d ataraq da xalqla b\u00f6l\u00fc\u015fm\u00fc\u015fd\u00fc.<\/p>\n<p><iframe loading=\"lazy\" allow=\"autoplay; encrypted-media\" allowfullscreen=\"\" frameborder=\"0\" height=\"315\" src=\"https:\/\/baku.tv\/embed\/102696?fbclid=IwAR02ODsURJtZHYP4AkEMkr0H8Q2WOZ_TsKGxLPQ1Y3b3fm6irYbLxgMy3TI\" width=\"560\"><\/iframe><\/p>\n<\/div>\n","protected":false},"excerpt":{"rendered":"<p>Bizim WhatsApp kanal\u0131m\u0131za buradan abun\u0259 ola bil\u0259rsiniz \u00dc\u00e7 il bundan \u00f6nc\u0259 m\u0259hz bu g\u00fcn m\u00fcz\u0259ff\u0259r ordumuz F\u00fczuli v\u0259 Xocav\u0259nd\u00a0rayonlar\u0131\u00a0istiqam\u0259tl\u0259rind\u0259 bir s\u0131ra u\u011furlar qazan\u0131b. Oxu.Az\u00a0xat\u0131rlad\u0131r ki,\u00a0Az\u0259rbaycan Ordusu h\u0259min g\u00fcn F\u00fczuli rayonunun Qarada\u011fl\u0131, Xat\u0131nbulaq, Qarakollu k\u0259ndl\u0259rini d\u00fc\u015fm\u0259n tapda\u011f\u0131ndan azad edib.\u00a0 Eyni g\u00fcnd\u0259 Xocav\u0259nd rayonunun be\u015f k\u0259ndi d\u0259 Erm\u0259nistan i\u015f\u011fal\u00e7\u0131lar\u0131ndan t\u0259mizl\u0259nib. H\u0259min k\u0259ndl\u0259r bunlard\u0131r: Bulutan, M\u0259likcanl\u0131, Q\u0131rm\u0131z\u0131qaya, Da\u011fd\u00f6\u015f\u00fc, &hellip;<\/p>\n","protected":false},"author":1,"featured_media":1544,"comment_status":"open","ping_status":"closed","sticky":false,"template":"","format":"standard","meta":{"footnotes":""},"categories":[9],"tags":[],"class_list":["post-1543","post","type-post","status-publish","format-standard","has-post-thumbnail","hentry","category-xeber"],"_links":{"self":[{"href":"https:\/\/millitv.net\/index.php?rest_route=\/wp\/v2\/posts\/1543","targetHints":{"allow":["GET"]}}],"collection":[{"href":"https:\/\/millitv.net\/index.php?rest_route=\/wp\/v2\/posts"}],"about":[{"href":"https:\/\/millitv.net\/index.php?rest_route=\/wp\/v2\/types\/post"}],"author":[{"embeddable":true,"href":"https:\/\/millitv.net\/index.php?rest_route=\/wp\/v2\/users\/1"}],"replies":[{"embeddable":true,"href":"https:\/\/millitv.net\/index.php?rest_route=%2Fwp%2Fv2%2Fcomments&post=1543"}],"version-history":[{"count":0,"href":"https:\/\/millitv.net\/index.php?rest_route=\/wp\/v2\/posts\/1543\/revisions"}],"wp:featuredmedia":[{"embeddable":true,"href":"https:\/\/millitv.net\/index.php?rest_route=\/wp\/v2\/media\/1544"}],"wp:attachment":[{"href":"https:\/\/millitv.net\/index.php?rest_route=%2Fwp%2Fv2%2Fmedia&parent=1543"}],"wp:term":[{"taxonomy":"category","embeddable":true,"href":"https:\/\/millitv.net\/index.php?rest_route=%2Fwp%2Fv2%2Fcategories&post=1543"},{"taxonomy":"post_tag","embeddable":true,"href":"https:\/\/millitv.net\/index.php?rest_route=%2Fwp%2Fv2%2Ftags&post=1543"}],"curies":[{"name":"wp","href":"https:\/\/api.w.org\/{rel}","templated":true}]}}